{"id":2011,"date":"2026-03-13T12:23:02","date_gmt":"2026-03-13T12:23:02","guid":{"rendered":"https:\/\/www.impulsoenergia.eu\/parque-solar-fotovoltaico-preguica-sao-nicolau\/"},"modified":"2026-03-13T12:44:53","modified_gmt":"2026-03-13T12:44:53","slug":"parque-solar-fotovoltaico-preguica-sao-nicolau","status":"publish","type":"post","link":"https:\/\/www.impulsoenergia.eu\/pt-pt\/parque-solar-fotovoltaico-preguica-sao-nicolau\/","title":{"rendered":"Ato de Inaugura\u00e7\u00e3o do Parque Solar Fotovoltaico de S\u00e3o Nicolau"},"content":{"rendered":"<h3 data-section-id=\"1fbf1ta\" data-start=\"232\" data-end=\"258\"><span style=\"color: #79b383;\">Levantamento medi\u00e1tico<\/span><\/h3>\n<h2><span style=\"color: #0c3b75;\">Inaugura\u00e7\u00e3o do Parque Solar Fotovoltaico de Pregui\u00e7a \u2013 S\u00e3o Nicolau<\/span><\/h2>\n<p><img loading=\"lazy\" decoding=\"async\" class=\"alignleft wp-image-1989 size-medium\" src=\"https:\/\/www.impulsoenergia.eu\/custom\/uploads\/2026\/03\/2-1-e1773404269491.png\" alt=\"O ato de inaugura\u00e7\u00e3o contou com a presen\u00e7a de representantes do Estado de Cabo Verde, entre eles o Primeiro-Ministro, Jos\u00e9 Ulisses Correia e Silva, e o Ministro da Ind\u00fastria, Com\u00e9rcio e Energia, que presidiram a cerim\u00f4nia oficial.\" width=\"300\" height=\"261\" srcset=\"https:\/\/www.impulsoenergia.eu\/custom\/uploads\/2026\/03\/2-1-e1773404269491.png 1200w, https:\/\/www.impulsoenergia.eu\/custom\/uploads\/2026\/03\/2-1-e1773404269491-300x261.png 300w, https:\/\/www.impulsoenergia.eu\/custom\/uploads\/2026\/03\/2-1-e1773404269491-1024x891.png 1024w, https:\/\/www.impulsoenergia.eu\/custom\/uploads\/2026\/03\/2-1-e1773404269491-768x668.png 768w\" sizes=\"auto, (max-width: 300px) 100vw, 300px\" \/> <img loading=\"lazy\" decoding=\"async\" class=\"alignleft wp-image-1993 size-medium\" src=\"https:\/\/www.impulsoenergia.eu\/custom\/uploads\/2026\/03\/4-e1773404250516.png\" alt=\"O ato de inaugura\u00e7\u00e3o contou com a presen\u00e7a de representantes do Estado de Cabo Verde, entre eles o Primeiro-Ministro, Jos\u00e9 Ulisses Correia e Silva, e o Ministro da Ind\u00fastria, Com\u00e9rcio e Energia, que presidiram a cerim\u00f4nia oficial.\" width=\"300\" height=\"262\" srcset=\"https:\/\/www.impulsoenergia.eu\/custom\/uploads\/2026\/03\/4-e1773404250516.png 1200w, https:\/\/www.impulsoenergia.eu\/custom\/uploads\/2026\/03\/4-e1773404250516-300x262.png 300w, https:\/\/www.impulsoenergia.eu\/custom\/uploads\/2026\/03\/4-e1773404250516-1024x893.png 1024w, https:\/\/www.impulsoenergia.eu\/custom\/uploads\/2026\/03\/4-e1773404250516-768x669.png 768w\" sizes=\"auto, (max-width: 300px) 100vw, 300px\" \/> <img loading=\"lazy\" decoding=\"async\" class=\"alignleft wp-image-1997 size-medium\" src=\"https:\/\/www.impulsoenergia.eu\/custom\/uploads\/2026\/03\/5-1-e1773404229463.png\" alt=\"O ato de inaugura\u00e7\u00e3o contou com a presen\u00e7a de representantes do Estado de Cabo Verde, entre eles o Primeiro-Ministro, Jos\u00e9 Ulisses Correia e Silva, e o Ministro da Ind\u00fastria, Com\u00e9rcio e Energia, que presidiram a cerim\u00f4nia oficial.\" width=\"300\" height=\"262\" srcset=\"https:\/\/www.impulsoenergia.eu\/custom\/uploads\/2026\/03\/5-1-e1773404229463.png 1200w, https:\/\/www.impulsoenergia.eu\/custom\/uploads\/2026\/03\/5-1-e1773404229463-300x262.png 300w, https:\/\/www.impulsoenergia.eu\/custom\/uploads\/2026\/03\/5-1-e1773404229463-1024x894.png 1024w, https:\/\/www.impulsoenergia.eu\/custom\/uploads\/2026\/03\/5-1-e1773404229463-768x671.png 768w\" sizes=\"auto, (max-width: 300px) 100vw, 300px\" \/> <img loading=\"lazy\" decoding=\"async\" class=\"alignleft wp-image-2001 size-medium\" src=\"https:\/\/www.impulsoenergia.eu\/custom\/uploads\/2026\/03\/9-e1773404205384.png\" alt=\"O ato de inaugura\u00e7\u00e3o contou com a presen\u00e7a de representantes do Estado de Cabo Verde, entre eles o Primeiro-Ministro, Jos\u00e9 Ulisses Correia e Silva, e o Ministro da Ind\u00fastria, Com\u00e9rcio e Energia, que presidiram a cerim\u00f4nia oficial.\" width=\"300\" height=\"262\" srcset=\"https:\/\/www.impulsoenergia.eu\/custom\/uploads\/2026\/03\/9-e1773404205384.png 1200w, https:\/\/www.impulsoenergia.eu\/custom\/uploads\/2026\/03\/9-e1773404205384-300x262.png 300w, https:\/\/www.impulsoenergia.eu\/custom\/uploads\/2026\/03\/9-e1773404205384-1024x893.png 1024w, https:\/\/www.impulsoenergia.eu\/custom\/uploads\/2026\/03\/9-e1773404205384-768x669.png 768w\" sizes=\"auto, (max-width: 300px) 100vw, 300px\" \/><\/p>\n<p>&nbsp;<\/p>\n<p>&nbsp;<\/p>\n<p>&nbsp;<\/p>\n<p>&nbsp;<\/p>\n<p>&nbsp;<\/p>\n<p>&nbsp;<\/p>\n<p>&nbsp;<\/p>\n<p>&nbsp;<\/p>\n<p>&nbsp;<\/p>\n<p>&nbsp;<\/p>\n<hr \/>\n<p data-start=\"97\" data-end=\"374\">A inaugura\u00e7\u00e3o do <strong data-start=\"114\" data-end=\"155\">Parque Solar Fotovoltaico de Pregui\u00e7a<\/strong>, na ilha de S\u00e3o Nicolau (Cabo Verde), no dia <strong data-start=\"201\" data-end=\"223\">9 de mar\u00e7o de 2026<\/strong>, teve cobertura em diversos meios de comunica\u00e7\u00e3o nacionais e institucionais, refletindo a relev\u00e2ncia do projeto para a transi\u00e7\u00e3o energ\u00e9tica do pa\u00eds.<\/p>\n<p data-start=\"376\" data-end=\"762\">O projeto foi desenvolvido pela <strong data-start=\"408\" data-end=\"438\">\u00c1guas de Ponta Preta (APP)<\/strong> em colabora\u00e7\u00e3o com a <strong data-start=\"460\" data-end=\"477\">Impulso Solar<\/strong>, ambas empresas do <strong data-start=\"497\" data-end=\"514\">Grupo IMPULSO<\/strong>, e financiado pelo <strong data-start=\"534\" data-end=\"560\">Grupo do Banco Mundial<\/strong>. A instala\u00e7\u00e3o possui uma capacidade de <strong data-start=\"600\" data-end=\"612\">0,40 MWp<\/strong>, suficiente para duplicar a gera\u00e7\u00e3o de energia solar da ilha e aumentar a penetra\u00e7\u00e3o de <strong data-start=\"701\" data-end=\"724\">energias renov\u00e1veis<\/strong> no sistema el\u00e9trico de S\u00e3o Nicolau.<\/p>\n<p data-start=\"764\" data-end=\"1048\">O ato foi presidido pelo <strong data-start=\"789\" data-end=\"854\">Primeiro-Ministro de Cabo Verde, Jos\u00e9 Ulisses Correia e Silva<\/strong>, que destacou que a nova infraestrutura permitir\u00e1 duplicar a capacidade de produ\u00e7\u00e3o de eletricidade a partir de energia solar na ilha, refor\u00e7ando a estrat\u00e9gia nacional de energias renov\u00e1veis.<\/p>\n<p data-start=\"1050\" data-end=\"1352\" data-is-last-node=\"\" data-is-only-node=\"\">Segundo as autoridades, com a futura incorpora\u00e7\u00e3o de sistemas de armazenamento e amplia\u00e7\u00f5es do parque, a penetra\u00e7\u00e3o de energias renov\u00e1veis em S\u00e3o Nicolau poder\u00e1 atingir cerca de <strong data-start=\"1228\" data-end=\"1236\">40\u202f%<\/strong>, ou at\u00e9 aproximadamente <strong data-start=\"1261\" data-end=\"1269\">45\u202f%<\/strong> ao considerar a microprodu\u00e7\u00e3o existente, colocando a ilha acima da m\u00e9dia nacional.<\/p>\n<div id=\"attachment_1977\" style=\"width: 934px\" class=\"wp-caption aligncenter\"><img loading=\"lazy\" decoding=\"async\" aria-describedby=\"caption-attachment-1977\" class=\"wp-image-1977\" src=\"https:\/\/www.impulsoenergia.eu\/custom\/uploads\/2026\/03\/1.png\" alt=\"O projeto foi desenvolvido pela \u00c1guas de Ponta Preta (APP) em colabora\u00e7\u00e3o com a Impulso Solar, ambas empresas do Grupo IMPULSO, e financiado pelo Grupo do Banco Mundial. A instala\u00e7\u00e3o possui uma capacidade de 0,40 MWp, suficiente para duplicar a gera\u00e7\u00e3o de energia solar da ilha e aumentar a penetra\u00e7\u00e3o de energias renov\u00e1veis no sistema el\u00e9trico de S\u00e3o Nicolau.\" width=\"924\" height=\"924\" srcset=\"https:\/\/www.impulsoenergia.eu\/custom\/uploads\/2026\/03\/1.png 1200w, https:\/\/www.impulsoenergia.eu\/custom\/uploads\/2026\/03\/1-300x300.png 300w, https:\/\/www.impulsoenergia.eu\/custom\/uploads\/2026\/03\/1-1024x1024.png 1024w, https:\/\/www.impulsoenergia.eu\/custom\/uploads\/2026\/03\/1-150x150.png 150w, https:\/\/www.impulsoenergia.eu\/custom\/uploads\/2026\/03\/1-768x768.png 768w\" sizes=\"auto, (max-width: 924px) 100vw, 924px\" \/><p id=\"caption-attachment-1977\" class=\"wp-caption-text\"><span style=\"color: #666699;\"><em>O projeto foi desenvolvido pela \u00c1guas de Ponta Preta (APP) em colabora\u00e7\u00e3o com a Impulso Solar, ambas empresas do Grupo IMPULSO, e financiado pelo Grupo do Banco Mundial. A instala\u00e7\u00e3o possui uma capacidade de 0,40 MWp, suficiente para duplicar a gera\u00e7\u00e3o de energia solar da ilha e aumentar a penetra\u00e7\u00e3o de energias renov\u00e1veis no sistema el\u00e9trico de S\u00e3o Nicolau.<\/em><\/span><\/p><\/div>\n<h1 data-section-id=\"j524r3\" data-start=\"1319\" data-end=\"1357\"><span style=\"color: #0c3b75;\">Meios que cobriram a inaugura\u00e7\u00e3o<\/span><\/h1>\n<h2 data-section-id=\"bdxjlk\" data-start=\"1359\" data-end=\"1401\"><span class=\"hover:entity-accent entity-underline inline cursor-pointer align-baseline\" style=\"color: #f3b321;\"><span class=\"whitespace-normal\">Inforpress<\/span><\/span><\/h2>\n<p data-start=\"1402\" data-end=\"1680\">A ag\u00eancia nacional de not\u00edcias de Cabo Verde informou sobre a inaugura\u00e7\u00e3o do parque solar, destacando o impacto do projeto na produ\u00e7\u00e3o de energia renov\u00e1vel e na redu\u00e7\u00e3o da depend\u00eancia de combust\u00edveis f\u00f3sseis importados. <a href=\"https:\/\/inforpress.cv\/pt\/article-8356?fbclid=IwY2xjawQc0wlleHRuA2FlbQIxMABicmlkETFBeHBTWGhtb1ZuSktBcU95c3J0YwZhcHBfaWQQMjIyMDM5MTc4ODIwMDg5MgABHk7CgliJ1oB1pq9hyVCx6U5lUiJtbqOkfPQNYU-ZHIXMRmfWcv3bgy_i6eMh_aem_B20Sxw6T7gSh7NRNVngsYQ\">Link<\/a><\/p>\n<h2 data-section-id=\"1hu681k\" data-start=\"1682\" data-end=\"1724\"><span class=\"hover:entity-accent entity-underline inline cursor-pointer align-baseline\" style=\"color: #f3b321;\"><span class=\"whitespace-normal\">Expresso das Ilhas<\/span><\/span><\/h2>\n<p data-start=\"1725\" data-end=\"2003\">O meio digital publicou um artigo sobre o in\u00edcio das opera\u00e7\u00f5es do parque solar, salientando que a nova infraestrutura faz parte da estrat\u00e9gia do Governo para ampliar o uso de recursos energ\u00e9ticos locais, como o sol e o vento. <a href=\"https:\/\/expressodasilhas.cv\/pais\/2026\/03\/10\/parque-solar-de-preguica-duplica-capacidade-de-producao-de-energia-renovavel-em-sao-nicolau\/101797\">Link<\/a><\/p>\n<h2 data-section-id=\"11qlr08\" data-start=\"2005\" data-end=\"2047\"><span class=\"hover:entity-accent entity-underline inline cursor-pointer align-baseline\" style=\"color: #f3b321;\"><span class=\"whitespace-normal\">Radiotelevis\u00e3o Caboverdiana<\/span><\/span><\/h2>\n<p data-start=\"2048\" data-end=\"2317\">A televis\u00e3o p\u00fablica de Cabo Verde incluiu a inaugura\u00e7\u00e3o do parque solar na sua programa\u00e7\u00e3o informativa, com uma reportagem emitida no <strong data-start=\"838\" data-end=\"857\">Jornal da Noite<\/strong>, destacando o aumento da produ\u00e7\u00e3o de energia limpa na ilha. <a href=\"https:\/\/www.rtc.cv\/tcv\/video-details\/pm-inaugura-parque-solar-da-preguica-que-vai-aumentar-producao-de-energia-limpa-em-sao-nicolau-56559\">Link<\/a><\/p>\n<h2 data-section-id=\"235nzs\" data-start=\"2319\" data-end=\"2361\"><span class=\"hover:entity-accent entity-underline inline cursor-pointer align-baseline\" style=\"color: #f3b321;\"><span class=\"whitespace-normal\">Governo de Cabo Verde<\/span><\/span><\/h2>\n<p data-start=\"2362\" data-end=\"2677\">O portal oficial do Governo publicou uma nota institucional sobre a inaugura\u00e7\u00e3o do parque solar, sublinhando o papel da infraestrutura na estrat\u00e9gia nacional para reduzir a depend\u00eancia de combust\u00edveis f\u00f3sseis e avan\u00e7ar para um sistema energ\u00e9tico mais sustent\u00e1vel. <a href=\"https:\/\/www.governo.cv\/primeiro-ministro-em-s-nicolau-ulisses-correia-e-silva-inaugura-parque-solar-fotovoltaico-de-preguica\/\">Link<\/a><\/p>\n<h2 data-start=\"2362\" data-end=\"2677\"><\/h2>\n<h2 data-start=\"2362\" data-end=\"2677\"><span style=\"color: #0c3b75;\">Outras centrais fotovoltaicas da mesma iniciativa<\/span><\/h2>\n<p>No \u00e2mbito do programa de promo\u00e7\u00e3o de energias renov\u00e1veis e melhoria da efici\u00eancia dos servi\u00e7os p\u00fablicos, desenvolve-se um projeto para o <strong data-start=\"1426\" data-end=\"1450\">Estado de Cabo Verde<\/strong>, com financiamento do <strong data-start=\"1473\" data-end=\"1507\">Banco Mundial (The World Bank)<\/strong>, executado pelas empresas <strong data-start=\"1534\" data-end=\"1564\">\u00c1guas de Ponta Preta (APP)<\/strong> e <strong data-start=\"1567\" data-end=\"1584\">Impulso Solar<\/strong>, ambas do <strong data-start=\"1595\" data-end=\"1612\">Grupo IMPULSO<\/strong>, com grande impacto energ\u00e9tico em cinco ilhas do pa\u00eds:<\/p>\n<ul>\n<li><strong>Santo Ant\u00e3o<\/strong> &#8211; 1,20 MWp<\/li>\n<li><strong>Maio<\/strong> &#8211; 0,40 MWp<\/li>\n<li><strong>S\u00e3o Nicolau<\/strong> &#8211; 0,40 MW`p<\/li>\n<li><strong>Fogo<\/strong> &#8211; 1,30 MWp<\/li>\n<li><strong>Brava<\/strong> &#8211; 1,30 MWp<\/li>\n<\/ul>\n<p>&nbsp;<\/p>\n<p><img loading=\"lazy\" decoding=\"async\" class=\"alignleft wp-image-1985 size-medium\" src=\"https:\/\/www.impulsoenergia.eu\/custom\/uploads\/2026\/03\/1000148439-300x169.jpg\" alt=\"La Central Solar Fotovoltaica de Santo Ant\u00e3o cuenta con una capacidad instalada de 1,20\u202fMWp, siendo aproximadamente 15 veces superior al mayor sistema solar existente anteriormente en la isla. El proyecto fue desarrollado para el Estado de Cabo Verde, con financiaci\u00f3n del Banco Mundial (The World Bank), y ejecutado por las empresas \u00c1guas de Ponta Preta (APP) e Impulso Solar, ambas pertenecientes al Grupo IMPULSO, en el marco del programa de promoci\u00f3n de energ\u00edas renovables y mejora de la eficiencia de los servicios p\u00fablicos.\" width=\"300\" height=\"169\" srcset=\"https:\/\/www.impulsoenergia.eu\/custom\/uploads\/2026\/03\/1000148439-300x169.jpg 300w, https:\/\/www.impulsoenergia.eu\/custom\/uploads\/2026\/03\/1000148439-1024x576.jpg 1024w, https:\/\/www.impulsoenergia.eu\/custom\/uploads\/2026\/03\/1000148439-768x432.jpg 768w, https:\/\/www.impulsoenergia.eu\/custom\/uploads\/2026\/03\/1000148439-1536x864.jpg 1536w, https:\/\/www.impulsoenergia.eu\/custom\/uploads\/2026\/03\/1000148439-2048x1152.jpg 2048w\" sizes=\"auto, (max-width: 300px) 100vw, 300px\" \/><\/p>\n<h3 data-start=\"1140\" data-end=\"1230\"><span style=\"color: #f3b321;\">Central Solar Fotovoltaica de Santo Ant\u00e3o<\/span><\/h3>\n<p data-start=\"1839\" data-end=\"2027\">A <strong data-start=\"1841\" data-end=\"1886\">Central Solar Fotovoltaica de Santo Ant\u00e3o<\/strong> possui uma capacidade instalada de <strong data-start=\"1922\" data-end=\"1934\">1,20\u202fMWp<\/strong>, aproximadamente 15 vezes superior ao maior sistema solar existente anteriormente na ilha.<\/p>\n<p data-start=\"2029\" data-end=\"2311\">Esta nova infraestrutura representa um <strong data-start=\"2068\" data-end=\"2124\">marco estrat\u00e9gico para o desenvolvimento sustent\u00e1vel<\/strong> da ilha de Santo Ant\u00e3o, contribuindo diretamente para a redu\u00e7\u00e3o da depend\u00eancia de combust\u00edveis f\u00f3sseis, refor\u00e7o da seguran\u00e7a energ\u00e9tica e avan\u00e7o da transi\u00e7\u00e3o energ\u00e9tica em todo o pa\u00eds.<\/p>\n<p style=\"padding-left: 320px;\" data-start=\"1232\" data-end=\"1434\"><a href=\"https:\/\/www.impulsoenergia.eu\/pt-pt\/central-solar-fotovoltaica-santo-antao\/\">Mais informa\u00e7\u00f5es aqui<\/a><\/p>\n<hr \/>\n<p>&nbsp;<\/p>\n<p><img loading=\"lazy\" decoding=\"async\" class=\"size-medium wp-image-1981 alignleft\" src=\"https:\/\/www.impulsoenergia.eu\/custom\/uploads\/2026\/03\/Image-65-1-300x232.jpg\" alt=\"La Central Solar Fotovoltaica de Maio, inaugurada recientemente, representa un paso decisivo en la transici\u00f3n energ\u00e9tica de Cabo Verde. Esta planta solar contribuye a aumentar la producci\u00f3n de energ\u00eda limpia en la isla, reduciendo la dependencia de combustibles f\u00f3siles y fortaleciendo la infraestructura el\u00e9ctrica sostenible del archipi\u00e9lago.\" width=\"300\" height=\"232\" srcset=\"https:\/\/www.impulsoenergia.eu\/custom\/uploads\/2026\/03\/Image-65-1-300x232.jpg 300w, https:\/\/www.impulsoenergia.eu\/custom\/uploads\/2026\/03\/Image-65-1-768x595.jpg 768w, https:\/\/www.impulsoenergia.eu\/custom\/uploads\/2026\/03\/Image-65-1.jpg 830w\" sizes=\"auto, (max-width: 300px) 100vw, 300px\" \/><\/p>\n<h3 class=\"blog-single-header__title-title\"><span style=\"color: #f3b321;\">Central Solar Fotovoltaica de Maio<\/span><\/h3>\n<p>A <strong data-start=\"2387\" data-end=\"2425\">Central Solar Fotovoltaica de Maio<\/strong>, inaugurada recentemente, representa um passo decisivo na <strong data-start=\"2484\" data-end=\"2522\">transi\u00e7\u00e3o energ\u00e9tica de Cabo Verde<\/strong>. Esta planta solar contribui para aumentar a produ\u00e7\u00e3o de <strong data-start=\"2580\" data-end=\"2597\">energia limpa<\/strong> na ilha, reduzindo a depend\u00eancia de combust\u00edveis f\u00f3sseis e fortalecendo a <strong data-start=\"2672\" data-end=\"2711\">infraestrutura el\u00e9trica sustent\u00e1vel<\/strong> do arquip\u00e9lago.<\/p>\n<p>&nbsp;<\/p>\n<p><a href=\"https:\/\/www.impulsoenergia.eu\/pt-pt\/central-solar-fotovoltaica-de-maio\/\">M<\/a><a href=\"https:\/\/www.impulsoenergia.eu\/pt-pt\/central-solar-fotovoltaica-santo-antao\/\">ais informa\u00e7\u00f5es<\/a><a href=\"https:\/\/www.impulsoenergia.eu\/pt-pt\/central-solar-fotovoltaica-de-maio\/\"> aqui<\/a><\/p>\n<p>&nbsp;<\/p>\n<p>&nbsp;<\/p>\n","protected":false},"excerpt":{"rendered":"<p>Levantamento medi\u00e1tico Inaugura\u00e7\u00e3o do Parque Solar Fotovoltaico de Pregui\u00e7a \u2013 S\u00e3o Nicolau &nbsp; &nbsp; &nbsp; &nbsp; &nbsp; &nbsp; &nbsp; &nbsp; [&hellip;]<\/p>\n","protected":false},"author":2,"featured_media":2004,"comment_status":"closed","ping_status":"closed","sticky":false,"template":"","format":"standard","meta":{"_acf_changed":false,"footnotes":""},"categories":[68,61,63],"class_list":["post-2011","post","type-post","status-publish","format-standard","has-post-thumbnail","hentry","category-medios-pt-pt","category-app-pt-pt","category-impulso-pt-pt"],"acf":[],"yoast_head":"<!-- This site is optimized with the Yoast SEO plugin v25.6 - https:\/\/yoast.com\/wordpress\/plugins\/seo\/ -->\n<title>Parque Solar Fotovoltaico de Pregui\u00e7a | S\u00e3o Nicolau - Impulso Energ\u00eda<\/title>\n<meta name=\"description\" content=\"Cobertura medi\u00e1tica da inaugura\u00e7\u00e3o do Parque Solar de Pregui\u00e7a em S\u00e3o Nicolau, executado pela APP com engenharia da Impulso Solar\" \/>\n<meta name=\"robots\" content=\"index, follow, max-snippet:-1, max-image-preview:large, max-video-preview:-1\" \/>\n<link rel=\"canonical\" href=\"https:\/\/www.impulsoenergia.eu\/pt-pt\/parque-solar-fotovoltaico-preguica-sao-nicolau\/\" \/>\n<meta property=\"og:locale\" content=\"pt_PT\" \/>\n<meta property=\"og:type\" content=\"article\" \/>\n<meta property=\"og:title\" content=\"Parque Solar Fotovoltaico de Pregui\u00e7a | S\u00e3o Nicolau - Impulso Energ\u00eda\" \/>\n<meta property=\"og:description\" content=\"Cobertura medi\u00e1tica da inaugura\u00e7\u00e3o do Parque Solar de Pregui\u00e7a em S\u00e3o Nicolau, executado pela APP com engenharia da Impulso Solar\" \/>\n<meta property=\"og:url\" content=\"https:\/\/www.impulsoenergia.eu\/pt-pt\/parque-solar-fotovoltaico-preguica-sao-nicolau\/\" \/>\n<meta property=\"og:site_name\" content=\"Impulso Energ\u00eda\" \/>\n<meta property=\"article:published_time\" content=\"2026-03-13T12:23:02+00:00\" \/>\n<meta property=\"article:modified_time\" content=\"2026-03-13T12:44:53+00:00\" \/>\n<meta property=\"og:image\" content=\"https:\/\/www.impulsoenergia.eu\/custom\/uploads\/2026\/03\/9-e1773404205384.png\" \/>\n\t<meta property=\"og:image:width\" content=\"1200\" \/>\n\t<meta property=\"og:image:height\" content=\"1200\" \/>\n\t<meta property=\"og:image:type\" content=\"image\/png\" \/>\n<meta name=\"author\" content=\"mariana\" \/>\n<meta name=\"twitter:card\" content=\"summary_large_image\" \/>\n<meta name=\"twitter:label1\" content=\"Written by\" \/>\n\t<meta name=\"twitter:data1\" content=\"mariana\" \/>\n\t<meta name=\"twitter:label2\" content=\"Est. reading time\" \/>\n\t<meta name=\"twitter:data2\" content=\"5 minutes\" \/>\n<script type=\"application\/ld+json\" class=\"yoast-schema-graph\">{\"@context\":\"https:\/\/schema.org\",\"@graph\":[{\"@type\":\"Article\",\"@id\":\"https:\/\/www.impulsoenergia.eu\/pt-pt\/parque-solar-fotovoltaico-preguica-sao-nicolau\/#article\",\"isPartOf\":{\"@id\":\"https:\/\/www.impulsoenergia.eu\/pt-pt\/parque-solar-fotovoltaico-preguica-sao-nicolau\/\"},\"author\":{\"name\":\"mariana\",\"@id\":\"https:\/\/www.impulsoenergia.eu\/#\/schema\/person\/e583955678f0a64694f6b34c7d147ad4\"},\"headline\":\"Ato de Inaugura\u00e7\u00e3o do Parque Solar Fotovoltaico de S\u00e3o Nicolau\",\"datePublished\":\"2026-03-13T12:23:02+00:00\",\"dateModified\":\"2026-03-13T12:44:53+00:00\",\"mainEntityOfPage\":{\"@id\":\"https:\/\/www.impulsoenergia.eu\/pt-pt\/parque-solar-fotovoltaico-preguica-sao-nicolau\/\"},\"wordCount\":759,\"publisher\":{\"@id\":\"https:\/\/www.impulsoenergia.eu\/#organization\"},\"image\":{\"@id\":\"https:\/\/www.impulsoenergia.eu\/pt-pt\/parque-solar-fotovoltaico-preguica-sao-nicolau\/#primaryimage\"},\"thumbnailUrl\":\"https:\/\/www.impulsoenergia.eu\/custom\/uploads\/2026\/03\/9-e1773404205384.png\",\"articleSection\":[\"Impulso en los medios\",\"Noticias APP\",\"Noticias impulso\"],\"inLanguage\":\"pt-PT\"},{\"@type\":\"WebPage\",\"@id\":\"https:\/\/www.impulsoenergia.eu\/pt-pt\/parque-solar-fotovoltaico-preguica-sao-nicolau\/\",\"url\":\"https:\/\/www.impulsoenergia.eu\/pt-pt\/parque-solar-fotovoltaico-preguica-sao-nicolau\/\",\"name\":\"Parque Solar Fotovoltaico de Pregui\u00e7a | S\u00e3o Nicolau - Impulso Energ\u00eda\",\"isPartOf\":{\"@id\":\"https:\/\/www.impulsoenergia.eu\/#website\"},\"primaryImageOfPage\":{\"@id\":\"https:\/\/www.impulsoenergia.eu\/pt-pt\/parque-solar-fotovoltaico-preguica-sao-nicolau\/#primaryimage\"},\"image\":{\"@id\":\"https:\/\/www.impulsoenergia.eu\/pt-pt\/parque-solar-fotovoltaico-preguica-sao-nicolau\/#primaryimage\"},\"thumbnailUrl\":\"https:\/\/www.impulsoenergia.eu\/custom\/uploads\/2026\/03\/9-e1773404205384.png\",\"datePublished\":\"2026-03-13T12:23:02+00:00\",\"dateModified\":\"2026-03-13T12:44:53+00:00\",\"description\":\"Cobertura medi\u00e1tica da inaugura\u00e7\u00e3o do Parque Solar de Pregui\u00e7a em S\u00e3o Nicolau, executado pela APP com engenharia da Impulso Solar\",\"breadcrumb\":{\"@id\":\"https:\/\/www.impulsoenergia.eu\/pt-pt\/parque-solar-fotovoltaico-preguica-sao-nicolau\/#breadcrumb\"},\"inLanguage\":\"pt-PT\",\"potentialAction\":[{\"@type\":\"ReadAction\",\"target\":[\"https:\/\/www.impulsoenergia.eu\/pt-pt\/parque-solar-fotovoltaico-preguica-sao-nicolau\/\"]}]},{\"@type\":\"ImageObject\",\"inLanguage\":\"pt-PT\",\"@id\":\"https:\/\/www.impulsoenergia.eu\/pt-pt\/parque-solar-fotovoltaico-preguica-sao-nicolau\/#primaryimage\",\"url\":\"https:\/\/www.impulsoenergia.eu\/custom\/uploads\/2026\/03\/9-e1773404205384.png\",\"contentUrl\":\"https:\/\/www.impulsoenergia.eu\/custom\/uploads\/2026\/03\/9-e1773404205384.png\",\"width\":1200,\"height\":1200,\"caption\":\"O ato de inaugura\u00e7\u00e3o contou com a presen\u00e7a de representantes do Estado de Cabo Verde, incluindo o Primeiro-Ministro, Jos\u00e9 Ulisses Correia e Silva, e o Ministro da Ind\u00fastria, Com\u00e9rcio e Energia, que presidiram a cerim\u00f4nia oficial.\"},{\"@type\":\"BreadcrumbList\",\"@id\":\"https:\/\/www.impulsoenergia.eu\/pt-pt\/parque-solar-fotovoltaico-preguica-sao-nicolau\/#breadcrumb\",\"itemListElement\":[{\"@type\":\"ListItem\",\"position\":1,\"name\":\"Portada\",\"item\":\"https:\/\/www.impulsoenergia.eu\/pt-pt\/\"},{\"@type\":\"ListItem\",\"position\":2,\"name\":\"Ato de Inaugura\u00e7\u00e3o do Parque Solar Fotovoltaico de S\u00e3o Nicolau\"}]},{\"@type\":\"WebSite\",\"@id\":\"https:\/\/www.impulsoenergia.eu\/#website\",\"url\":\"https:\/\/www.impulsoenergia.eu\/\",\"name\":\"Impulso Energ\u00eda\",\"description\":\"Desarrollo e inversi\u00f3n en los sectores de la energ\u00eda y el agua\",\"publisher\":{\"@id\":\"https:\/\/www.impulsoenergia.eu\/#organization\"},\"potentialAction\":[{\"@type\":\"SearchAction\",\"target\":{\"@type\":\"EntryPoint\",\"urlTemplate\":\"https:\/\/www.impulsoenergia.eu\/?s={search_term_string}\"},\"query-input\":{\"@type\":\"PropertyValueSpecification\",\"valueRequired\":true,\"valueName\":\"search_term_string\"}}],\"inLanguage\":\"pt-PT\"},{\"@type\":\"Organization\",\"@id\":\"https:\/\/www.impulsoenergia.eu\/#organization\",\"name\":\"Impulso Energ\u00eda\",\"url\":\"https:\/\/www.impulsoenergia.eu\/\",\"logo\":{\"@type\":\"ImageObject\",\"inLanguage\":\"pt-PT\",\"@id\":\"https:\/\/www.impulsoenergia.eu\/#\/schema\/logo\/image\/\",\"url\":\"https:\/\/www.impulsoenergia.eu\/custom\/uploads\/2022\/09\/logo-impulso.jpg\",\"contentUrl\":\"https:\/\/www.impulsoenergia.eu\/custom\/uploads\/2022\/09\/logo-impulso.jpg\",\"width\":232,\"height\":75,\"caption\":\"Impulso Energ\u00eda\"},\"image\":{\"@id\":\"https:\/\/www.impulsoenergia.eu\/#\/schema\/logo\/image\/\"}},{\"@type\":\"Person\",\"@id\":\"https:\/\/www.impulsoenergia.eu\/#\/schema\/person\/e583955678f0a64694f6b34c7d147ad4\",\"name\":\"mariana\",\"image\":{\"@type\":\"ImageObject\",\"inLanguage\":\"pt-PT\",\"@id\":\"https:\/\/www.impulsoenergia.eu\/#\/schema\/person\/image\/\",\"url\":\"https:\/\/secure.gravatar.com\/avatar\/22f14bf6d28fc4a5972fd4fda110270f8a2632aa691ec6aabd56edead8aa750e?s=96&d=mm&r=g\",\"contentUrl\":\"https:\/\/secure.gravatar.com\/avatar\/22f14bf6d28fc4a5972fd4fda110270f8a2632aa691ec6aabd56edead8aa750e?s=96&d=mm&r=g\",\"caption\":\"mariana\"},\"url\":\"https:\/\/www.impulsoenergia.eu\/pt-pt\/author\/mariana\/\"}]}<\/script>\n<!-- \/ Yoast SEO plugin. -->","yoast_head_json":{"title":"Parque Solar Fotovoltaico de Pregui\u00e7a | S\u00e3o Nicolau - Impulso Energ\u00eda","description":"Cobertura medi\u00e1tica da inaugura\u00e7\u00e3o do Parque Solar de Pregui\u00e7a em S\u00e3o Nicolau, executado pela APP com engenharia da Impulso Solar","robots":{"index":"index","follow":"follow","max-snippet":"max-snippet:-1","max-image-preview":"max-image-preview:large","max-video-preview":"max-video-preview:-1"},"canonical":"https:\/\/www.impulsoenergia.eu\/pt-pt\/parque-solar-fotovoltaico-preguica-sao-nicolau\/","og_locale":"pt_PT","og_type":"article","og_title":"Parque Solar Fotovoltaico de Pregui\u00e7a | S\u00e3o Nicolau - Impulso Energ\u00eda","og_description":"Cobertura medi\u00e1tica da inaugura\u00e7\u00e3o do Parque Solar de Pregui\u00e7a em S\u00e3o Nicolau, executado pela APP com engenharia da Impulso Solar","og_url":"https:\/\/www.impulsoenergia.eu\/pt-pt\/parque-solar-fotovoltaico-preguica-sao-nicolau\/","og_site_name":"Impulso Energ\u00eda","article_published_time":"2026-03-13T12:23:02+00:00","article_modified_time":"2026-03-13T12:44:53+00:00","og_image":[{"width":1200,"height":1200,"url":"https:\/\/www.impulsoenergia.eu\/custom\/uploads\/2026\/03\/9-e1773404205384.png","type":"image\/png"}],"author":"mariana","twitter_card":"summary_large_image","twitter_misc":{"Written by":"mariana","Est. reading time":"5 minutes"},"schema":{"@context":"https:\/\/schema.org","@graph":[{"@type":"Article","@id":"https:\/\/www.impulsoenergia.eu\/pt-pt\/parque-solar-fotovoltaico-preguica-sao-nicolau\/#article","isPartOf":{"@id":"https:\/\/www.impulsoenergia.eu\/pt-pt\/parque-solar-fotovoltaico-preguica-sao-nicolau\/"},"author":{"name":"mariana","@id":"https:\/\/www.impulsoenergia.eu\/#\/schema\/person\/e583955678f0a64694f6b34c7d147ad4"},"headline":"Ato de Inaugura\u00e7\u00e3o do Parque Solar Fotovoltaico de S\u00e3o Nicolau","datePublished":"2026-03-13T12:23:02+00:00","dateModified":"2026-03-13T12:44:53+00:00","mainEntityOfPage":{"@id":"https:\/\/www.impulsoenergia.eu\/pt-pt\/parque-solar-fotovoltaico-preguica-sao-nicolau\/"},"wordCount":759,"publisher":{"@id":"https:\/\/www.impulsoenergia.eu\/#organization"},"image":{"@id":"https:\/\/www.impulsoenergia.eu\/pt-pt\/parque-solar-fotovoltaico-preguica-sao-nicolau\/#primaryimage"},"thumbnailUrl":"https:\/\/www.impulsoenergia.eu\/custom\/uploads\/2026\/03\/9-e1773404205384.png","articleSection":["Impulso en los medios","Noticias APP","Noticias impulso"],"inLanguage":"pt-PT"},{"@type":"WebPage","@id":"https:\/\/www.impulsoenergia.eu\/pt-pt\/parque-solar-fotovoltaico-preguica-sao-nicolau\/","url":"https:\/\/www.impulsoenergia.eu\/pt-pt\/parque-solar-fotovoltaico-preguica-sao-nicolau\/","name":"Parque Solar Fotovoltaico de Pregui\u00e7a | S\u00e3o Nicolau - Impulso Energ\u00eda","isPartOf":{"@id":"https:\/\/www.impulsoenergia.eu\/#website"},"primaryImageOfPage":{"@id":"https:\/\/www.impulsoenergia.eu\/pt-pt\/parque-solar-fotovoltaico-preguica-sao-nicolau\/#primaryimage"},"image":{"@id":"https:\/\/www.impulsoenergia.eu\/pt-pt\/parque-solar-fotovoltaico-preguica-sao-nicolau\/#primaryimage"},"thumbnailUrl":"https:\/\/www.impulsoenergia.eu\/custom\/uploads\/2026\/03\/9-e1773404205384.png","datePublished":"2026-03-13T12:23:02+00:00","dateModified":"2026-03-13T12:44:53+00:00","description":"Cobertura medi\u00e1tica da inaugura\u00e7\u00e3o do Parque Solar de Pregui\u00e7a em S\u00e3o Nicolau, executado pela APP com engenharia da Impulso Solar","breadcrumb":{"@id":"https:\/\/www.impulsoenergia.eu\/pt-pt\/parque-solar-fotovoltaico-preguica-sao-nicolau\/#breadcrumb"},"inLanguage":"pt-PT","potentialAction":[{"@type":"ReadAction","target":["https:\/\/www.impulsoenergia.eu\/pt-pt\/parque-solar-fotovoltaico-preguica-sao-nicolau\/"]}]},{"@type":"ImageObject","inLanguage":"pt-PT","@id":"https:\/\/www.impulsoenergia.eu\/pt-pt\/parque-solar-fotovoltaico-preguica-sao-nicolau\/#primaryimage","url":"https:\/\/www.impulsoenergia.eu\/custom\/uploads\/2026\/03\/9-e1773404205384.png","contentUrl":"https:\/\/www.impulsoenergia.eu\/custom\/uploads\/2026\/03\/9-e1773404205384.png","width":1200,"height":1200,"caption":"O ato de inaugura\u00e7\u00e3o contou com a presen\u00e7a de representantes do Estado de Cabo Verde, incluindo o Primeiro-Ministro, Jos\u00e9 Ulisses Correia e Silva, e o Ministro da Ind\u00fastria, Com\u00e9rcio e Energia, que presidiram a cerim\u00f4nia oficial."},{"@type":"BreadcrumbList","@id":"https:\/\/www.impulsoenergia.eu\/pt-pt\/parque-solar-fotovoltaico-preguica-sao-nicolau\/#breadcrumb","itemListElement":[{"@type":"ListItem","position":1,"name":"Portada","item":"https:\/\/www.impulsoenergia.eu\/pt-pt\/"},{"@type":"ListItem","position":2,"name":"Ato de Inaugura\u00e7\u00e3o do Parque Solar Fotovoltaico de S\u00e3o Nicolau"}]},{"@type":"WebSite","@id":"https:\/\/www.impulsoenergia.eu\/#website","url":"https:\/\/www.impulsoenergia.eu\/","name":"Impulso Energ\u00eda","description":"Desarrollo e inversi\u00f3n en los sectores de la energ\u00eda y el agua","publisher":{"@id":"https:\/\/www.impulsoenergia.eu\/#organization"},"potentialAction":[{"@type":"SearchAction","target":{"@type":"EntryPoint","urlTemplate":"https:\/\/www.impulsoenergia.eu\/?s={search_term_string}"},"query-input":{"@type":"PropertyValueSpecification","valueRequired":true,"valueName":"search_term_string"}}],"inLanguage":"pt-PT"},{"@type":"Organization","@id":"https:\/\/www.impulsoenergia.eu\/#organization","name":"Impulso Energ\u00eda","url":"https:\/\/www.impulsoenergia.eu\/","logo":{"@type":"ImageObject","inLanguage":"pt-PT","@id":"https:\/\/www.impulsoenergia.eu\/#\/schema\/logo\/image\/","url":"https:\/\/www.impulsoenergia.eu\/custom\/uploads\/2022\/09\/logo-impulso.jpg","contentUrl":"https:\/\/www.impulsoenergia.eu\/custom\/uploads\/2022\/09\/logo-impulso.jpg","width":232,"height":75,"caption":"Impulso Energ\u00eda"},"image":{"@id":"https:\/\/www.impulsoenergia.eu\/#\/schema\/logo\/image\/"}},{"@type":"Person","@id":"https:\/\/www.impulsoenergia.eu\/#\/schema\/person\/e583955678f0a64694f6b34c7d147ad4","name":"mariana","image":{"@type":"ImageObject","inLanguage":"pt-PT","@id":"https:\/\/www.impulsoenergia.eu\/#\/schema\/person\/image\/","url":"https:\/\/secure.gravatar.com\/avatar\/22f14bf6d28fc4a5972fd4fda110270f8a2632aa691ec6aabd56edead8aa750e?s=96&d=mm&r=g","contentUrl":"https:\/\/secure.gravatar.com\/avatar\/22f14bf6d28fc4a5972fd4fda110270f8a2632aa691ec6aabd56edead8aa750e?s=96&d=mm&r=g","caption":"mariana"},"url":"https:\/\/www.impulsoenergia.eu\/pt-pt\/author\/mariana\/"}]}},"_links":{"self":[{"href":"https:\/\/www.impulsoenergia.eu\/pt-pt\/wp-json\/wp\/v2\/posts\/2011","targetHints":{"allow":["GET"]}}],"collection":[{"href":"https:\/\/www.impulsoenergia.eu\/pt-pt\/wp-json\/wp\/v2\/posts"}],"about":[{"href":"https:\/\/www.impulsoenergia.eu\/pt-pt\/wp-json\/wp\/v2\/types\/post"}],"author":[{"embeddable":true,"href":"https:\/\/www.impulsoenergia.eu\/pt-pt\/wp-json\/wp\/v2\/users\/2"}],"replies":[{"embeddable":true,"href":"https:\/\/www.impulsoenergia.eu\/pt-pt\/wp-json\/wp\/v2\/comments?post=2011"}],"version-history":[{"count":3,"href":"https:\/\/www.impulsoenergia.eu\/pt-pt\/wp-json\/wp\/v2\/posts\/2011\/revisions"}],"predecessor-version":[{"id":2014,"href":"https:\/\/www.impulsoenergia.eu\/pt-pt\/wp-json\/wp\/v2\/posts\/2011\/revisions\/2014"}],"wp:featuredmedia":[{"embeddable":true,"href":"https:\/\/www.impulsoenergia.eu\/pt-pt\/wp-json\/wp\/v2\/media\/2004"}],"wp:attachment":[{"href":"https:\/\/www.impulsoenergia.eu\/pt-pt\/wp-json\/wp\/v2\/media?parent=2011"}],"wp:term":[{"taxonomy":"category","embeddable":true,"href":"https:\/\/www.impulsoenergia.eu\/pt-pt\/wp-json\/wp\/v2\/categories?post=2011"}],"curies":[{"name":"wp","href":"https:\/\/api.w.org\/{rel}","templated":true}]}}