{"id":1961,"date":"2026-03-10T12:31:08","date_gmt":"2026-03-10T12:31:08","guid":{"rendered":"https:\/\/www.impulsoenergia.eu\/central-solar-fotovoltaica-de-maio\/"},"modified":"2026-03-11T10:07:41","modified_gmt":"2026-03-11T10:07:41","slug":"central-solar-fotovoltaica-de-maio","status":"publish","type":"post","link":"https:\/\/www.impulsoenergia.eu\/pt-pt\/central-solar-fotovoltaica-de-maio\/","title":{"rendered":"Central Solar Fotovoltaica do Maio"},"content":{"rendered":"<h2 data-section-id=\"wsasdl\" data-start=\"252\" data-end=\"331\"><span style=\"color: #0c3b75;\">Promovendo a energia solar em Cabo Verde<\/span><\/h2>\n<p><iframe loading=\"lazy\" title=\"Ilha do Maio - Central Solar\" width=\"500\" height=\"281\" src=\"https:\/\/www.youtube.com\/embed\/BGvGQxrMP2M?feature=oembed\" frameborder=\"0\" allow=\"accelerometer; autoplay; clipboard-write; encrypted-media; gyroscope; picture-in-picture; web-share\" referrerpolicy=\"strict-origin-when-cross-origin\" allowfullscreen><\/iframe><\/p>\n<h3 data-section-id=\"1gvbpa7\" data-start=\"333\" data-end=\"458\"><span style=\"color: #0c3b75;\">Projeto solar na ilha do Maio aumenta a produ\u00e7\u00e3o de energia renov\u00e1vel e fortalece a transi\u00e7\u00e3o energ\u00e9tica de Cabo Verde<\/span><\/h3>\n<div id=\"attachment_1947\" style=\"width: 1034px\" class=\"wp-caption aligncenter\"><img loading=\"lazy\" decoding=\"async\" aria-describedby=\"caption-attachment-1947\" class=\"wp-image-1947 size-large\" src=\"https:\/\/www.impulsoenergia.eu\/custom\/uploads\/2026\/03\/Diapositiva2-1024x576.png\" alt=\"A central solar do Maio foi desenvolvida pela Aguas de Ponta Preta em colabora\u00e7\u00e3o com a Impulso Solar, ambas pertencentes ao Grupo IMPULSO, como parte da sua estrat\u00e9gia para refor\u00e7ar a infraestrutura energ\u00e9tica sustent\u00e1vel na regi\u00e3o. O projeto foi financiado pelo Banco Mundial para o Estado de Cabo Verde.\" width=\"1024\" height=\"576\" srcset=\"https:\/\/www.impulsoenergia.eu\/custom\/uploads\/2026\/03\/Diapositiva2-1024x576.png 1024w, https:\/\/www.impulsoenergia.eu\/custom\/uploads\/2026\/03\/Diapositiva2-300x169.png 300w, https:\/\/www.impulsoenergia.eu\/custom\/uploads\/2026\/03\/Diapositiva2-768x432.png 768w, https:\/\/www.impulsoenergia.eu\/custom\/uploads\/2026\/03\/Diapositiva2.png 1280w\" sizes=\"auto, (max-width: 1024px) 100vw, 1024px\" \/><p id=\"caption-attachment-1947\" class=\"wp-caption-text\"><em><span style=\"color: #808080;\">A central solar do Maio foi desenvolvida pela Aguas de Ponta Preta em colabora\u00e7\u00e3o com a Impulso Solar, ambas pertencentes ao Grupo IMPULSO, como parte da sua estrat\u00e9gia para refor\u00e7ar a infraestrutura energ\u00e9tica sustent\u00e1vel na regi\u00e3o. O projeto foi financiado pelo Banco Mundial para o Estado de Cabo Verde.<\/span><\/em><\/p><\/div>\n<p data-start=\"78\" data-end=\"409\">A <strong data-start=\"78\" data-end=\"409\">Central Solar Fotovoltaica do Maio<\/strong>, recentemente inaugurada, representa um passo decisivo na transi\u00e7\u00e3o energ\u00e9tica de <strong data-start=\"78\" data-end=\"409\">Cabo Verde<\/strong>. Esta central solar contribui para aumentar a produ\u00e7\u00e3o de <strong data-start=\"78\" data-end=\"409\">energia limpa <\/strong>na ilha, reduzindo a depend\u00eancia de combust\u00edveis f\u00f3sseis e fortalecendo a<strong data-start=\"78\" data-end=\"409\"> infraestrutura el\u00e9trica sustent\u00e1vel<\/strong> do arquip\u00e9lago.<\/p>\n<p data-start=\"411\" data-end=\"766\">O projeto foi desenvolvido pela <strong data-start=\"411\" data-end=\"766\">\u00c1guas de Ponta Preta (APP) <\/strong>em colabora\u00e7\u00e3o com a<strong data-start=\"411\" data-end=\"766\"> Impulso Solar<\/strong>, ambas empresas do<strong data-start=\"411\" data-end=\"766\"> Grupo IMPULSO<\/strong>, e financiado pelo Grupo do<strong> Banco Mundial<\/strong>. A instala\u00e7\u00e3o tem uma capacidade de<strong> 0,40 MWp<\/strong>, suficiente para duplicar a gera\u00e7\u00e3o de energia solar da ilha e aumentar a penetra\u00e7\u00e3o de<strong> energias renov\u00e1veis no sistema el\u00e9trico do Maio.<\/strong><\/p>\n<h3 data-section-id=\"wvdm37\" data-start=\"1223\" data-end=\"1292\"><\/h3>\n<h3 data-section-id=\"wvdm37\" data-start=\"1223\" data-end=\"1292\"><span style=\"color: #f3b321;\">Caracter\u00edsticas t\u00e9cnicas da Central Solar Fotovoltaica do Maio<\/span><\/h3>\n<h3 data-section-id=\"wvdm37\" data-start=\"1223\" data-end=\"1292\"><span style=\"color: #f3b321;\"><img loading=\"lazy\" decoding=\"async\" class=\"alignleft wp-image-1943\" src=\"https:\/\/www.impulsoenergia.eu\/custom\/uploads\/2026\/03\/Diapositiva1-1024x576.png\" alt=\"Detalhe da central solar na Ilha do Maio \u2013 Cabo Verde, executada pela \u00c1guas de Ponta Preta e Impulso Solar para o Grupo IMPULSO, financiada pelo Banco Mundial no \u00e2mbito de um plano energ\u00e9tico para o Estado de Cabo Verde.\" width=\"891\" height=\"501\" srcset=\"https:\/\/www.impulsoenergia.eu\/custom\/uploads\/2026\/03\/Diapositiva1-1024x576.png 1024w, https:\/\/www.impulsoenergia.eu\/custom\/uploads\/2026\/03\/Diapositiva1-300x169.png 300w, https:\/\/www.impulsoenergia.eu\/custom\/uploads\/2026\/03\/Diapositiva1-768x432.png 768w, https:\/\/www.impulsoenergia.eu\/custom\/uploads\/2026\/03\/Diapositiva1.png 1280w\" sizes=\"auto, (max-width: 891px) 100vw, 891px\" \/><\/span><\/h3>\n<p>&nbsp;<\/p>\n<ul data-start=\"1294\" data-end=\"1602\">\n<li data-section-id=\"1xpccrh\" data-start=\"1294\" data-end=\"1337\">\n<p data-start=\"1296\" data-end=\"1337\"><span style=\"color: #f3b321;\"><strong data-start=\"1296\" data-end=\"1310\">Localiza\u00e7\u00e3o:<\/strong><\/span> Ilha do Maio, Cabo Verde<\/p>\n<\/li>\n<li data-section-id=\"14nz6ke\" data-start=\"1338\" data-end=\"1375\">\n<p data-start=\"1340\" data-end=\"1375\"><span style=\"color: #f3b321;\"><strong data-start=\"1340\" data-end=\"1364\">Capacidade instalada:<\/strong><\/span> 0,40\u202fMWp<\/p>\n<\/li>\n<li data-section-id=\"1ad71r6\" data-start=\"1376\" data-end=\"1444\">\n<p data-start=\"1378\" data-end=\"1444\"><strong data-start=\"1378\" data-end=\"1398\"><span style=\"color: #f3b321;\">Desenvolvedores:<\/span><\/strong> \u00c1guas de Ponta Preta e Impulso Solar<\/p>\n<\/li>\n<li data-section-id=\"1qzfzh3\" data-start=\"1445\" data-end=\"1480\">\n<p data-start=\"1447\" data-end=\"1480\"><strong data-start=\"1447\" data-end=\"1464\"><span style=\"color: #f3b321;\">Financiamento:<\/span><\/strong> Banco Mundial<\/p>\n<\/li>\n<\/ul>\n<p data-start=\"1604\" data-end=\"1844\">A instala\u00e7\u00e3o inclui engenharia, conce\u00e7\u00e3o, fornecimento, montagem e comissionamento, seguindo os<strong> padr\u00f5es internacionais de energia solar<\/strong>. O seu funcionamento permite fornecer eletricidade limpa, fi\u00e1vel e acess\u00edvel \u00e0 popula\u00e7\u00e3o local.<\/p>\n<h3 data-section-id=\"195qrze\" data-start=\"1851\" data-end=\"1904\"><\/h3>\n<h3 data-section-id=\"195qrze\" data-start=\"1851\" data-end=\"1904\"><\/h3>\n<h3 data-section-id=\"195qrze\" data-start=\"1851\" data-end=\"1904\"><\/h3>\n<h3 data-section-id=\"195qrze\" data-start=\"1851\" data-end=\"1904\"><\/h3>\n<h3 data-section-id=\"195qrze\" data-start=\"1851\" data-end=\"1904\">Impacto na transi\u00e7\u00e3o energ\u00e9tica de Cabo Verde<\/h3>\n<p data-start=\"128\" data-end=\"572\">A <strong data-start=\"130\" data-end=\"155\">Central Solar do Maio<\/strong> faz parte do plano estrat\u00e9gico do Governo de Cabo Verde para aumentar a penetra\u00e7\u00e3o de <strong>energias renov\u00e1veis<\/strong> em todas as ilhas, com metas claras para 2026 e 2030. Cada quilowatt-hora gerado pela central permite reduzir a depend\u00eancia da gera\u00e7\u00e3o t\u00e9rmica e de combust\u00edveis f\u00f3sseis, refor\u00e7ando a seguran\u00e7a e a resili\u00eancia energ\u00e9tica da ilha e contribuindo para os objetivos do <strong data-start=\"526\" data-end=\"571\">Plano Diretor do Setor El\u00e9trico 2018\u20132030<\/strong>.<\/p>\n<p><img loading=\"lazy\" decoding=\"async\" class=\"alignright wp-image-1951\" src=\"https:\/\/www.impulsoenergia.eu\/custom\/uploads\/2026\/03\/Image-69-300x232.jpg\" alt=\"Planta solar de 412 kWp na Ilha do Maio, executada pelo Grupo IMPULSO \u2013 APP \u00c1guas de Ponta Preta. A Impulso Solar colaborou no projeto, que foi financiado pelo Banco Mundial para o Estado de Cabo Verde.\" width=\"431\" height=\"334\" srcset=\"https:\/\/www.impulsoenergia.eu\/custom\/uploads\/2026\/03\/Image-69-300x232.jpg 300w, https:\/\/www.impulsoenergia.eu\/custom\/uploads\/2026\/03\/Image-69-768x595.jpg 768w, https:\/\/www.impulsoenergia.eu\/custom\/uploads\/2026\/03\/Image-69.jpg 830w\" sizes=\"auto, (max-width: 431px) 100vw, 431px\" \/><\/p>\n<p data-start=\"574\" data-end=\"811\">Al\u00e9m disso, a Central Solar do Maio integra-se num conjunto de <strong>projetos estruturantes de energia solar<\/strong> desenvolvidos para o Estado de Cabo Verde, financiados pelo <strong>Banco Mundial e executados pela APP e pela Impulso Solar<\/strong>, que incluem:<\/p>\n<ul>\n<li data-start=\"955\" data-end=\"983\"><span style=\"color: #79b383;\">Santo Ant\u00e3o<strong data-start=\"955\" data-end=\"981\"> \u2013 1,20\u202fMWp<\/strong><\/span><\/li>\n<li data-start=\"986\" data-end=\"1007\"><span style=\"color: #79b383;\">Maio<strong data-start=\"986\" data-end=\"1005\"> \u2013 0,40\u202fMWph<\/strong><\/span><\/li>\n<li data-start=\"1010\" data-end=\"1038\"><span style=\"color: #79b383;\">S\u00e3o Nicolau<strong data-start=\"1010\" data-end=\"1036\"> \u2013 0,40\u202fMWp<\/strong><\/span><\/li>\n<li data-start=\"1041\" data-end=\"1062\"><span style=\"color: #79b383;\">Fogo <strong data-start=\"1041\" data-end=\"1060\">\u2013 1,30\u202fMWp<\/strong><\/span><\/li>\n<li data-start=\"1065\" data-end=\"1087\"><span style=\"color: #79b383;\">Brava <strong data-start=\"1065\" data-end=\"1085\">\u2013 1,30\u202fMWp<\/strong><\/span><\/li>\n<\/ul>\n<p data-start=\"1089\" data-end=\"1311\">Estes projetos refor\u00e7am a infraestrutura energ\u00e9tica sustent\u00e1vel do pa\u00eds e aproximam Cabo Verde de um sistema el\u00e9trico mais limpo, eficiente e resiliente, consolidando a transi\u00e7\u00e3o energ\u00e9tica em todo o arquip\u00e9lago.<\/p>\n<h2 data-start=\"4204\" data-end=\"4269\"><\/h2>\n<h2 data-start=\"4204\" data-end=\"4269\"><\/h2>\n<h2 data-start=\"4204\" data-end=\"4269\"><span style=\"color: #0c3b75;\">Compromisso com a transi\u00e7\u00e3o energ\u00e9tica em todo o arquip\u00e9lago<\/span><\/h2>\n<p data-start=\"4271\" data-end=\"4713\">A inaugura\u00e7\u00e3o da Central Solar Fotovoltaica do Maio reafirma o <strong>compromisso do Governo de Cabo Verde<\/strong>, juntamente com institui\u00e7\u00f5es financeiras internacionais e empresas especializadas do setor energ\u00e9tico, com uma transi\u00e7\u00e3o energ\u00e9tica <strong data-start=\"356\" data-end=\"390\">justa, inclusiva e equilibrada<\/strong>, garantindo que <strong data-start=\"407\" data-end=\"439\">nenhuma ilha fique para tr\u00e1s<\/strong> no caminho para os objetivos de sustentabilidade definidos para 2030.<\/p>\n<div id=\"attachment_1870\" class=\"wp-caption aligncenter\"><\/div>\n<p>&nbsp;<\/p>\n<hr data-start=\"3852\" data-end=\"3855\" \/>\n<h2 data-start=\"4720\" data-end=\"4749\"><span style=\"color: #0c3b75;\">Cobertura medi\u00e1tica<\/span><\/h2>\n<p data-start=\"4751\" data-end=\"4979\">O ato de inaugura\u00e7\u00e3o contou com ampla cobertura por parte dos principais meios de comunica\u00e7\u00e3o nacionais, refletindo a import\u00e2ncia estrat\u00e9gica do projeto para o setor energ\u00e9tico e o desenvolvimento sustent\u00e1vel do pa\u00eds:<\/p>\n<ul data-start=\"4981\" data-end=\"5464\">\n<li data-start=\"4981\" data-end=\"5175\"><strong>RTC<\/strong> &#8211; <a href=\"https:\/\/www.rtc.cv\/tcv\/video-details\/nova-central-solar-fotovoltaico-preve-reducao-de-64-toneladas-de-combustiveis-fosseis-na-ilha-do-maio-56492\">Televis\u00e3o\u00a0de Cabo Verde<\/a><\/li>\n<li data-start=\"4981\" data-end=\"5175\"><strong>Inforpress<\/strong> &#8211; <a href=\"https:\/\/inforpress.cv\/pt\/maio-central-solar-fotovoltaica-evita-consumo-de-35-mil-litros-de-gasoleo-em-dois-meses-de-testes-app?fbclid=IwY2xjawQbnd1leHRuA2FlbQIxMABicmlkETFBeHBTWGhtb1ZuSktBcU95c3J0YwZhcHBfaWQQMjIyMDM5MTc4ODIwMDg5MgABHvVpen0OnxNHFS17ND9YM2BOL9Oz4ZbSgDF0y5270e9O18HqXXDIKOhu7H03_aem_AhCfl1_AhTs7cE2XNOetgA\">Ag\u00eancia de Not\u00edcias de Cabo Verde<\/a><\/li>\n<li data-start=\"4981\" data-end=\"5175\"><strong>Expresso Das Ilhas<\/strong> &#8211; <a href=\"https:\/\/expressodasilhas.cv\/pais\/2026\/03\/07\/ilha-do-maio-devera-ultrapassar-40-de-producao-de-energia-renovavel-ainda-este-ano-primeiro-ministro\/101773?utm_source=chatgpt.com\">Me<\/a><a href=\"https:\/\/expressodasilhas.cv\/pais\/2026\/03\/07\/ilha-do-maio-devera-ultrapassar-40-de-producao-de-energia-renovavel-ainda-este-ano-primeiro-ministro\/101773?utm_source=chatgpt.com\">io gr\u00e1fico de Cabo Verde<\/a><\/li>\n<li data-start=\"5177\" data-end=\"5464\">\n<p data-start=\"5179\" data-end=\"5464\"><strong>governo.cv<\/strong> &#8211; <a href=\"https:\/\/www.governo.cv\/primeiro-ministro-na-ilha-do-maio-inaugurado-o-parque-solar-fotovoltaico-que-ira-receber-sistema-de-baterias-ainda-este-ano\/\">Portal oficial de Cabo Verde<\/a><\/p>\n<\/li>\n<li data-start=\"5177\" data-end=\"5464\"><strong>FalaCaboVerde<\/strong> &#8211; Cadena Record Cabo Verde <a href=\"https:\/\/www.youtube.com\/watch?v=P1tP3aTua4k\">Nota sobre a instala\u00e7\u00e3o antes da inaugura\u00e7\u00e3o<\/a><\/li>\n<\/ul>\n<p>&nbsp;<\/p>\n<p>Esta cobertura medi\u00e1tica ressalta a import\u00e2ncia da <strong data-start=\"1108\" data-end=\"1146\">Central Solar Fotovoltaica do Maio<\/strong>, sublinhando o seu impacto na <strong data-start=\"1177\" data-end=\"1201\">seguran\u00e7a energ\u00e9tica<\/strong>, na <strong data-start=\"1206\" data-end=\"1236\">sustentabilidade ambiental<\/strong> e no <strong data-start=\"1242\" data-end=\"1287\">desenvolvimento equilibrado de Cabo Verde<\/strong>.<\/p>\n<p>&nbsp;<\/p>\n<p><span style=\"color: #79b383;\"><strong>A Central Solar Fotovoltaica do Maio integra-se em outros projetos estrat\u00e9gicos do Grupo IMPULSO em Cabo Verde, fortalecendo a transi\u00e7\u00e3o energ\u00e9tica e o desenvolvimento sustent\u00e1vel do pa\u00eds. Conhe\u00e7a mais sobre nossas iniciativas solares em outras ilhas <a href=\"https:\/\/www.impulsoenergia.eu\/pt-pt\/projetos-renovaveis-gestao-agua\/\">aqui<\/a>.<\/strong><\/span><\/p>\n<p>&nbsp;<\/p>\n","protected":false},"excerpt":{"rendered":"<p>Promovendo a energia solar em Cabo Verde Projeto solar na ilha do Maio aumenta a produ\u00e7\u00e3o de energia renov\u00e1vel e [&hellip;]<\/p>\n","protected":false},"author":2,"featured_media":1964,"comment_status":"closed","ping_status":"closed","sticky":false,"template":"","format":"standard","meta":{"_acf_changed":false,"footnotes":""},"categories":[68,61,63],"class_list":["post-1961","post","type-post","status-publish","format-standard","has-post-thumbnail","hentry","category-medios-pt-pt","category-app-pt-pt","category-impulso-pt-pt"],"acf":[],"yoast_head":"<!-- This site is optimized with the Yoast SEO plugin v25.6 - https:\/\/yoast.com\/wordpress\/plugins\/seo\/ -->\n<title>Central Solar Fotovoltaica de Maio | Grupo Impulso - Impulso Energ\u00eda<\/title>\n<meta name=\"description\" content=\"Conhe\u00e7a a Central Solar Fotovoltaica do Maio em Cabo Verde, desenvolvida pela \u00c1guas de Ponta Preta e Impulso Solar, financiada pelo Banco Mundial\" \/>\n<meta name=\"robots\" content=\"index, follow, max-snippet:-1, max-image-preview:large, max-video-preview:-1\" \/>\n<link rel=\"canonical\" href=\"https:\/\/www.impulsoenergia.eu\/pt-pt\/central-solar-fotovoltaica-de-maio\/\" \/>\n<meta property=\"og:locale\" content=\"pt_PT\" \/>\n<meta property=\"og:type\" content=\"article\" \/>\n<meta property=\"og:title\" content=\"Central Solar Fotovoltaica de Maio | Grupo Impulso - Impulso Energ\u00eda\" \/>\n<meta property=\"og:description\" content=\"Conhe\u00e7a a Central Solar Fotovoltaica do Maio em Cabo Verde, desenvolvida pela \u00c1guas de Ponta Preta e Impulso Solar, financiada pelo Banco Mundial\" \/>\n<meta property=\"og:url\" content=\"https:\/\/www.impulsoenergia.eu\/pt-pt\/central-solar-fotovoltaica-de-maio\/\" \/>\n<meta property=\"og:site_name\" content=\"Impulso Energ\u00eda\" \/>\n<meta property=\"article:published_time\" content=\"2026-03-10T12:31:08+00:00\" \/>\n<meta property=\"article:modified_time\" content=\"2026-03-11T10:07:41+00:00\" \/>\n<meta property=\"og:image\" content=\"https:\/\/www.impulsoenergia.eu\/custom\/uploads\/2026\/03\/Image-65.jpg\" \/>\n\t<meta property=\"og:image:width\" content=\"830\" \/>\n\t<meta property=\"og:image:height\" content=\"643\" \/>\n\t<meta property=\"og:image:type\" content=\"image\/jpeg\" \/>\n<meta name=\"author\" content=\"mariana\" \/>\n<meta name=\"twitter:card\" content=\"summary_large_image\" \/>\n<meta name=\"twitter:label1\" content=\"Written by\" \/>\n\t<meta name=\"twitter:data1\" content=\"mariana\" \/>\n\t<meta name=\"twitter:label2\" content=\"Est. reading time\" \/>\n\t<meta name=\"twitter:data2\" content=\"4 minutes\" \/>\n<script type=\"application\/ld+json\" class=\"yoast-schema-graph\">{\"@context\":\"https:\/\/schema.org\",\"@graph\":[{\"@type\":\"Article\",\"@id\":\"https:\/\/www.impulsoenergia.eu\/pt-pt\/central-solar-fotovoltaica-de-maio\/#article\",\"isPartOf\":{\"@id\":\"https:\/\/www.impulsoenergia.eu\/pt-pt\/central-solar-fotovoltaica-de-maio\/\"},\"author\":{\"name\":\"mariana\",\"@id\":\"https:\/\/www.impulsoenergia.eu\/#\/schema\/person\/e583955678f0a64694f6b34c7d147ad4\"},\"headline\":\"Central Solar Fotovoltaica do Maio\",\"datePublished\":\"2026-03-10T12:31:08+00:00\",\"dateModified\":\"2026-03-11T10:07:41+00:00\",\"mainEntityOfPage\":{\"@id\":\"https:\/\/www.impulsoenergia.eu\/pt-pt\/central-solar-fotovoltaica-de-maio\/\"},\"wordCount\":707,\"publisher\":{\"@id\":\"https:\/\/www.impulsoenergia.eu\/#organization\"},\"image\":{\"@id\":\"https:\/\/www.impulsoenergia.eu\/pt-pt\/central-solar-fotovoltaica-de-maio\/#primaryimage\"},\"thumbnailUrl\":\"https:\/\/www.impulsoenergia.eu\/custom\/uploads\/2026\/03\/Image-65.jpg\",\"articleSection\":[\"Impulso en los medios\",\"Noticias APP\",\"Noticias impulso\"],\"inLanguage\":\"pt-PT\"},{\"@type\":\"WebPage\",\"@id\":\"https:\/\/www.impulsoenergia.eu\/pt-pt\/central-solar-fotovoltaica-de-maio\/\",\"url\":\"https:\/\/www.impulsoenergia.eu\/pt-pt\/central-solar-fotovoltaica-de-maio\/\",\"name\":\"Central Solar Fotovoltaica de Maio | Grupo Impulso - Impulso Energ\u00eda\",\"isPartOf\":{\"@id\":\"https:\/\/www.impulsoenergia.eu\/#website\"},\"primaryImageOfPage\":{\"@id\":\"https:\/\/www.impulsoenergia.eu\/pt-pt\/central-solar-fotovoltaica-de-maio\/#primaryimage\"},\"image\":{\"@id\":\"https:\/\/www.impulsoenergia.eu\/pt-pt\/central-solar-fotovoltaica-de-maio\/#primaryimage\"},\"thumbnailUrl\":\"https:\/\/www.impulsoenergia.eu\/custom\/uploads\/2026\/03\/Image-65.jpg\",\"datePublished\":\"2026-03-10T12:31:08+00:00\",\"dateModified\":\"2026-03-11T10:07:41+00:00\",\"description\":\"Conhe\u00e7a a Central Solar Fotovoltaica do Maio em Cabo Verde, desenvolvida pela \u00c1guas de Ponta Preta e Impulso Solar, financiada pelo Banco Mundial\",\"breadcrumb\":{\"@id\":\"https:\/\/www.impulsoenergia.eu\/pt-pt\/central-solar-fotovoltaica-de-maio\/#breadcrumb\"},\"inLanguage\":\"pt-PT\",\"potentialAction\":[{\"@type\":\"ReadAction\",\"target\":[\"https:\/\/www.impulsoenergia.eu\/pt-pt\/central-solar-fotovoltaica-de-maio\/\"]}]},{\"@type\":\"ImageObject\",\"inLanguage\":\"pt-PT\",\"@id\":\"https:\/\/www.impulsoenergia.eu\/pt-pt\/central-solar-fotovoltaica-de-maio\/#primaryimage\",\"url\":\"https:\/\/www.impulsoenergia.eu\/custom\/uploads\/2026\/03\/Image-65.jpg\",\"contentUrl\":\"https:\/\/www.impulsoenergia.eu\/custom\/uploads\/2026\/03\/Image-65.jpg\",\"width\":830,\"height\":643,\"caption\":\"Planta solar de 412 kWp na Ilha do Maio, executada pelo Grupo IMPULSO \u2013 APP \u00c1guas de Ponta Preta. A Impulso Solar colaborou no projeto, que foi financiado pelo Banco Mundial para o Estado de Cabo Verde.\"},{\"@type\":\"BreadcrumbList\",\"@id\":\"https:\/\/www.impulsoenergia.eu\/pt-pt\/central-solar-fotovoltaica-de-maio\/#breadcrumb\",\"itemListElement\":[{\"@type\":\"ListItem\",\"position\":1,\"name\":\"Portada\",\"item\":\"https:\/\/www.impulsoenergia.eu\/pt-pt\/\"},{\"@type\":\"ListItem\",\"position\":2,\"name\":\"Central Solar Fotovoltaica do Maio\"}]},{\"@type\":\"WebSite\",\"@id\":\"https:\/\/www.impulsoenergia.eu\/#website\",\"url\":\"https:\/\/www.impulsoenergia.eu\/\",\"name\":\"Impulso Energ\u00eda\",\"description\":\"Desarrollo e inversi\u00f3n en los sectores de la energ\u00eda y el agua\",\"publisher\":{\"@id\":\"https:\/\/www.impulsoenergia.eu\/#organization\"},\"potentialAction\":[{\"@type\":\"SearchAction\",\"target\":{\"@type\":\"EntryPoint\",\"urlTemplate\":\"https:\/\/www.impulsoenergia.eu\/?s={search_term_string}\"},\"query-input\":{\"@type\":\"PropertyValueSpecification\",\"valueRequired\":true,\"valueName\":\"search_term_string\"}}],\"inLanguage\":\"pt-PT\"},{\"@type\":\"Organization\",\"@id\":\"https:\/\/www.impulsoenergia.eu\/#organization\",\"name\":\"Impulso Energ\u00eda\",\"url\":\"https:\/\/www.impulsoenergia.eu\/\",\"logo\":{\"@type\":\"ImageObject\",\"inLanguage\":\"pt-PT\",\"@id\":\"https:\/\/www.impulsoenergia.eu\/#\/schema\/logo\/image\/\",\"url\":\"https:\/\/www.impulsoenergia.eu\/custom\/uploads\/2022\/09\/logo-impulso.jpg\",\"contentUrl\":\"https:\/\/www.impulsoenergia.eu\/custom\/uploads\/2022\/09\/logo-impulso.jpg\",\"width\":232,\"height\":75,\"caption\":\"Impulso Energ\u00eda\"},\"image\":{\"@id\":\"https:\/\/www.impulsoenergia.eu\/#\/schema\/logo\/image\/\"}},{\"@type\":\"Person\",\"@id\":\"https:\/\/www.impulsoenergia.eu\/#\/schema\/person\/e583955678f0a64694f6b34c7d147ad4\",\"name\":\"mariana\",\"image\":{\"@type\":\"ImageObject\",\"inLanguage\":\"pt-PT\",\"@id\":\"https:\/\/www.impulsoenergia.eu\/#\/schema\/person\/image\/\",\"url\":\"https:\/\/secure.gravatar.com\/avatar\/22f14bf6d28fc4a5972fd4fda110270f8a2632aa691ec6aabd56edead8aa750e?s=96&d=mm&r=g\",\"contentUrl\":\"https:\/\/secure.gravatar.com\/avatar\/22f14bf6d28fc4a5972fd4fda110270f8a2632aa691ec6aabd56edead8aa750e?s=96&d=mm&r=g\",\"caption\":\"mariana\"},\"url\":\"https:\/\/www.impulsoenergia.eu\/pt-pt\/author\/mariana\/\"}]}<\/script>\n<!-- \/ Yoast SEO plugin. -->","yoast_head_json":{"title":"Central Solar Fotovoltaica de Maio | Grupo Impulso - Impulso Energ\u00eda","description":"Conhe\u00e7a a Central Solar Fotovoltaica do Maio em Cabo Verde, desenvolvida pela \u00c1guas de Ponta Preta e Impulso Solar, financiada pelo Banco Mundial","robots":{"index":"index","follow":"follow","max-snippet":"max-snippet:-1","max-image-preview":"max-image-preview:large","max-video-preview":"max-video-preview:-1"},"canonical":"https:\/\/www.impulsoenergia.eu\/pt-pt\/central-solar-fotovoltaica-de-maio\/","og_locale":"pt_PT","og_type":"article","og_title":"Central Solar Fotovoltaica de Maio | Grupo Impulso - Impulso Energ\u00eda","og_description":"Conhe\u00e7a a Central Solar Fotovoltaica do Maio em Cabo Verde, desenvolvida pela \u00c1guas de Ponta Preta e Impulso Solar, financiada pelo Banco Mundial","og_url":"https:\/\/www.impulsoenergia.eu\/pt-pt\/central-solar-fotovoltaica-de-maio\/","og_site_name":"Impulso Energ\u00eda","article_published_time":"2026-03-10T12:31:08+00:00","article_modified_time":"2026-03-11T10:07:41+00:00","og_image":[{"width":830,"height":643,"url":"https:\/\/www.impulsoenergia.eu\/custom\/uploads\/2026\/03\/Image-65.jpg","type":"image\/jpeg"}],"author":"mariana","twitter_card":"summary_large_image","twitter_misc":{"Written by":"mariana","Est. reading time":"4 minutes"},"schema":{"@context":"https:\/\/schema.org","@graph":[{"@type":"Article","@id":"https:\/\/www.impulsoenergia.eu\/pt-pt\/central-solar-fotovoltaica-de-maio\/#article","isPartOf":{"@id":"https:\/\/www.impulsoenergia.eu\/pt-pt\/central-solar-fotovoltaica-de-maio\/"},"author":{"name":"mariana","@id":"https:\/\/www.impulsoenergia.eu\/#\/schema\/person\/e583955678f0a64694f6b34c7d147ad4"},"headline":"Central Solar Fotovoltaica do Maio","datePublished":"2026-03-10T12:31:08+00:00","dateModified":"2026-03-11T10:07:41+00:00","mainEntityOfPage":{"@id":"https:\/\/www.impulsoenergia.eu\/pt-pt\/central-solar-fotovoltaica-de-maio\/"},"wordCount":707,"publisher":{"@id":"https:\/\/www.impulsoenergia.eu\/#organization"},"image":{"@id":"https:\/\/www.impulsoenergia.eu\/pt-pt\/central-solar-fotovoltaica-de-maio\/#primaryimage"},"thumbnailUrl":"https:\/\/www.impulsoenergia.eu\/custom\/uploads\/2026\/03\/Image-65.jpg","articleSection":["Impulso en los medios","Noticias APP","Noticias impulso"],"inLanguage":"pt-PT"},{"@type":"WebPage","@id":"https:\/\/www.impulsoenergia.eu\/pt-pt\/central-solar-fotovoltaica-de-maio\/","url":"https:\/\/www.impulsoenergia.eu\/pt-pt\/central-solar-fotovoltaica-de-maio\/","name":"Central Solar Fotovoltaica de Maio | Grupo Impulso - Impulso Energ\u00eda","isPartOf":{"@id":"https:\/\/www.impulsoenergia.eu\/#website"},"primaryImageOfPage":{"@id":"https:\/\/www.impulsoenergia.eu\/pt-pt\/central-solar-fotovoltaica-de-maio\/#primaryimage"},"image":{"@id":"https:\/\/www.impulsoenergia.eu\/pt-pt\/central-solar-fotovoltaica-de-maio\/#primaryimage"},"thumbnailUrl":"https:\/\/www.impulsoenergia.eu\/custom\/uploads\/2026\/03\/Image-65.jpg","datePublished":"2026-03-10T12:31:08+00:00","dateModified":"2026-03-11T10:07:41+00:00","description":"Conhe\u00e7a a Central Solar Fotovoltaica do Maio em Cabo Verde, desenvolvida pela \u00c1guas de Ponta Preta e Impulso Solar, financiada pelo Banco Mundial","breadcrumb":{"@id":"https:\/\/www.impulsoenergia.eu\/pt-pt\/central-solar-fotovoltaica-de-maio\/#breadcrumb"},"inLanguage":"pt-PT","potentialAction":[{"@type":"ReadAction","target":["https:\/\/www.impulsoenergia.eu\/pt-pt\/central-solar-fotovoltaica-de-maio\/"]}]},{"@type":"ImageObject","inLanguage":"pt-PT","@id":"https:\/\/www.impulsoenergia.eu\/pt-pt\/central-solar-fotovoltaica-de-maio\/#primaryimage","url":"https:\/\/www.impulsoenergia.eu\/custom\/uploads\/2026\/03\/Image-65.jpg","contentUrl":"https:\/\/www.impulsoenergia.eu\/custom\/uploads\/2026\/03\/Image-65.jpg","width":830,"height":643,"caption":"Planta solar de 412 kWp na Ilha do Maio, executada pelo Grupo IMPULSO \u2013 APP \u00c1guas de Ponta Preta. A Impulso Solar colaborou no projeto, que foi financiado pelo Banco Mundial para o Estado de Cabo Verde."},{"@type":"BreadcrumbList","@id":"https:\/\/www.impulsoenergia.eu\/pt-pt\/central-solar-fotovoltaica-de-maio\/#breadcrumb","itemListElement":[{"@type":"ListItem","position":1,"name":"Portada","item":"https:\/\/www.impulsoenergia.eu\/pt-pt\/"},{"@type":"ListItem","position":2,"name":"Central Solar Fotovoltaica do Maio"}]},{"@type":"WebSite","@id":"https:\/\/www.impulsoenergia.eu\/#website","url":"https:\/\/www.impulsoenergia.eu\/","name":"Impulso Energ\u00eda","description":"Desarrollo e inversi\u00f3n en los sectores de la energ\u00eda y el agua","publisher":{"@id":"https:\/\/www.impulsoenergia.eu\/#organization"},"potentialAction":[{"@type":"SearchAction","target":{"@type":"EntryPoint","urlTemplate":"https:\/\/www.impulsoenergia.eu\/?s={search_term_string}"},"query-input":{"@type":"PropertyValueSpecification","valueRequired":true,"valueName":"search_term_string"}}],"inLanguage":"pt-PT"},{"@type":"Organization","@id":"https:\/\/www.impulsoenergia.eu\/#organization","name":"Impulso Energ\u00eda","url":"https:\/\/www.impulsoenergia.eu\/","logo":{"@type":"ImageObject","inLanguage":"pt-PT","@id":"https:\/\/www.impulsoenergia.eu\/#\/schema\/logo\/image\/","url":"https:\/\/www.impulsoenergia.eu\/custom\/uploads\/2022\/09\/logo-impulso.jpg","contentUrl":"https:\/\/www.impulsoenergia.eu\/custom\/uploads\/2022\/09\/logo-impulso.jpg","width":232,"height":75,"caption":"Impulso Energ\u00eda"},"image":{"@id":"https:\/\/www.impulsoenergia.eu\/#\/schema\/logo\/image\/"}},{"@type":"Person","@id":"https:\/\/www.impulsoenergia.eu\/#\/schema\/person\/e583955678f0a64694f6b34c7d147ad4","name":"mariana","image":{"@type":"ImageObject","inLanguage":"pt-PT","@id":"https:\/\/www.impulsoenergia.eu\/#\/schema\/person\/image\/","url":"https:\/\/secure.gravatar.com\/avatar\/22f14bf6d28fc4a5972fd4fda110270f8a2632aa691ec6aabd56edead8aa750e?s=96&d=mm&r=g","contentUrl":"https:\/\/secure.gravatar.com\/avatar\/22f14bf6d28fc4a5972fd4fda110270f8a2632aa691ec6aabd56edead8aa750e?s=96&d=mm&r=g","caption":"mariana"},"url":"https:\/\/www.impulsoenergia.eu\/pt-pt\/author\/mariana\/"}]}},"_links":{"self":[{"href":"https:\/\/www.impulsoenergia.eu\/pt-pt\/wp-json\/wp\/v2\/posts\/1961","targetHints":{"allow":["GET"]}}],"collection":[{"href":"https:\/\/www.impulsoenergia.eu\/pt-pt\/wp-json\/wp\/v2\/posts"}],"about":[{"href":"https:\/\/www.impulsoenergia.eu\/pt-pt\/wp-json\/wp\/v2\/types\/post"}],"author":[{"embeddable":true,"href":"https:\/\/www.impulsoenergia.eu\/pt-pt\/wp-json\/wp\/v2\/users\/2"}],"replies":[{"embeddable":true,"href":"https:\/\/www.impulsoenergia.eu\/pt-pt\/wp-json\/wp\/v2\/comments?post=1961"}],"version-history":[{"count":6,"href":"https:\/\/www.impulsoenergia.eu\/pt-pt\/wp-json\/wp\/v2\/posts\/1961\/revisions"}],"predecessor-version":[{"id":1975,"href":"https:\/\/www.impulsoenergia.eu\/pt-pt\/wp-json\/wp\/v2\/posts\/1961\/revisions\/1975"}],"wp:featuredmedia":[{"embeddable":true,"href":"https:\/\/www.impulsoenergia.eu\/pt-pt\/wp-json\/wp\/v2\/media\/1964"}],"wp:attachment":[{"href":"https:\/\/www.impulsoenergia.eu\/pt-pt\/wp-json\/wp\/v2\/media?parent=1961"}],"wp:term":[{"taxonomy":"category","embeddable":true,"href":"https:\/\/www.impulsoenergia.eu\/pt-pt\/wp-json\/wp\/v2\/categories?post=1961"}],"curies":[{"name":"wp","href":"https:\/\/api.w.org\/{rel}","templated":true}]}}