{"id":1932,"date":"2026-03-09T12:06:27","date_gmt":"2026-03-09T12:06:27","guid":{"rendered":"https:\/\/www.impulsoenergia.eu\/impulso-energia-solar-cabo-verde\/"},"modified":"2026-03-10T11:29:53","modified_gmt":"2026-03-10T11:29:53","slug":"impulso-energia-solar-cabo-verde","status":"publish","type":"post","link":"https:\/\/www.impulsoenergia.eu\/pt-pt\/impulso-energia-solar-cabo-verde\/","title":{"rendered":"Novas plantas e investimentos na ilha de Santiago"},"content":{"rendered":"<h2 data-start=\"233\" data-end=\"457\"><span style=\"color: #0c3b75;\">Energia solar continua a transformar Cabo Verde<\/span><\/h2>\n<p data-start=\"160\" data-end=\"378\">A \u00faltima semana marcou avan\u00e7os importantes nos projetos de gera\u00e7\u00e3o de energia limpa que <strong data-start=\"248\" data-end=\"272\">\u00c1guas de Ponta Preta<\/strong> e <strong data-start=\"275\" data-end=\"292\">Impulso Solar<\/strong>, empresas pertencentes ao holding <strong data-start=\"327\" data-end=\"338\">Impulso<\/strong>, est\u00e3o a desenvolver em <strong data-start=\"363\" data-end=\"377\">Cabo Verde<\/strong>.<\/p>\n<p data-start=\"380\" data-end=\"559\">Durante estes dias concretizaram-se novas inaugura\u00e7\u00f5es e foram apresentados projetos estrat\u00e9gicos que ir\u00e3o contribuir para refor\u00e7ar a produ\u00e7\u00e3o de energia renov\u00e1vel no arquip\u00e9lago.<\/p>\n<p data-start=\"561\" data-end=\"761\">Neste contexto, inaugur\u00e1mos <strong data-start=\"589\" data-end=\"636\">duas centrais fotovoltaicas de 412 kWp cada<\/strong>, localizadas nas ilhas do <strong data-start=\"663\" data-end=\"671\">Maio<\/strong> e de <strong data-start=\"677\" data-end=\"692\">S\u00e3o Nicolau<\/strong>, que j\u00e1 est\u00e3o operacionais e a gerar energia para a popula\u00e7\u00e3o local.<\/p>\n<h3 data-section-id=\"sk3lf1\" data-start=\"1235\" data-end=\"1259\"><span style=\"color: #0c3b75;\"><img loading=\"lazy\" decoding=\"async\" class=\"alignright wp-image-1934 \" src=\"https:\/\/www.impulsoenergia.eu\/custom\/uploads\/2026\/03\/3-819x1024.png\" alt=\"Este projeto contempla a moderniza\u00e7\u00e3o e amplia\u00e7\u00e3o da infraestrutura fotovoltaica existente. A interven\u00e7\u00e3o permitir\u00e1 aumentar a capacidade instalada de 4 MW para 10 MW no mesmo terreno, com uma produ\u00e7\u00e3o estimada de 21.547 MWh anuais, evitando aproximadamente 18.750 toneladas de CO\u2082 por ano.\" width=\"381\" height=\"477\" srcset=\"https:\/\/www.impulsoenergia.eu\/custom\/uploads\/2026\/03\/3-819x1024.png 819w, https:\/\/www.impulsoenergia.eu\/custom\/uploads\/2026\/03\/3-240x300.png 240w, https:\/\/www.impulsoenergia.eu\/custom\/uploads\/2026\/03\/3-768x960.png 768w, https:\/\/www.impulsoenergia.eu\/custom\/uploads\/2026\/03\/3.png 1080w\" sizes=\"auto, (max-width: 381px) 100vw, 381px\" \/><\/span><\/h3>\n<p data-start=\"853\" data-end=\"1233\">Al\u00e9m disso, na <strong data-start=\"1113\" data-end=\"1141\">quinta-feira, 5 de mar\u00e7o<\/strong>, o Primeiro-Ministro <strong data-start=\"1163\" data-end=\"1195\">Jos\u00e9 Ulisses Correia e Silva<\/strong>, juntamente com outros representantes do Governo de Cabo Verde, visitou as instala\u00e7\u00f5es do <strong data-start=\"1286\" data-end=\"1326\">repowering do parque solar Palmarejo<\/strong> e presidiu o lan\u00e7amento da <strong data-start=\"1354\" data-end=\"1401\">Central Solar Fotovoltaica de Achada Barnel<\/strong>, em <strong data-start=\"1406\" data-end=\"1424\">Ribeira Grande<\/strong>. Ambas as iniciativas est\u00e3o a ser desenvolvidas na ilha de <strong data-start=\"1484\" data-end=\"1496\">Santiago<\/strong>.<\/p>\n<h3 data-section-id=\"sk3lf1\" data-start=\"1235\" data-end=\"1259\"><span style=\"color: #0c3b75;\">Repowering Palmarejo<\/span><\/h3>\n<p data-start=\"1261\" data-end=\"1575\">Este projeto contempla a moderniza\u00e7\u00e3o e amplia\u00e7\u00e3o da infraestrutura fotovoltaica existente. A interven\u00e7\u00e3o permitir\u00e1 <strong data-start=\"910\" data-end=\"981\">aumentar a capacidade instalada de 4 MW para 10 MW no mesmo terreno<\/strong>, com uma <strong data-start=\"991\" data-end=\"1033\">produ\u00e7\u00e3o estimada de 21.547 MWh anuais<\/strong>, evitando aproximadamente <strong data-start=\"1060\" data-end=\"1095\">18.750 toneladas de CO\u2082 por ano<\/strong>.<\/p>\n<p><img loading=\"lazy\" decoding=\"async\" class=\"wp-image-1915 alignleft\" src=\"https:\/\/www.impulsoenergia.eu\/custom\/uploads\/2026\/03\/5-819x1024.png\" alt=\"Inicio de obras de Achada Barnel Este nuevo parque solar es resultado de una concesi\u00f3n p\u00fablica a 25 a\u00f1os del Gobierno de Cabo Verde al Grupo APP e Impulso, representando una inversi\u00f3n de 8 millones de euros destinada a fortalecer la producci\u00f3n de energ\u00eda limpia en Ribeira Grande.\" width=\"379\" height=\"474\" srcset=\"https:\/\/www.impulsoenergia.eu\/custom\/uploads\/2026\/03\/5-819x1024.png 819w, https:\/\/www.impulsoenergia.eu\/custom\/uploads\/2026\/03\/5-240x300.png 240w, https:\/\/www.impulsoenergia.eu\/custom\/uploads\/2026\/03\/5-768x960.png 768w, https:\/\/www.impulsoenergia.eu\/custom\/uploads\/2026\/03\/5.png 1080w\" sizes=\"auto, (max-width: 379px) 100vw, 379px\" \/><\/p>\n<h3 data-section-id=\"it9nw8\" data-start=\"1577\" data-end=\"1613\"><\/h3>\n<h3 data-section-id=\"it9nw8\" data-start=\"1577\" data-end=\"1613\"><\/h3>\n<h3 data-section-id=\"it9nw8\" data-start=\"1577\" data-end=\"1613\"><span style=\"color: #0c3b75;\">Inicio das obras de Achada Barnel<\/span><\/h3>\n<p data-start=\"1543\" data-end=\"1798\">Este novo parque solar \u00e9 resultado de uma <strong data-start=\"1585\" data-end=\"1617\">concess\u00e3o p\u00fablica de 25 anos<\/strong> do Governo de Cabo Verde ao <strong data-start=\"1646\" data-end=\"1669\">Grupo APP e Impulso<\/strong>, representando um investimento de <strong data-start=\"1704\" data-end=\"1726\">8 milh\u00f5es de euros<\/strong> destinado a refor\u00e7ar a produ\u00e7\u00e3o de energia limpa em <strong data-start=\"1779\" data-end=\"1797\">Ribeira Grande<\/strong>.<\/p>\n<h3 data-section-id=\"11lyokv\" data-start=\"1880\" data-end=\"1914\"><\/h3>\n<h3 data-section-id=\"11lyokv\" data-start=\"1880\" data-end=\"1914\"><\/h3>\n<h3 data-section-id=\"11lyokv\" data-start=\"1880\" data-end=\"1914\"><a href=\"https:\/\/www.impulsoenergia.eu\/pt-pt\/o-que-fazemos\/energia-solar\/\"><span style=\"color: #0c3b75;\">Impulso na ilha de Santiago<\/span><\/a><\/h3>\n<p data-start=\"1916\" data-end=\"2049\">A experi\u00eancia e solidez do Grupo refletem-se em cada<a href=\"https:\/\/www.impulsoenergia.eu\/pt-pt\/projetos-renovaveis-gestao-agua\/\"> projeto conclu\u00eddo<\/a>\u00a0com impacto real na transforma\u00e7\u00e3o energ\u00e9tica do pa\u00eds.<\/p>\n<p data-start=\"1964\" data-end=\"2246\">Na <strong data-start=\"1967\" data-end=\"1987\">ilha de Santiago<\/strong>, as centrais de <strong data-start=\"2004\" data-end=\"2017\">Palmarejo<\/strong> e <strong data-start=\"2020\" data-end=\"2038\">Ribeira Grande<\/strong>, juntamente com outras solu\u00e7\u00f5es de energia limpa, permitir\u00e3o cobrir <strong data-start=\"2107\" data-end=\"2141\">at\u00e9 40% da produ\u00e7\u00e3o energ\u00e9tica<\/strong>, reduzindo a depend\u00eancia de combust\u00edveis f\u00f3sseis e refor\u00e7ando a <strong data-start=\"2206\" data-end=\"2245\">soberania energ\u00e9tica do arquip\u00e9lago<\/strong>.<\/p>\n<hr data-start=\"2351\" data-end=\"2354\" \/>\n<p data-start=\"2356\" data-end=\"2471\"><strong data-start=\"2356\" data-end=\"2471\">Nos seguintes links podem aceder a algumas das notas publicadas por meios de comunica\u00e7\u00e3o e fontes institucionais que deram cobertura a ambos os eventos:<\/strong><\/p>\n<p data-start=\"2356\" data-end=\"2471\"><a href=\"https:\/\/www.rtc.cv\/tcv\/video-details\/primeiro-ministro-visita-nbsp-projeto-nbsp-repowering-nbsp-do-parque-nbsp-solar-e-nbsp-lanca-central-solar-fotovoltaica-56450\">RTC: Televis\u00e3o de Cabo Verde<\/a><\/p>\n<p data-start=\"2356\" data-end=\"2471\"><a href=\"https:\/\/opais.cv\/149479-2\/05\/03\/2026\/\">OPAIS: Jornal de Cabo Verde<\/a><\/p>\n<p data-start=\"2356\" data-end=\"2471\"><a href=\"https:\/\/www.inforpress.cv\/pt\/article-8254\">Inforpress: Ag\u00eancia de Not\u00edcias de Cabo Verde<\/a><\/p>\n<p data-start=\"2356\" data-end=\"2471\"><a href=\"https:\/\/www.governo.cv\/arrancou-o-projeto-de-repowering-do-parque-solar-do-palmarejo-gracas-acordo-climatico-e-ambiental-com-portugal\/\">Governo.CV: Portal oficial de Cabo Verde<\/a><\/p>\n","protected":false},"excerpt":{"rendered":"<p>Energia solar continua a transformar Cabo Verde A \u00faltima semana marcou avan\u00e7os importantes nos projetos de gera\u00e7\u00e3o de energia limpa [&hellip;]<\/p>\n","protected":false},"author":2,"featured_media":1929,"comment_status":"closed","ping_status":"closed","sticky":false,"template":"","format":"standard","meta":{"_acf_changed":false,"footnotes":""},"categories":[68,61,63],"class_list":["post-1932","post","type-post","status-publish","format-standard","has-post-thumbnail","hentry","category-medios-pt-pt","category-app-pt-pt","category-impulso-pt-pt"],"acf":[],"yoast_head":"<!-- This site is optimized with the Yoast SEO plugin v25.6 - https:\/\/yoast.com\/wordpress\/plugins\/seo\/ -->\n<title>Avan\u00e7os em energia solar em Cabo Verde: projetos em Santiago - Impulso Energ\u00eda<\/title>\n<meta name=\"description\" content=\"Impulso e \u00c1guas de Ponta Preta avan\u00e7am na transi\u00e7\u00e3o energ\u00e9tica de Cabo Verde com novos projetos estrat\u00e9gicos em Santiago\" \/>\n<meta name=\"robots\" content=\"index, follow, max-snippet:-1, max-image-preview:large, max-video-preview:-1\" \/>\n<link rel=\"canonical\" href=\"https:\/\/www.impulsoenergia.eu\/pt-pt\/impulso-energia-solar-cabo-verde\/\" \/>\n<meta property=\"og:locale\" content=\"pt_PT\" \/>\n<meta property=\"og:type\" content=\"article\" \/>\n<meta property=\"og:title\" content=\"Avan\u00e7os em energia solar em Cabo Verde: projetos em Santiago - Impulso Energ\u00eda\" \/>\n<meta property=\"og:description\" content=\"Impulso e \u00c1guas de Ponta Preta avan\u00e7am na transi\u00e7\u00e3o energ\u00e9tica de Cabo Verde com novos projetos estrat\u00e9gicos em Santiago\" \/>\n<meta property=\"og:url\" content=\"https:\/\/www.impulsoenergia.eu\/pt-pt\/impulso-energia-solar-cabo-verde\/\" \/>\n<meta property=\"og:site_name\" content=\"Impulso Energ\u00eda\" \/>\n<meta property=\"article:published_time\" content=\"2026-03-09T12:06:27+00:00\" \/>\n<meta property=\"article:modified_time\" content=\"2026-03-10T11:29:53+00:00\" \/>\n<meta property=\"og:image\" content=\"https:\/\/www.impulsoenergia.eu\/custom\/uploads\/2026\/03\/Image-60.jpg\" \/>\n\t<meta property=\"og:image:width\" content=\"1600\" \/>\n\t<meta property=\"og:image:height\" content=\"1200\" \/>\n\t<meta property=\"og:image:type\" content=\"image\/jpeg\" \/>\n<meta name=\"author\" content=\"mariana\" \/>\n<meta name=\"twitter:card\" content=\"summary_large_image\" \/>\n<meta name=\"twitter:label1\" content=\"Written by\" \/>\n\t<meta name=\"twitter:data1\" content=\"mariana\" \/>\n\t<meta name=\"twitter:label2\" content=\"Est. reading time\" \/>\n\t<meta name=\"twitter:data2\" content=\"3 minutes\" \/>\n<script type=\"application\/ld+json\" class=\"yoast-schema-graph\">{\"@context\":\"https:\/\/schema.org\",\"@graph\":[{\"@type\":\"Article\",\"@id\":\"https:\/\/www.impulsoenergia.eu\/pt-pt\/impulso-energia-solar-cabo-verde\/#article\",\"isPartOf\":{\"@id\":\"https:\/\/www.impulsoenergia.eu\/pt-pt\/impulso-energia-solar-cabo-verde\/\"},\"author\":{\"name\":\"mariana\",\"@id\":\"https:\/\/www.impulsoenergia.eu\/#\/schema\/person\/e583955678f0a64694f6b34c7d147ad4\"},\"headline\":\"Novas plantas e investimentos na ilha de Santiago\",\"datePublished\":\"2026-03-09T12:06:27+00:00\",\"dateModified\":\"2026-03-10T11:29:53+00:00\",\"mainEntityOfPage\":{\"@id\":\"https:\/\/www.impulsoenergia.eu\/pt-pt\/impulso-energia-solar-cabo-verde\/\"},\"wordCount\":398,\"publisher\":{\"@id\":\"https:\/\/www.impulsoenergia.eu\/#organization\"},\"image\":{\"@id\":\"https:\/\/www.impulsoenergia.eu\/pt-pt\/impulso-energia-solar-cabo-verde\/#primaryimage\"},\"thumbnailUrl\":\"https:\/\/www.impulsoenergia.eu\/custom\/uploads\/2026\/03\/Image-60.jpg\",\"articleSection\":[\"Impulso en los medios\",\"Noticias APP\",\"Noticias impulso\"],\"inLanguage\":\"pt-PT\"},{\"@type\":\"WebPage\",\"@id\":\"https:\/\/www.impulsoenergia.eu\/pt-pt\/impulso-energia-solar-cabo-verde\/\",\"url\":\"https:\/\/www.impulsoenergia.eu\/pt-pt\/impulso-energia-solar-cabo-verde\/\",\"name\":\"Avan\u00e7os em energia solar em Cabo Verde: projetos em Santiago - Impulso Energ\u00eda\",\"isPartOf\":{\"@id\":\"https:\/\/www.impulsoenergia.eu\/#website\"},\"primaryImageOfPage\":{\"@id\":\"https:\/\/www.impulsoenergia.eu\/pt-pt\/impulso-energia-solar-cabo-verde\/#primaryimage\"},\"image\":{\"@id\":\"https:\/\/www.impulsoenergia.eu\/pt-pt\/impulso-energia-solar-cabo-verde\/#primaryimage\"},\"thumbnailUrl\":\"https:\/\/www.impulsoenergia.eu\/custom\/uploads\/2026\/03\/Image-60.jpg\",\"datePublished\":\"2026-03-09T12:06:27+00:00\",\"dateModified\":\"2026-03-10T11:29:53+00:00\",\"description\":\"Impulso e \u00c1guas de Ponta Preta avan\u00e7am na transi\u00e7\u00e3o energ\u00e9tica de Cabo Verde com novos projetos estrat\u00e9gicos em Santiago\",\"breadcrumb\":{\"@id\":\"https:\/\/www.impulsoenergia.eu\/pt-pt\/impulso-energia-solar-cabo-verde\/#breadcrumb\"},\"inLanguage\":\"pt-PT\",\"potentialAction\":[{\"@type\":\"ReadAction\",\"target\":[\"https:\/\/www.impulsoenergia.eu\/pt-pt\/impulso-energia-solar-cabo-verde\/\"]}]},{\"@type\":\"ImageObject\",\"inLanguage\":\"pt-PT\",\"@id\":\"https:\/\/www.impulsoenergia.eu\/pt-pt\/impulso-energia-solar-cabo-verde\/#primaryimage\",\"url\":\"https:\/\/www.impulsoenergia.eu\/custom\/uploads\/2026\/03\/Image-60.jpg\",\"contentUrl\":\"https:\/\/www.impulsoenergia.eu\/custom\/uploads\/2026\/03\/Image-60.jpg\",\"width\":1600,\"height\":1200,\"caption\":\"el jueves 5 de marzo, el Primeiro-Ministro Jos\u00e9 Ulisses Correia e Silva, junto a otros representantes del Gobierno de Cabo Verde, visit\u00f3 las instalaciones del repowering del parque solar Palmarejo y presidi\u00f3 el lanzamiento de la Planta Solar Fotovoltaica de Achada Barnel, en Ribeira Grande. Ambas iniciativas se desarrollan en la isla de Santiago.\"},{\"@type\":\"BreadcrumbList\",\"@id\":\"https:\/\/www.impulsoenergia.eu\/pt-pt\/impulso-energia-solar-cabo-verde\/#breadcrumb\",\"itemListElement\":[{\"@type\":\"ListItem\",\"position\":1,\"name\":\"Portada\",\"item\":\"https:\/\/www.impulsoenergia.eu\/pt-pt\/\"},{\"@type\":\"ListItem\",\"position\":2,\"name\":\"Novas plantas e investimentos na ilha de Santiago\"}]},{\"@type\":\"WebSite\",\"@id\":\"https:\/\/www.impulsoenergia.eu\/#website\",\"url\":\"https:\/\/www.impulsoenergia.eu\/\",\"name\":\"Impulso Energ\u00eda\",\"description\":\"Desarrollo e inversi\u00f3n en los sectores de la energ\u00eda y el agua\",\"publisher\":{\"@id\":\"https:\/\/www.impulsoenergia.eu\/#organization\"},\"potentialAction\":[{\"@type\":\"SearchAction\",\"target\":{\"@type\":\"EntryPoint\",\"urlTemplate\":\"https:\/\/www.impulsoenergia.eu\/?s={search_term_string}\"},\"query-input\":{\"@type\":\"PropertyValueSpecification\",\"valueRequired\":true,\"valueName\":\"search_term_string\"}}],\"inLanguage\":\"pt-PT\"},{\"@type\":\"Organization\",\"@id\":\"https:\/\/www.impulsoenergia.eu\/#organization\",\"name\":\"Impulso Energ\u00eda\",\"url\":\"https:\/\/www.impulsoenergia.eu\/\",\"logo\":{\"@type\":\"ImageObject\",\"inLanguage\":\"pt-PT\",\"@id\":\"https:\/\/www.impulsoenergia.eu\/#\/schema\/logo\/image\/\",\"url\":\"https:\/\/www.impulsoenergia.eu\/custom\/uploads\/2022\/09\/logo-impulso.jpg\",\"contentUrl\":\"https:\/\/www.impulsoenergia.eu\/custom\/uploads\/2022\/09\/logo-impulso.jpg\",\"width\":232,\"height\":75,\"caption\":\"Impulso Energ\u00eda\"},\"image\":{\"@id\":\"https:\/\/www.impulsoenergia.eu\/#\/schema\/logo\/image\/\"}},{\"@type\":\"Person\",\"@id\":\"https:\/\/www.impulsoenergia.eu\/#\/schema\/person\/e583955678f0a64694f6b34c7d147ad4\",\"name\":\"mariana\",\"image\":{\"@type\":\"ImageObject\",\"inLanguage\":\"pt-PT\",\"@id\":\"https:\/\/www.impulsoenergia.eu\/#\/schema\/person\/image\/\",\"url\":\"https:\/\/secure.gravatar.com\/avatar\/22f14bf6d28fc4a5972fd4fda110270f8a2632aa691ec6aabd56edead8aa750e?s=96&d=mm&r=g\",\"contentUrl\":\"https:\/\/secure.gravatar.com\/avatar\/22f14bf6d28fc4a5972fd4fda110270f8a2632aa691ec6aabd56edead8aa750e?s=96&d=mm&r=g\",\"caption\":\"mariana\"},\"url\":\"https:\/\/www.impulsoenergia.eu\/pt-pt\/author\/mariana\/\"}]}<\/script>\n<!-- \/ Yoast SEO plugin. -->","yoast_head_json":{"title":"Avan\u00e7os em energia solar em Cabo Verde: projetos em Santiago - Impulso Energ\u00eda","description":"Impulso e \u00c1guas de Ponta Preta avan\u00e7am na transi\u00e7\u00e3o energ\u00e9tica de Cabo Verde com novos projetos estrat\u00e9gicos em Santiago","robots":{"index":"index","follow":"follow","max-snippet":"max-snippet:-1","max-image-preview":"max-image-preview:large","max-video-preview":"max-video-preview:-1"},"canonical":"https:\/\/www.impulsoenergia.eu\/pt-pt\/impulso-energia-solar-cabo-verde\/","og_locale":"pt_PT","og_type":"article","og_title":"Avan\u00e7os em energia solar em Cabo Verde: projetos em Santiago - Impulso Energ\u00eda","og_description":"Impulso e \u00c1guas de Ponta Preta avan\u00e7am na transi\u00e7\u00e3o energ\u00e9tica de Cabo Verde com novos projetos estrat\u00e9gicos em Santiago","og_url":"https:\/\/www.impulsoenergia.eu\/pt-pt\/impulso-energia-solar-cabo-verde\/","og_site_name":"Impulso Energ\u00eda","article_published_time":"2026-03-09T12:06:27+00:00","article_modified_time":"2026-03-10T11:29:53+00:00","og_image":[{"width":1600,"height":1200,"url":"https:\/\/www.impulsoenergia.eu\/custom\/uploads\/2026\/03\/Image-60.jpg","type":"image\/jpeg"}],"author":"mariana","twitter_card":"summary_large_image","twitter_misc":{"Written by":"mariana","Est. reading time":"3 minutes"},"schema":{"@context":"https:\/\/schema.org","@graph":[{"@type":"Article","@id":"https:\/\/www.impulsoenergia.eu\/pt-pt\/impulso-energia-solar-cabo-verde\/#article","isPartOf":{"@id":"https:\/\/www.impulsoenergia.eu\/pt-pt\/impulso-energia-solar-cabo-verde\/"},"author":{"name":"mariana","@id":"https:\/\/www.impulsoenergia.eu\/#\/schema\/person\/e583955678f0a64694f6b34c7d147ad4"},"headline":"Novas plantas e investimentos na ilha de Santiago","datePublished":"2026-03-09T12:06:27+00:00","dateModified":"2026-03-10T11:29:53+00:00","mainEntityOfPage":{"@id":"https:\/\/www.impulsoenergia.eu\/pt-pt\/impulso-energia-solar-cabo-verde\/"},"wordCount":398,"publisher":{"@id":"https:\/\/www.impulsoenergia.eu\/#organization"},"image":{"@id":"https:\/\/www.impulsoenergia.eu\/pt-pt\/impulso-energia-solar-cabo-verde\/#primaryimage"},"thumbnailUrl":"https:\/\/www.impulsoenergia.eu\/custom\/uploads\/2026\/03\/Image-60.jpg","articleSection":["Impulso en los medios","Noticias APP","Noticias impulso"],"inLanguage":"pt-PT"},{"@type":"WebPage","@id":"https:\/\/www.impulsoenergia.eu\/pt-pt\/impulso-energia-solar-cabo-verde\/","url":"https:\/\/www.impulsoenergia.eu\/pt-pt\/impulso-energia-solar-cabo-verde\/","name":"Avan\u00e7os em energia solar em Cabo Verde: projetos em Santiago - Impulso Energ\u00eda","isPartOf":{"@id":"https:\/\/www.impulsoenergia.eu\/#website"},"primaryImageOfPage":{"@id":"https:\/\/www.impulsoenergia.eu\/pt-pt\/impulso-energia-solar-cabo-verde\/#primaryimage"},"image":{"@id":"https:\/\/www.impulsoenergia.eu\/pt-pt\/impulso-energia-solar-cabo-verde\/#primaryimage"},"thumbnailUrl":"https:\/\/www.impulsoenergia.eu\/custom\/uploads\/2026\/03\/Image-60.jpg","datePublished":"2026-03-09T12:06:27+00:00","dateModified":"2026-03-10T11:29:53+00:00","description":"Impulso e \u00c1guas de Ponta Preta avan\u00e7am na transi\u00e7\u00e3o energ\u00e9tica de Cabo Verde com novos projetos estrat\u00e9gicos em Santiago","breadcrumb":{"@id":"https:\/\/www.impulsoenergia.eu\/pt-pt\/impulso-energia-solar-cabo-verde\/#breadcrumb"},"inLanguage":"pt-PT","potentialAction":[{"@type":"ReadAction","target":["https:\/\/www.impulsoenergia.eu\/pt-pt\/impulso-energia-solar-cabo-verde\/"]}]},{"@type":"ImageObject","inLanguage":"pt-PT","@id":"https:\/\/www.impulsoenergia.eu\/pt-pt\/impulso-energia-solar-cabo-verde\/#primaryimage","url":"https:\/\/www.impulsoenergia.eu\/custom\/uploads\/2026\/03\/Image-60.jpg","contentUrl":"https:\/\/www.impulsoenergia.eu\/custom\/uploads\/2026\/03\/Image-60.jpg","width":1600,"height":1200,"caption":"el jueves 5 de marzo, el Primeiro-Ministro Jos\u00e9 Ulisses Correia e Silva, junto a otros representantes del Gobierno de Cabo Verde, visit\u00f3 las instalaciones del repowering del parque solar Palmarejo y presidi\u00f3 el lanzamiento de la Planta Solar Fotovoltaica de Achada Barnel, en Ribeira Grande. Ambas iniciativas se desarrollan en la isla de Santiago."},{"@type":"BreadcrumbList","@id":"https:\/\/www.impulsoenergia.eu\/pt-pt\/impulso-energia-solar-cabo-verde\/#breadcrumb","itemListElement":[{"@type":"ListItem","position":1,"name":"Portada","item":"https:\/\/www.impulsoenergia.eu\/pt-pt\/"},{"@type":"ListItem","position":2,"name":"Novas plantas e investimentos na ilha de Santiago"}]},{"@type":"WebSite","@id":"https:\/\/www.impulsoenergia.eu\/#website","url":"https:\/\/www.impulsoenergia.eu\/","name":"Impulso Energ\u00eda","description":"Desarrollo e inversi\u00f3n en los sectores de la energ\u00eda y el agua","publisher":{"@id":"https:\/\/www.impulsoenergia.eu\/#organization"},"potentialAction":[{"@type":"SearchAction","target":{"@type":"EntryPoint","urlTemplate":"https:\/\/www.impulsoenergia.eu\/?s={search_term_string}"},"query-input":{"@type":"PropertyValueSpecification","valueRequired":true,"valueName":"search_term_string"}}],"inLanguage":"pt-PT"},{"@type":"Organization","@id":"https:\/\/www.impulsoenergia.eu\/#organization","name":"Impulso Energ\u00eda","url":"https:\/\/www.impulsoenergia.eu\/","logo":{"@type":"ImageObject","inLanguage":"pt-PT","@id":"https:\/\/www.impulsoenergia.eu\/#\/schema\/logo\/image\/","url":"https:\/\/www.impulsoenergia.eu\/custom\/uploads\/2022\/09\/logo-impulso.jpg","contentUrl":"https:\/\/www.impulsoenergia.eu\/custom\/uploads\/2022\/09\/logo-impulso.jpg","width":232,"height":75,"caption":"Impulso Energ\u00eda"},"image":{"@id":"https:\/\/www.impulsoenergia.eu\/#\/schema\/logo\/image\/"}},{"@type":"Person","@id":"https:\/\/www.impulsoenergia.eu\/#\/schema\/person\/e583955678f0a64694f6b34c7d147ad4","name":"mariana","image":{"@type":"ImageObject","inLanguage":"pt-PT","@id":"https:\/\/www.impulsoenergia.eu\/#\/schema\/person\/image\/","url":"https:\/\/secure.gravatar.com\/avatar\/22f14bf6d28fc4a5972fd4fda110270f8a2632aa691ec6aabd56edead8aa750e?s=96&d=mm&r=g","contentUrl":"https:\/\/secure.gravatar.com\/avatar\/22f14bf6d28fc4a5972fd4fda110270f8a2632aa691ec6aabd56edead8aa750e?s=96&d=mm&r=g","caption":"mariana"},"url":"https:\/\/www.impulsoenergia.eu\/pt-pt\/author\/mariana\/"}]}},"_links":{"self":[{"href":"https:\/\/www.impulsoenergia.eu\/pt-pt\/wp-json\/wp\/v2\/posts\/1932","targetHints":{"allow":["GET"]}}],"collection":[{"href":"https:\/\/www.impulsoenergia.eu\/pt-pt\/wp-json\/wp\/v2\/posts"}],"about":[{"href":"https:\/\/www.impulsoenergia.eu\/pt-pt\/wp-json\/wp\/v2\/types\/post"}],"author":[{"embeddable":true,"href":"https:\/\/www.impulsoenergia.eu\/pt-pt\/wp-json\/wp\/v2\/users\/2"}],"replies":[{"embeddable":true,"href":"https:\/\/www.impulsoenergia.eu\/pt-pt\/wp-json\/wp\/v2\/comments?post=1932"}],"version-history":[{"count":5,"href":"https:\/\/www.impulsoenergia.eu\/pt-pt\/wp-json\/wp\/v2\/posts\/1932\/revisions"}],"predecessor-version":[{"id":1941,"href":"https:\/\/www.impulsoenergia.eu\/pt-pt\/wp-json\/wp\/v2\/posts\/1932\/revisions\/1941"}],"wp:featuredmedia":[{"embeddable":true,"href":"https:\/\/www.impulsoenergia.eu\/pt-pt\/wp-json\/wp\/v2\/media\/1929"}],"wp:attachment":[{"href":"https:\/\/www.impulsoenergia.eu\/pt-pt\/wp-json\/wp\/v2\/media?parent=1932"}],"wp:term":[{"taxonomy":"category","embeddable":true,"href":"https:\/\/www.impulsoenergia.eu\/pt-pt\/wp-json\/wp\/v2\/categories?post=1932"}],"curies":[{"name":"wp","href":"https:\/\/api.w.org\/{rel}","templated":true}]}}