{"id":1856,"date":"2025-11-24T11:25:58","date_gmt":"2025-11-24T11:25:58","guid":{"rendered":"https:\/\/www.impulsoenergia.eu\/central-solar-fotovoltaica-san-vicente-cabo-verde\/"},"modified":"2025-11-24T11:40:12","modified_gmt":"2025-11-24T11:40:12","slug":"central-solar-fotovoltaica-sao-vicente-cabo-verde","status":"publish","type":"post","link":"https:\/\/www.impulsoenergia.eu\/pt-pt\/central-solar-fotovoltaica-sao-vicente-cabo-verde\/","title":{"rendered":"Inaugura\u00e7\u00e3o da Central Solar Fotovoltaica SPV-5MW-SL1 em S\u00e3o Vicente, Cabo Verde"},"content":{"rendered":"<p><iframe loading=\"lazy\" title=\"Inaugura\u00e7\u00e3o da nova central fotovoltaica de 5MW em Cabo Verde\" width=\"500\" height=\"281\" src=\"https:\/\/www.youtube.com\/embed\/waISXT8tODo?feature=oembed\" frameborder=\"0\" allow=\"accelerometer; autoplay; clipboard-write; encrypted-media; gyroscope; picture-in-picture; web-share\" referrerpolicy=\"strict-origin-when-cross-origin\" allowfullscreen><\/iframe><\/p>\n<p>No dia 22 de novembro realizou-se a cerim\u00f3nia de inaugura\u00e7\u00e3o da Central Solar Fotovoltaica SPV-5MW-SL1 na ilha de S\u00e3o Vicente. O evento, presidido pelo Ministro da Ind\u00fastria, Com\u00e9rcio e Energia, Eng. Alexandre Monteiro, contou com a presen\u00e7a do Secret\u00e1rio de Estado das Finan\u00e7as, Dr. Alcindo Mota, deputados nacionais e municipais, do Diretor Nacional da Ind\u00fastria, Com\u00e9rcio e Energia, Eng. Carlos Monteiro, bem como representantes da APP, entre eles Norberto Larriba Blay e Dami\u00e0 Pujol Alib\u00e9s, entre outros convidados.<\/p>\n<p>&nbsp;<\/p>\n<h2>Cobertura da imprensa<\/h2>\n<h3>Expresso Das Ilhas &#8211; Inforpress:<\/h3>\n<p style=\"padding-left: 80px;\"><a href=\"https:\/\/expressodasilhas.cv\/pais\/2025\/11\/21\/sao-vicente-central-fotovoltaica-de-norte-de-baia-inaugurada-no-sabado\/100071\">S\u00e3o Vicente: Central fotovoltaica de Norte de Ba\u00eda inaugurada no s\u00e1bado<\/a><\/p>\n<h3><span class=\"x193iq5w xeuugli x13faqbe x1vvkbs x1xmvt09 xngnso2 x1qb5hxa x1xlr1w8 xzsf02u\">Minist\u00e9rio da Ind\u00fastria, Com\u00e9rcio e Energia:\u00a0<\/span><\/h3>\n<div class=\"x6s0dn4 x78zum5\" style=\"padding-left: 80px;\"><a href=\"https:\/\/www.facebook.com\/share\/v\/1AmR1BZ3BL\/\"><span class=\"x193iq5w xeuugli x13faqbe x1vvkbs x1xmvt09 x1lkfr7t x1lbecb7 xk50ysn xzsf02u\"><span class=\"x1lliihq x6ikm8r x10wlt62 x1n2onr6 x1j85h84\">Cerim\u00f3nia de Inaugura\u00e7\u00e3o da Central Solar Fotovoltaica SPV-5MW-SL1<\/span><\/span><\/a><\/div>\n<h3>RTC &#8211; R\u00e1dio Televis\u00e3o Cabo-verdiana<\/h3>\n<p class=\"style-scope ytd-watch-metadata\" style=\"padding-left: 80px;\"><a href=\"https:\/\/www.youtube.com\/watch?v=MA8eWBKqzn8\">S\u00e3o Vicente com primeira Central Solar Fotovoltaica e fica no Norte de Ba\u00eda<\/a><\/p>\n<p><iframe loading=\"lazy\" title=\"S\u00e3o Vicente com primeira Central Solar Fotovoltaica e fica no Norte de Ba\u00eda\" width=\"500\" height=\"281\" src=\"https:\/\/www.youtube.com\/embed\/MA8eWBKqzn8?feature=oembed\" frameborder=\"0\" allow=\"accelerometer; autoplay; clipboard-write; encrypted-media; gyroscope; picture-in-picture; web-share\" referrerpolicy=\"strict-origin-when-cross-origin\" allowfullscreen><\/iframe><\/p>\n<h2>Sobre a Central Fotovoltaica de S\u00e3o Vicente<\/h2>\n<div id=\"attachment_1850\" style=\"width: 582px\" class=\"wp-caption alignright\"><img loading=\"lazy\" decoding=\"async\" aria-describedby=\"caption-attachment-1850\" class=\"wp-image-1850 \" src=\"https:\/\/www.impulsoenergia.eu\/custom\/uploads\/2025\/11\/Image-50.jpg\" alt=\"Central Fotovoltaica isla San Vicente - Cabo Verde\" width=\"572\" height=\"322\" srcset=\"https:\/\/www.impulsoenergia.eu\/custom\/uploads\/2025\/11\/Image-50.jpg 1024w, https:\/\/www.impulsoenergia.eu\/custom\/uploads\/2025\/11\/Image-50-300x169.jpg 300w, https:\/\/www.impulsoenergia.eu\/custom\/uploads\/2025\/11\/Image-50-768x432.jpg 768w\" sizes=\"auto, (max-width: 572px) 100vw, 572px\" \/><p id=\"caption-attachment-1850\" class=\"wp-caption-text\">Central Fotovoltaica na ilha de S\u00e3o Vicente &#8211; Cabo Verde<\/p><\/div>\n<p>O projeto foi realizado atrav\u00e9s de um concurso internacional, aberto tamb\u00e9m a empresas nacionais, tendo sido adjudicado \u00e0 empresa cabo-verdiana<a href=\"https:\/\/aguaspp.com\/\"> \u00c0guas de Ponta Preta<\/a> em parceria com a sua filial espanhola, <a href=\"https:\/\/impulsosolar.com\/\">Impulso Solar<\/a>.<\/p>\n<p data-start=\"271\" data-end=\"440\">O contrato assinado com o Governo de Cabo Verde e a Electra foi formalizado no final de 2022, e a constru\u00e7\u00e3o teve in\u00edcio em abril de 2024, com uma dura\u00e7\u00e3o de 20 meses.<\/p>\n<p data-start=\"442\" data-end=\"627\">O projeto \u00e9 financiado atrav\u00e9s de uma emiss\u00e3o de obriga\u00e7\u00f5es na bolsa, em t\u00edtulos de <em data-start=\"526\" data-end=\"539\">green bonds<\/em> (obriga\u00e7\u00f5es verdes), colocados no mercado pelo Banco Cabo-verdiano de Neg\u00f3cios (BCN).<\/p>\n<p data-start=\"629\" data-end=\"960\" data-is-last-node=\"\" data-is-only-node=\"\">Localizada em Borde de Ba\u00eda\/Salamansa, a central ter\u00e1 um impacto direto no custo de gera\u00e7\u00e3o de energia e no meio ambiente, com redu\u00e7\u00e3o da importa\u00e7\u00e3o e do consumo de energias f\u00f3sseis. Isto n\u00e3o s\u00f3 representar\u00e1 um ganho direto para os cidad\u00e3os e para o pa\u00eds, como tamb\u00e9m contribuir\u00e1 para a estabilidade tarif\u00e1ria nos custos el\u00e9tricos.<\/p>\n<p>&nbsp;<\/p>\n<ul>\n<li>N\u00e3o s\u00f3 ser\u00e3o evitadas 9.200 toneladas de di\u00f3xido de carbono na atmosfera, como estas redu\u00e7\u00f5es tamb\u00e9m ser\u00e3o colocadas no <a href=\"https:\/\/registry.goldstandard.org\/projects?q=&amp;page=1&amp;is_certified_design=true&amp;countries=CV\">mercado internacional de cr\u00e9ditos de carbono GOLD STANDARD<\/a>.<\/li>\n<\/ul>\n<p>&nbsp;<\/p>\n<ul>\n<li>O pre\u00e7o de refer\u00eancia ao qual a nova ONSEC comprar\u00e1 a energia renov\u00e1vel \u00e9 tr\u00eas vezes mais baixo do que o da energia produzida a partir de combust\u00edveis f\u00f3sseis.<\/li>\n<\/ul>\n<p>&nbsp;<\/p>\n<h2>Interven\u00e7\u00f5es fotovoltaicas em Cabo Verde pela APP<\/h2>\n<p data-start=\"48\" data-end=\"417\">Tal como comentou Norberto Larriba, Conselheiro de Administra\u00e7\u00e3o da APP e CEO da Impulso, na inaugura\u00e7\u00e3o da Central Fotovoltaica de S\u00e3o Vicente:<br data-start=\"192\" data-end=\"195\" \/><em>&#8220;Gostaria de destacar a tecnologia fotovoltaica como uma ferramenta que permite impactos reais e tang\u00edveis sobre as pessoas. Uma tecnologia que hoje possibilita competitividade e efici\u00eancia no fornecimento de energia.&#8221;<\/em><\/p>\n<p data-start=\"419\" data-end=\"617\">No \u00faltimo ano entraram em opera\u00e7\u00e3o a central de <strong>Sal<\/strong> (5 MW, com 4,3 GWh j\u00e1 injetados na rede) e a de <strong>Maio<\/strong> (400 kW e quase 200 MWh injetados na rede apenas desde julho), com investimento do Governo.<\/p>\n<p data-start=\"619\" data-end=\"975\">Em breve entrar\u00e3o em opera\u00e7\u00e3o <strong>Santo Ant\u00e3o<\/strong> (1,2 MW) ainda em 2025 e <strong>S\u00e3o Nicolau<\/strong> (400 kW) em janeiro de 2026. Possivelmente em mar\u00e7o ser\u00e1 <strong>Brava<\/strong> (1,3 MW) e, finalmente, <strong>Fogo<\/strong> (1,3 MW) e o repowering da central de <strong>Palmarejo na<\/strong> <strong>Praia<\/strong> (10 MW). Tudo isto ser\u00e1 executado pela APP atrav\u00e9s de concursos internacionais, mas com investimento do Governo de Cabo Verde.<\/p>\n<p data-start=\"977\" data-end=\"1144\">Com investimento pr\u00f3prio, estamos avan\u00e7ando numa nova central fotovoltaica, que voltar\u00e1 a ser a maior do pa\u00eds, em <strong>Ribeira Grande de Santiago<\/strong>, com 12 MWp de pot\u00eancia.<\/p>\n<p data-start=\"1146\" data-end=\"1298\" data-is-last-node=\"\" data-is-only-node=\"\">No total, projetos de tecnologia fotovoltaica com 40 MWp de pot\u00eancia instalada entre julho de 2023 e 2026, para um investimento global de mais de 30 M\u20ac.<\/p>\n<p>&nbsp;<\/p>\n<p>&nbsp;<\/p>\n","protected":false},"excerpt":{"rendered":"<p>No dia 22 de novembro realizou-se a cerim\u00f3nia de inaugura\u00e7\u00e3o da Central Solar Fotovoltaica SPV-5MW-SL1 na ilha de S\u00e3o Vicente. [&hellip;]<\/p>\n","protected":false},"author":2,"featured_media":1859,"comment_status":"closed","ping_status":"closed","sticky":false,"template":"","format":"standard","meta":{"_acf_changed":false,"footnotes":""},"categories":[68,61],"class_list":["post-1856","post","type-post","status-publish","format-standard","has-post-thumbnail","hentry","category-medios-pt-pt","category-app-pt-pt"],"acf":[],"yoast_head":"<!-- This site is optimized with the Yoast SEO plugin v25.6 - https:\/\/yoast.com\/wordpress\/plugins\/seo\/ -->\n<title>Inaugura\u00e7\u00e3o da Central Solar Fotovoltaica SPV-5MW-SL1 em S\u00e3o Vicente, Cabo Verde - Impulso Energ\u00eda<\/title>\n<meta name=\"description\" content=\"Inaugurada a Central Solar Fotovoltaica SPV-5MW-SL1 em S\u00e3o Vicente, Cabo Verde. Projeto da APP e Impulso Solar que promove energia renov\u00e1vel e reduz CO\u2082\" \/>\n<meta name=\"robots\" content=\"index, follow, max-snippet:-1, max-image-preview:large, max-video-preview:-1\" \/>\n<link rel=\"canonical\" href=\"https:\/\/www.impulsoenergia.eu\/pt-pt\/central-solar-fotovoltaica-sao-vicente-cabo-verde\/\" \/>\n<meta property=\"og:locale\" content=\"pt_PT\" \/>\n<meta property=\"og:type\" content=\"article\" \/>\n<meta property=\"og:title\" content=\"Inaugura\u00e7\u00e3o da Central Solar Fotovoltaica SPV-5MW-SL1 em S\u00e3o Vicente, Cabo Verde - Impulso Energ\u00eda\" \/>\n<meta property=\"og:description\" content=\"Inaugurada a Central Solar Fotovoltaica SPV-5MW-SL1 em S\u00e3o Vicente, Cabo Verde. Projeto da APP e Impulso Solar que promove energia renov\u00e1vel e reduz CO\u2082\" \/>\n<meta property=\"og:url\" content=\"https:\/\/www.impulsoenergia.eu\/pt-pt\/central-solar-fotovoltaica-sao-vicente-cabo-verde\/\" \/>\n<meta property=\"og:site_name\" content=\"Impulso Energ\u00eda\" \/>\n<meta property=\"article:published_time\" content=\"2025-11-24T11:25:58+00:00\" \/>\n<meta property=\"article:modified_time\" content=\"2025-11-24T11:40:12+00:00\" \/>\n<meta property=\"og:image\" content=\"https:\/\/www.impulsoenergia.eu\/custom\/uploads\/2025\/11\/Image-48.jpg\" \/>\n\t<meta property=\"og:image:width\" content=\"1024\" \/>\n\t<meta property=\"og:image:height\" content=\"576\" \/>\n\t<meta property=\"og:image:type\" content=\"image\/jpeg\" \/>\n<meta name=\"author\" content=\"mariana\" \/>\n<meta name=\"twitter:card\" content=\"summary_large_image\" \/>\n<meta name=\"twitter:label1\" content=\"Written by\" \/>\n\t<meta name=\"twitter:data1\" content=\"mariana\" \/>\n\t<meta name=\"twitter:label2\" content=\"Est. reading time\" \/>\n\t<meta name=\"twitter:data2\" content=\"4 minutes\" \/>\n<script type=\"application\/ld+json\" class=\"yoast-schema-graph\">{\"@context\":\"https:\/\/schema.org\",\"@graph\":[{\"@type\":\"Article\",\"@id\":\"https:\/\/www.impulsoenergia.eu\/pt-pt\/central-solar-fotovoltaica-sao-vicente-cabo-verde\/#article\",\"isPartOf\":{\"@id\":\"https:\/\/www.impulsoenergia.eu\/pt-pt\/central-solar-fotovoltaica-sao-vicente-cabo-verde\/\"},\"author\":{\"name\":\"mariana\",\"@id\":\"https:\/\/www.impulsoenergia.eu\/#\/schema\/person\/e583955678f0a64694f6b34c7d147ad4\"},\"headline\":\"Inaugura\u00e7\u00e3o da Central Solar Fotovoltaica SPV-5MW-SL1 em S\u00e3o Vicente, Cabo Verde\",\"datePublished\":\"2025-11-24T11:25:58+00:00\",\"dateModified\":\"2025-11-24T11:40:12+00:00\",\"mainEntityOfPage\":{\"@id\":\"https:\/\/www.impulsoenergia.eu\/pt-pt\/central-solar-fotovoltaica-sao-vicente-cabo-verde\/\"},\"wordCount\":666,\"publisher\":{\"@id\":\"https:\/\/www.impulsoenergia.eu\/#organization\"},\"image\":{\"@id\":\"https:\/\/www.impulsoenergia.eu\/pt-pt\/central-solar-fotovoltaica-sao-vicente-cabo-verde\/#primaryimage\"},\"thumbnailUrl\":\"https:\/\/www.impulsoenergia.eu\/custom\/uploads\/2025\/11\/Image-48.jpg\",\"articleSection\":[\"Impulso en los medios\",\"Noticias APP\"],\"inLanguage\":\"pt-PT\"},{\"@type\":\"WebPage\",\"@id\":\"https:\/\/www.impulsoenergia.eu\/pt-pt\/central-solar-fotovoltaica-sao-vicente-cabo-verde\/\",\"url\":\"https:\/\/www.impulsoenergia.eu\/pt-pt\/central-solar-fotovoltaica-sao-vicente-cabo-verde\/\",\"name\":\"Inaugura\u00e7\u00e3o da Central Solar Fotovoltaica SPV-5MW-SL1 em S\u00e3o Vicente, Cabo Verde - Impulso Energ\u00eda\",\"isPartOf\":{\"@id\":\"https:\/\/www.impulsoenergia.eu\/#website\"},\"primaryImageOfPage\":{\"@id\":\"https:\/\/www.impulsoenergia.eu\/pt-pt\/central-solar-fotovoltaica-sao-vicente-cabo-verde\/#primaryimage\"},\"image\":{\"@id\":\"https:\/\/www.impulsoenergia.eu\/pt-pt\/central-solar-fotovoltaica-sao-vicente-cabo-verde\/#primaryimage\"},\"thumbnailUrl\":\"https:\/\/www.impulsoenergia.eu\/custom\/uploads\/2025\/11\/Image-48.jpg\",\"datePublished\":\"2025-11-24T11:25:58+00:00\",\"dateModified\":\"2025-11-24T11:40:12+00:00\",\"description\":\"Inaugurada a Central Solar Fotovoltaica SPV-5MW-SL1 em S\u00e3o Vicente, Cabo Verde. Projeto da APP e Impulso Solar que promove energia renov\u00e1vel e reduz CO\u2082\",\"breadcrumb\":{\"@id\":\"https:\/\/www.impulsoenergia.eu\/pt-pt\/central-solar-fotovoltaica-sao-vicente-cabo-verde\/#breadcrumb\"},\"inLanguage\":\"pt-PT\",\"potentialAction\":[{\"@type\":\"ReadAction\",\"target\":[\"https:\/\/www.impulsoenergia.eu\/pt-pt\/central-solar-fotovoltaica-sao-vicente-cabo-verde\/\"]}]},{\"@type\":\"ImageObject\",\"inLanguage\":\"pt-PT\",\"@id\":\"https:\/\/www.impulsoenergia.eu\/pt-pt\/central-solar-fotovoltaica-sao-vicente-cabo-verde\/#primaryimage\",\"url\":\"https:\/\/www.impulsoenergia.eu\/custom\/uploads\/2025\/11\/Image-48.jpg\",\"contentUrl\":\"https:\/\/www.impulsoenergia.eu\/custom\/uploads\/2025\/11\/Image-48.jpg\",\"width\":1024,\"height\":576,\"caption\":\"Central Solar Fotovoltaica SPV-5MW-SL1 em S\u00e3o Vicente, Cabo Verde\"},{\"@type\":\"BreadcrumbList\",\"@id\":\"https:\/\/www.impulsoenergia.eu\/pt-pt\/central-solar-fotovoltaica-sao-vicente-cabo-verde\/#breadcrumb\",\"itemListElement\":[{\"@type\":\"ListItem\",\"position\":1,\"name\":\"Portada\",\"item\":\"https:\/\/www.impulsoenergia.eu\/pt-pt\/\"},{\"@type\":\"ListItem\",\"position\":2,\"name\":\"Inaugura\u00e7\u00e3o da Central Solar Fotovoltaica SPV-5MW-SL1 em S\u00e3o Vicente, Cabo Verde\"}]},{\"@type\":\"WebSite\",\"@id\":\"https:\/\/www.impulsoenergia.eu\/#website\",\"url\":\"https:\/\/www.impulsoenergia.eu\/\",\"name\":\"Impulso Energ\u00eda\",\"description\":\"Desarrollo e inversi\u00f3n en los sectores de la energ\u00eda y el agua\",\"publisher\":{\"@id\":\"https:\/\/www.impulsoenergia.eu\/#organization\"},\"potentialAction\":[{\"@type\":\"SearchAction\",\"target\":{\"@type\":\"EntryPoint\",\"urlTemplate\":\"https:\/\/www.impulsoenergia.eu\/?s={search_term_string}\"},\"query-input\":{\"@type\":\"PropertyValueSpecification\",\"valueRequired\":true,\"valueName\":\"search_term_string\"}}],\"inLanguage\":\"pt-PT\"},{\"@type\":\"Organization\",\"@id\":\"https:\/\/www.impulsoenergia.eu\/#organization\",\"name\":\"Impulso Energ\u00eda\",\"url\":\"https:\/\/www.impulsoenergia.eu\/\",\"logo\":{\"@type\":\"ImageObject\",\"inLanguage\":\"pt-PT\",\"@id\":\"https:\/\/www.impulsoenergia.eu\/#\/schema\/logo\/image\/\",\"url\":\"https:\/\/www.impulsoenergia.eu\/custom\/uploads\/2022\/09\/logo-impulso.jpg\",\"contentUrl\":\"https:\/\/www.impulsoenergia.eu\/custom\/uploads\/2022\/09\/logo-impulso.jpg\",\"width\":232,\"height\":75,\"caption\":\"Impulso Energ\u00eda\"},\"image\":{\"@id\":\"https:\/\/www.impulsoenergia.eu\/#\/schema\/logo\/image\/\"}},{\"@type\":\"Person\",\"@id\":\"https:\/\/www.impulsoenergia.eu\/#\/schema\/person\/e583955678f0a64694f6b34c7d147ad4\",\"name\":\"mariana\",\"image\":{\"@type\":\"ImageObject\",\"inLanguage\":\"pt-PT\",\"@id\":\"https:\/\/www.impulsoenergia.eu\/#\/schema\/person\/image\/\",\"url\":\"https:\/\/secure.gravatar.com\/avatar\/22f14bf6d28fc4a5972fd4fda110270f8a2632aa691ec6aabd56edead8aa750e?s=96&d=mm&r=g\",\"contentUrl\":\"https:\/\/secure.gravatar.com\/avatar\/22f14bf6d28fc4a5972fd4fda110270f8a2632aa691ec6aabd56edead8aa750e?s=96&d=mm&r=g\",\"caption\":\"mariana\"},\"url\":\"https:\/\/www.impulsoenergia.eu\/pt-pt\/author\/mariana\/\"}]}<\/script>\n<!-- \/ Yoast SEO plugin. -->","yoast_head_json":{"title":"Inaugura\u00e7\u00e3o da Central Solar Fotovoltaica SPV-5MW-SL1 em S\u00e3o Vicente, Cabo Verde - Impulso Energ\u00eda","description":"Inaugurada a Central Solar Fotovoltaica SPV-5MW-SL1 em S\u00e3o Vicente, Cabo Verde. Projeto da APP e Impulso Solar que promove energia renov\u00e1vel e reduz CO\u2082","robots":{"index":"index","follow":"follow","max-snippet":"max-snippet:-1","max-image-preview":"max-image-preview:large","max-video-preview":"max-video-preview:-1"},"canonical":"https:\/\/www.impulsoenergia.eu\/pt-pt\/central-solar-fotovoltaica-sao-vicente-cabo-verde\/","og_locale":"pt_PT","og_type":"article","og_title":"Inaugura\u00e7\u00e3o da Central Solar Fotovoltaica SPV-5MW-SL1 em S\u00e3o Vicente, Cabo Verde - Impulso Energ\u00eda","og_description":"Inaugurada a Central Solar Fotovoltaica SPV-5MW-SL1 em S\u00e3o Vicente, Cabo Verde. Projeto da APP e Impulso Solar que promove energia renov\u00e1vel e reduz CO\u2082","og_url":"https:\/\/www.impulsoenergia.eu\/pt-pt\/central-solar-fotovoltaica-sao-vicente-cabo-verde\/","og_site_name":"Impulso Energ\u00eda","article_published_time":"2025-11-24T11:25:58+00:00","article_modified_time":"2025-11-24T11:40:12+00:00","og_image":[{"width":1024,"height":576,"url":"https:\/\/www.impulsoenergia.eu\/custom\/uploads\/2025\/11\/Image-48.jpg","type":"image\/jpeg"}],"author":"mariana","twitter_card":"summary_large_image","twitter_misc":{"Written by":"mariana","Est. reading time":"4 minutes"},"schema":{"@context":"https:\/\/schema.org","@graph":[{"@type":"Article","@id":"https:\/\/www.impulsoenergia.eu\/pt-pt\/central-solar-fotovoltaica-sao-vicente-cabo-verde\/#article","isPartOf":{"@id":"https:\/\/www.impulsoenergia.eu\/pt-pt\/central-solar-fotovoltaica-sao-vicente-cabo-verde\/"},"author":{"name":"mariana","@id":"https:\/\/www.impulsoenergia.eu\/#\/schema\/person\/e583955678f0a64694f6b34c7d147ad4"},"headline":"Inaugura\u00e7\u00e3o da Central Solar Fotovoltaica SPV-5MW-SL1 em S\u00e3o Vicente, Cabo Verde","datePublished":"2025-11-24T11:25:58+00:00","dateModified":"2025-11-24T11:40:12+00:00","mainEntityOfPage":{"@id":"https:\/\/www.impulsoenergia.eu\/pt-pt\/central-solar-fotovoltaica-sao-vicente-cabo-verde\/"},"wordCount":666,"publisher":{"@id":"https:\/\/www.impulsoenergia.eu\/#organization"},"image":{"@id":"https:\/\/www.impulsoenergia.eu\/pt-pt\/central-solar-fotovoltaica-sao-vicente-cabo-verde\/#primaryimage"},"thumbnailUrl":"https:\/\/www.impulsoenergia.eu\/custom\/uploads\/2025\/11\/Image-48.jpg","articleSection":["Impulso en los medios","Noticias APP"],"inLanguage":"pt-PT"},{"@type":"WebPage","@id":"https:\/\/www.impulsoenergia.eu\/pt-pt\/central-solar-fotovoltaica-sao-vicente-cabo-verde\/","url":"https:\/\/www.impulsoenergia.eu\/pt-pt\/central-solar-fotovoltaica-sao-vicente-cabo-verde\/","name":"Inaugura\u00e7\u00e3o da Central Solar Fotovoltaica SPV-5MW-SL1 em S\u00e3o Vicente, Cabo Verde - Impulso Energ\u00eda","isPartOf":{"@id":"https:\/\/www.impulsoenergia.eu\/#website"},"primaryImageOfPage":{"@id":"https:\/\/www.impulsoenergia.eu\/pt-pt\/central-solar-fotovoltaica-sao-vicente-cabo-verde\/#primaryimage"},"image":{"@id":"https:\/\/www.impulsoenergia.eu\/pt-pt\/central-solar-fotovoltaica-sao-vicente-cabo-verde\/#primaryimage"},"thumbnailUrl":"https:\/\/www.impulsoenergia.eu\/custom\/uploads\/2025\/11\/Image-48.jpg","datePublished":"2025-11-24T11:25:58+00:00","dateModified":"2025-11-24T11:40:12+00:00","description":"Inaugurada a Central Solar Fotovoltaica SPV-5MW-SL1 em S\u00e3o Vicente, Cabo Verde. Projeto da APP e Impulso Solar que promove energia renov\u00e1vel e reduz CO\u2082","breadcrumb":{"@id":"https:\/\/www.impulsoenergia.eu\/pt-pt\/central-solar-fotovoltaica-sao-vicente-cabo-verde\/#breadcrumb"},"inLanguage":"pt-PT","potentialAction":[{"@type":"ReadAction","target":["https:\/\/www.impulsoenergia.eu\/pt-pt\/central-solar-fotovoltaica-sao-vicente-cabo-verde\/"]}]},{"@type":"ImageObject","inLanguage":"pt-PT","@id":"https:\/\/www.impulsoenergia.eu\/pt-pt\/central-solar-fotovoltaica-sao-vicente-cabo-verde\/#primaryimage","url":"https:\/\/www.impulsoenergia.eu\/custom\/uploads\/2025\/11\/Image-48.jpg","contentUrl":"https:\/\/www.impulsoenergia.eu\/custom\/uploads\/2025\/11\/Image-48.jpg","width":1024,"height":576,"caption":"Central Solar Fotovoltaica SPV-5MW-SL1 em S\u00e3o Vicente, Cabo Verde"},{"@type":"BreadcrumbList","@id":"https:\/\/www.impulsoenergia.eu\/pt-pt\/central-solar-fotovoltaica-sao-vicente-cabo-verde\/#breadcrumb","itemListElement":[{"@type":"ListItem","position":1,"name":"Portada","item":"https:\/\/www.impulsoenergia.eu\/pt-pt\/"},{"@type":"ListItem","position":2,"name":"Inaugura\u00e7\u00e3o da Central Solar Fotovoltaica SPV-5MW-SL1 em S\u00e3o Vicente, Cabo Verde"}]},{"@type":"WebSite","@id":"https:\/\/www.impulsoenergia.eu\/#website","url":"https:\/\/www.impulsoenergia.eu\/","name":"Impulso Energ\u00eda","description":"Desarrollo e inversi\u00f3n en los sectores de la energ\u00eda y el agua","publisher":{"@id":"https:\/\/www.impulsoenergia.eu\/#organization"},"potentialAction":[{"@type":"SearchAction","target":{"@type":"EntryPoint","urlTemplate":"https:\/\/www.impulsoenergia.eu\/?s={search_term_string}"},"query-input":{"@type":"PropertyValueSpecification","valueRequired":true,"valueName":"search_term_string"}}],"inLanguage":"pt-PT"},{"@type":"Organization","@id":"https:\/\/www.impulsoenergia.eu\/#organization","name":"Impulso Energ\u00eda","url":"https:\/\/www.impulsoenergia.eu\/","logo":{"@type":"ImageObject","inLanguage":"pt-PT","@id":"https:\/\/www.impulsoenergia.eu\/#\/schema\/logo\/image\/","url":"https:\/\/www.impulsoenergia.eu\/custom\/uploads\/2022\/09\/logo-impulso.jpg","contentUrl":"https:\/\/www.impulsoenergia.eu\/custom\/uploads\/2022\/09\/logo-impulso.jpg","width":232,"height":75,"caption":"Impulso Energ\u00eda"},"image":{"@id":"https:\/\/www.impulsoenergia.eu\/#\/schema\/logo\/image\/"}},{"@type":"Person","@id":"https:\/\/www.impulsoenergia.eu\/#\/schema\/person\/e583955678f0a64694f6b34c7d147ad4","name":"mariana","image":{"@type":"ImageObject","inLanguage":"pt-PT","@id":"https:\/\/www.impulsoenergia.eu\/#\/schema\/person\/image\/","url":"https:\/\/secure.gravatar.com\/avatar\/22f14bf6d28fc4a5972fd4fda110270f8a2632aa691ec6aabd56edead8aa750e?s=96&d=mm&r=g","contentUrl":"https:\/\/secure.gravatar.com\/avatar\/22f14bf6d28fc4a5972fd4fda110270f8a2632aa691ec6aabd56edead8aa750e?s=96&d=mm&r=g","caption":"mariana"},"url":"https:\/\/www.impulsoenergia.eu\/pt-pt\/author\/mariana\/"}]}},"_links":{"self":[{"href":"https:\/\/www.impulsoenergia.eu\/pt-pt\/wp-json\/wp\/v2\/posts\/1856","targetHints":{"allow":["GET"]}}],"collection":[{"href":"https:\/\/www.impulsoenergia.eu\/pt-pt\/wp-json\/wp\/v2\/posts"}],"about":[{"href":"https:\/\/www.impulsoenergia.eu\/pt-pt\/wp-json\/wp\/v2\/types\/post"}],"author":[{"embeddable":true,"href":"https:\/\/www.impulsoenergia.eu\/pt-pt\/wp-json\/wp\/v2\/users\/2"}],"replies":[{"embeddable":true,"href":"https:\/\/www.impulsoenergia.eu\/pt-pt\/wp-json\/wp\/v2\/comments?post=1856"}],"version-history":[{"count":3,"href":"https:\/\/www.impulsoenergia.eu\/pt-pt\/wp-json\/wp\/v2\/posts\/1856\/revisions"}],"predecessor-version":[{"id":1863,"href":"https:\/\/www.impulsoenergia.eu\/pt-pt\/wp-json\/wp\/v2\/posts\/1856\/revisions\/1863"}],"wp:featuredmedia":[{"embeddable":true,"href":"https:\/\/www.impulsoenergia.eu\/pt-pt\/wp-json\/wp\/v2\/media\/1859"}],"wp:attachment":[{"href":"https:\/\/www.impulsoenergia.eu\/pt-pt\/wp-json\/wp\/v2\/media?parent=1856"}],"wp:term":[{"taxonomy":"category","embeddable":true,"href":"https:\/\/www.impulsoenergia.eu\/pt-pt\/wp-json\/wp\/v2\/categories?post=1856"}],"curies":[{"name":"wp","href":"https:\/\/api.w.org\/{rel}","templated":true}]}}