{"id":1843,"date":"2025-07-04T12:16:00","date_gmt":"2025-07-04T12:16:00","guid":{"rendered":"https:\/\/www.impulsoenergia.eu\/app-premio-aler\/"},"modified":"2025-11-18T11:11:57","modified_gmt":"2025-11-18T11:11:57","slug":"app-premio-aler","status":"publish","type":"post","link":"https:\/\/www.impulsoenergia.eu\/pt-pt\/app-premio-aler\/","title":{"rendered":"Pr\u00e9mio ALER pelo contributo da APP para a transi\u00e7\u00e3o energ\u00e9tica"},"content":{"rendered":"<h3>\u00c1guas de Ponta Preta reconhecida na categoria Transi\u00e7\u00e3o Energ\u00e9tica<\/h3>\n<h4>Pr\u00e9mios 10 Anos da ALER<\/h4>\n<p data-start=\"200\" data-end=\"546\">Temos o prazer de partilhar que \u00c1guas de Ponta Preta foi reconhecida com o <strong data-start=\"275\" data-end=\"298\">Pr\u00e9mio ALER 10 Anos<\/strong>, um galard\u00e3o que destaca o nosso contributo para o avan\u00e7o da transi\u00e7\u00e3o energ\u00e9tica.<br data-start=\"381\" data-end=\"384\" \/>Este reconhecimento valoriza o nosso compromisso com uma transi\u00e7\u00e3o energ\u00e9tica justa, inclusiva e adaptada aos desafios dos territ\u00f3rios insulares, como Cabo Verde.<\/p>\n<p data-start=\"548\" data-end=\"854\">Na APP acreditamos num modelo de desenvolvimento onde a <strong data-start=\"604\" data-end=\"624\">\u00e1gua e a energia<\/strong> se integram como pilares essenciais para a sustentabilidade. O nosso trabalho demonstra que \u00e9 poss\u00edvel gerir estes recursos de forma conjunta, eficiente e resiliente, beneficiando tanto o meio ambiente como as comunidades locais.<\/p>\n<p data-start=\"856\" data-end=\"1127\">A transi\u00e7\u00e3o energ\u00e9tica constr\u00f3i-se a partir do n\u00edvel local \u2014 e na APP continuaremos a impulsion\u00e1-la com solu\u00e7\u00f5es que combinam inova\u00e7\u00e3o, sustentabilidade e liga\u00e7\u00e3o ao territ\u00f3rio.<br data-start=\"1033\" data-end=\"1036\" \/>Obrigado \u00e0\u00a0<a class=\"wsMvqdsCQwHMdXuvCLlSAkmVYButhGSUc \" tabindex=\"0\" href=\"https:\/\/www.linkedin.com\/company\/aler-energia\/\" target=\"_self\" rel=\"noopener\" data-test-app-aware-link=\"\">ALER<\/a> por este reconhecimento e a todos aqueles que fizeram parte deste percurso.<\/p>\n<div id=\"attachment_1695\" style=\"width: 711px\" class=\"wp-caption aligncenter\"><img loading=\"lazy\" decoding=\"async\" aria-describedby=\"caption-attachment-1695\" class=\"wp-image-1695\" src=\"https:\/\/www.impulsoenergia.eu\/custom\/uploads\/2025\/07\/1748423566393-300x157.jpg\" alt=\"\u00c1guas de Ponta Preta ha sido reconocida con el \ud835\udde3\ud835\uddff\ud835\uddf2\ud835\uddfa\ud835\uddf6\ud835\uddfc \ud835\uddd4\ud835\udddf\ud835\uddd8\ud835\udde5 \ud835\udfed\ud835\udfec \ud835\uddd4\u00f1\ud835\uddfc\ud835\ude00, un galard\u00f3n que destaca nuestra labor en el impulso de la transici\u00f3n energ\u00e9tica.\" width=\"701\" height=\"367\" srcset=\"https:\/\/www.impulsoenergia.eu\/custom\/uploads\/2025\/07\/1748423566393-300x157.jpg 300w, https:\/\/www.impulsoenergia.eu\/custom\/uploads\/2025\/07\/1748423566393-1024x535.jpg 1024w, https:\/\/www.impulsoenergia.eu\/custom\/uploads\/2025\/07\/1748423566393-768x401.jpg 768w, https:\/\/www.impulsoenergia.eu\/custom\/uploads\/2025\/07\/1748423566393.jpg 1200w\" sizes=\"auto, (max-width: 701px) 100vw, 701px\" \/><p id=\"caption-attachment-1695\" class=\"wp-caption-text\">\u00c1guas de Ponta Preta foi reconhecida com o Pr\u00e9mio ALER 10 Anos, um galard\u00e3o que destaca o nosso trabalho no impulso \u00e0 transi\u00e7\u00e3o energ\u00e9tica.<\/p><\/div>\n","protected":false},"excerpt":{"rendered":"<p>\u00c1guas de Ponta Preta reconhecida na categoria Transi\u00e7\u00e3o Energ\u00e9tica Pr\u00e9mios 10 Anos da ALER Temos o prazer de partilhar que [&hellip;]<\/p>\n","protected":false},"author":2,"featured_media":1698,"comment_status":"closed","ping_status":"closed","sticky":false,"template":"","format":"standard","meta":{"_acf_changed":false,"footnotes":""},"categories":[61],"class_list":["post-1843","post","type-post","status-publish","format-standard","has-post-thumbnail","hentry","category-app-pt-pt"],"acf":[],"yoast_head":"<!-- This site is optimized with the Yoast SEO plugin v25.6 - https:\/\/yoast.com\/wordpress\/plugins\/seo\/ -->\n<title>Pr\u00e9mio ALER pelo contributo da APP para a transi\u00e7\u00e3o energ\u00e9tica - Impulso Energ\u00eda<\/title>\n<meta name=\"description\" content=\"\u00c1guas de Ponta Preta foi reconhecida com o Pr\u00e9mio ALER 10 Anos, destacando o seu contributo para a transi\u00e7\u00e3o energ\u00e9tica de Cabo Verde\" \/>\n<meta name=\"robots\" content=\"index, follow, max-snippet:-1, max-image-preview:large, max-video-preview:-1\" \/>\n<link rel=\"canonical\" href=\"https:\/\/www.impulsoenergia.eu\/pt-pt\/app-premio-aler\/\" \/>\n<meta property=\"og:locale\" content=\"pt_PT\" \/>\n<meta property=\"og:type\" content=\"article\" \/>\n<meta property=\"og:title\" content=\"Pr\u00e9mio ALER pelo contributo da APP para a transi\u00e7\u00e3o energ\u00e9tica - Impulso Energ\u00eda\" \/>\n<meta property=\"og:description\" content=\"\u00c1guas de Ponta Preta foi reconhecida com o Pr\u00e9mio ALER 10 Anos, destacando o seu contributo para a transi\u00e7\u00e3o energ\u00e9tica de Cabo Verde\" \/>\n<meta property=\"og:url\" content=\"https:\/\/www.impulsoenergia.eu\/pt-pt\/app-premio-aler\/\" \/>\n<meta property=\"og:site_name\" content=\"Impulso Energ\u00eda\" \/>\n<meta property=\"article:published_time\" content=\"2025-07-04T12:16:00+00:00\" \/>\n<meta property=\"article:modified_time\" content=\"2025-11-18T11:11:57+00:00\" \/>\n<meta property=\"og:image\" content=\"https:\/\/www.impulsoenergia.eu\/custom\/uploads\/2025\/07\/1748423566393.jpg\" \/>\n\t<meta property=\"og:image:width\" content=\"1200\" \/>\n\t<meta property=\"og:image:height\" content=\"627\" \/>\n\t<meta property=\"og:image:type\" content=\"image\/jpeg\" \/>\n<meta name=\"author\" content=\"mariana\" \/>\n<meta name=\"twitter:card\" content=\"summary_large_image\" \/>\n<meta name=\"twitter:label1\" content=\"Written by\" \/>\n\t<meta name=\"twitter:data1\" content=\"mariana\" \/>\n\t<meta name=\"twitter:label2\" content=\"Est. reading time\" \/>\n\t<meta name=\"twitter:data2\" content=\"2 minutes\" \/>\n<script type=\"application\/ld+json\" class=\"yoast-schema-graph\">{\"@context\":\"https:\/\/schema.org\",\"@graph\":[{\"@type\":\"Article\",\"@id\":\"https:\/\/www.impulsoenergia.eu\/pt-pt\/app-premio-aler\/#article\",\"isPartOf\":{\"@id\":\"https:\/\/www.impulsoenergia.eu\/pt-pt\/app-premio-aler\/\"},\"author\":{\"name\":\"mariana\",\"@id\":\"https:\/\/www.impulsoenergia.eu\/#\/schema\/person\/e583955678f0a64694f6b34c7d147ad4\"},\"headline\":\"Pr\u00e9mio ALER pelo contributo da APP para a transi\u00e7\u00e3o energ\u00e9tica\",\"datePublished\":\"2025-07-04T12:16:00+00:00\",\"dateModified\":\"2025-11-18T11:11:57+00:00\",\"mainEntityOfPage\":{\"@id\":\"https:\/\/www.impulsoenergia.eu\/pt-pt\/app-premio-aler\/\"},\"wordCount\":216,\"publisher\":{\"@id\":\"https:\/\/www.impulsoenergia.eu\/#organization\"},\"image\":{\"@id\":\"https:\/\/www.impulsoenergia.eu\/pt-pt\/app-premio-aler\/#primaryimage\"},\"thumbnailUrl\":\"https:\/\/www.impulsoenergia.eu\/custom\/uploads\/2025\/07\/1748423566393.jpg\",\"articleSection\":[\"Noticias APP\"],\"inLanguage\":\"pt-PT\"},{\"@type\":\"WebPage\",\"@id\":\"https:\/\/www.impulsoenergia.eu\/pt-pt\/app-premio-aler\/\",\"url\":\"https:\/\/www.impulsoenergia.eu\/pt-pt\/app-premio-aler\/\",\"name\":\"Pr\u00e9mio ALER pelo contributo da APP para a transi\u00e7\u00e3o energ\u00e9tica - Impulso Energ\u00eda\",\"isPartOf\":{\"@id\":\"https:\/\/www.impulsoenergia.eu\/#website\"},\"primaryImageOfPage\":{\"@id\":\"https:\/\/www.impulsoenergia.eu\/pt-pt\/app-premio-aler\/#primaryimage\"},\"image\":{\"@id\":\"https:\/\/www.impulsoenergia.eu\/pt-pt\/app-premio-aler\/#primaryimage\"},\"thumbnailUrl\":\"https:\/\/www.impulsoenergia.eu\/custom\/uploads\/2025\/07\/1748423566393.jpg\",\"datePublished\":\"2025-07-04T12:16:00+00:00\",\"dateModified\":\"2025-11-18T11:11:57+00:00\",\"description\":\"\u00c1guas de Ponta Preta foi reconhecida com o Pr\u00e9mio ALER 10 Anos, destacando o seu contributo para a transi\u00e7\u00e3o energ\u00e9tica de Cabo Verde\",\"breadcrumb\":{\"@id\":\"https:\/\/www.impulsoenergia.eu\/pt-pt\/app-premio-aler\/#breadcrumb\"},\"inLanguage\":\"pt-PT\",\"potentialAction\":[{\"@type\":\"ReadAction\",\"target\":[\"https:\/\/www.impulsoenergia.eu\/pt-pt\/app-premio-aler\/\"]}]},{\"@type\":\"ImageObject\",\"inLanguage\":\"pt-PT\",\"@id\":\"https:\/\/www.impulsoenergia.eu\/pt-pt\/app-premio-aler\/#primaryimage\",\"url\":\"https:\/\/www.impulsoenergia.eu\/custom\/uploads\/2025\/07\/1748423566393.jpg\",\"contentUrl\":\"https:\/\/www.impulsoenergia.eu\/custom\/uploads\/2025\/07\/1748423566393.jpg\",\"width\":1200,\"height\":627,\"caption\":\"\u00c1guas de Ponta Preta ha sido reconocida con el \ud835\udde3\ud835\uddff\ud835\uddf2\ud835\uddfa\ud835\uddf6\ud835\uddfc \ud835\uddd4\ud835\udddf\ud835\uddd8\ud835\udde5 \ud835\udfed\ud835\udfec \ud835\uddd4\u00f1\ud835\uddfc\ud835\ude00, un galard\u00f3n que destaca nuestra labor en el impulso de la transici\u00f3n energ\u00e9tica.\"},{\"@type\":\"BreadcrumbList\",\"@id\":\"https:\/\/www.impulsoenergia.eu\/pt-pt\/app-premio-aler\/#breadcrumb\",\"itemListElement\":[{\"@type\":\"ListItem\",\"position\":1,\"name\":\"Portada\",\"item\":\"https:\/\/www.impulsoenergia.eu\/pt-pt\/\"},{\"@type\":\"ListItem\",\"position\":2,\"name\":\"Pr\u00e9mio ALER pelo contributo da APP para a transi\u00e7\u00e3o energ\u00e9tica\"}]},{\"@type\":\"WebSite\",\"@id\":\"https:\/\/www.impulsoenergia.eu\/#website\",\"url\":\"https:\/\/www.impulsoenergia.eu\/\",\"name\":\"Impulso Energ\u00eda\",\"description\":\"Desarrollo e inversi\u00f3n en los sectores de la energ\u00eda y el agua\",\"publisher\":{\"@id\":\"https:\/\/www.impulsoenergia.eu\/#organization\"},\"potentialAction\":[{\"@type\":\"SearchAction\",\"target\":{\"@type\":\"EntryPoint\",\"urlTemplate\":\"https:\/\/www.impulsoenergia.eu\/?s={search_term_string}\"},\"query-input\":{\"@type\":\"PropertyValueSpecification\",\"valueRequired\":true,\"valueName\":\"search_term_string\"}}],\"inLanguage\":\"pt-PT\"},{\"@type\":\"Organization\",\"@id\":\"https:\/\/www.impulsoenergia.eu\/#organization\",\"name\":\"Impulso Energ\u00eda\",\"url\":\"https:\/\/www.impulsoenergia.eu\/\",\"logo\":{\"@type\":\"ImageObject\",\"inLanguage\":\"pt-PT\",\"@id\":\"https:\/\/www.impulsoenergia.eu\/#\/schema\/logo\/image\/\",\"url\":\"https:\/\/www.impulsoenergia.eu\/custom\/uploads\/2022\/09\/logo-impulso.jpg\",\"contentUrl\":\"https:\/\/www.impulsoenergia.eu\/custom\/uploads\/2022\/09\/logo-impulso.jpg\",\"width\":232,\"height\":75,\"caption\":\"Impulso Energ\u00eda\"},\"image\":{\"@id\":\"https:\/\/www.impulsoenergia.eu\/#\/schema\/logo\/image\/\"}},{\"@type\":\"Person\",\"@id\":\"https:\/\/www.impulsoenergia.eu\/#\/schema\/person\/e583955678f0a64694f6b34c7d147ad4\",\"name\":\"mariana\",\"image\":{\"@type\":\"ImageObject\",\"inLanguage\":\"pt-PT\",\"@id\":\"https:\/\/www.impulsoenergia.eu\/#\/schema\/person\/image\/\",\"url\":\"https:\/\/secure.gravatar.com\/avatar\/22f14bf6d28fc4a5972fd4fda110270f8a2632aa691ec6aabd56edead8aa750e?s=96&d=mm&r=g\",\"contentUrl\":\"https:\/\/secure.gravatar.com\/avatar\/22f14bf6d28fc4a5972fd4fda110270f8a2632aa691ec6aabd56edead8aa750e?s=96&d=mm&r=g\",\"caption\":\"mariana\"},\"url\":\"https:\/\/www.impulsoenergia.eu\/pt-pt\/author\/mariana\/\"}]}<\/script>\n<!-- \/ Yoast SEO plugin. -->","yoast_head_json":{"title":"Pr\u00e9mio ALER pelo contributo da APP para a transi\u00e7\u00e3o energ\u00e9tica - Impulso Energ\u00eda","description":"\u00c1guas de Ponta Preta foi reconhecida com o Pr\u00e9mio ALER 10 Anos, destacando o seu contributo para a transi\u00e7\u00e3o energ\u00e9tica de Cabo Verde","robots":{"index":"index","follow":"follow","max-snippet":"max-snippet:-1","max-image-preview":"max-image-preview:large","max-video-preview":"max-video-preview:-1"},"canonical":"https:\/\/www.impulsoenergia.eu\/pt-pt\/app-premio-aler\/","og_locale":"pt_PT","og_type":"article","og_title":"Pr\u00e9mio ALER pelo contributo da APP para a transi\u00e7\u00e3o energ\u00e9tica - Impulso Energ\u00eda","og_description":"\u00c1guas de Ponta Preta foi reconhecida com o Pr\u00e9mio ALER 10 Anos, destacando o seu contributo para a transi\u00e7\u00e3o energ\u00e9tica de Cabo Verde","og_url":"https:\/\/www.impulsoenergia.eu\/pt-pt\/app-premio-aler\/","og_site_name":"Impulso Energ\u00eda","article_published_time":"2025-07-04T12:16:00+00:00","article_modified_time":"2025-11-18T11:11:57+00:00","og_image":[{"width":1200,"height":627,"url":"https:\/\/www.impulsoenergia.eu\/custom\/uploads\/2025\/07\/1748423566393.jpg","type":"image\/jpeg"}],"author":"mariana","twitter_card":"summary_large_image","twitter_misc":{"Written by":"mariana","Est. reading time":"2 minutes"},"schema":{"@context":"https:\/\/schema.org","@graph":[{"@type":"Article","@id":"https:\/\/www.impulsoenergia.eu\/pt-pt\/app-premio-aler\/#article","isPartOf":{"@id":"https:\/\/www.impulsoenergia.eu\/pt-pt\/app-premio-aler\/"},"author":{"name":"mariana","@id":"https:\/\/www.impulsoenergia.eu\/#\/schema\/person\/e583955678f0a64694f6b34c7d147ad4"},"headline":"Pr\u00e9mio ALER pelo contributo da APP para a transi\u00e7\u00e3o energ\u00e9tica","datePublished":"2025-07-04T12:16:00+00:00","dateModified":"2025-11-18T11:11:57+00:00","mainEntityOfPage":{"@id":"https:\/\/www.impulsoenergia.eu\/pt-pt\/app-premio-aler\/"},"wordCount":216,"publisher":{"@id":"https:\/\/www.impulsoenergia.eu\/#organization"},"image":{"@id":"https:\/\/www.impulsoenergia.eu\/pt-pt\/app-premio-aler\/#primaryimage"},"thumbnailUrl":"https:\/\/www.impulsoenergia.eu\/custom\/uploads\/2025\/07\/1748423566393.jpg","articleSection":["Noticias APP"],"inLanguage":"pt-PT"},{"@type":"WebPage","@id":"https:\/\/www.impulsoenergia.eu\/pt-pt\/app-premio-aler\/","url":"https:\/\/www.impulsoenergia.eu\/pt-pt\/app-premio-aler\/","name":"Pr\u00e9mio ALER pelo contributo da APP para a transi\u00e7\u00e3o energ\u00e9tica - Impulso Energ\u00eda","isPartOf":{"@id":"https:\/\/www.impulsoenergia.eu\/#website"},"primaryImageOfPage":{"@id":"https:\/\/www.impulsoenergia.eu\/pt-pt\/app-premio-aler\/#primaryimage"},"image":{"@id":"https:\/\/www.impulsoenergia.eu\/pt-pt\/app-premio-aler\/#primaryimage"},"thumbnailUrl":"https:\/\/www.impulsoenergia.eu\/custom\/uploads\/2025\/07\/1748423566393.jpg","datePublished":"2025-07-04T12:16:00+00:00","dateModified":"2025-11-18T11:11:57+00:00","description":"\u00c1guas de Ponta Preta foi reconhecida com o Pr\u00e9mio ALER 10 Anos, destacando o seu contributo para a transi\u00e7\u00e3o energ\u00e9tica de Cabo Verde","breadcrumb":{"@id":"https:\/\/www.impulsoenergia.eu\/pt-pt\/app-premio-aler\/#breadcrumb"},"inLanguage":"pt-PT","potentialAction":[{"@type":"ReadAction","target":["https:\/\/www.impulsoenergia.eu\/pt-pt\/app-premio-aler\/"]}]},{"@type":"ImageObject","inLanguage":"pt-PT","@id":"https:\/\/www.impulsoenergia.eu\/pt-pt\/app-premio-aler\/#primaryimage","url":"https:\/\/www.impulsoenergia.eu\/custom\/uploads\/2025\/07\/1748423566393.jpg","contentUrl":"https:\/\/www.impulsoenergia.eu\/custom\/uploads\/2025\/07\/1748423566393.jpg","width":1200,"height":627,"caption":"\u00c1guas de Ponta Preta ha sido reconocida con el \ud835\udde3\ud835\uddff\ud835\uddf2\ud835\uddfa\ud835\uddf6\ud835\uddfc \ud835\uddd4\ud835\udddf\ud835\uddd8\ud835\udde5 \ud835\udfed\ud835\udfec \ud835\uddd4\u00f1\ud835\uddfc\ud835\ude00, un galard\u00f3n que destaca nuestra labor en el impulso de la transici\u00f3n energ\u00e9tica."},{"@type":"BreadcrumbList","@id":"https:\/\/www.impulsoenergia.eu\/pt-pt\/app-premio-aler\/#breadcrumb","itemListElement":[{"@type":"ListItem","position":1,"name":"Portada","item":"https:\/\/www.impulsoenergia.eu\/pt-pt\/"},{"@type":"ListItem","position":2,"name":"Pr\u00e9mio ALER pelo contributo da APP para a transi\u00e7\u00e3o energ\u00e9tica"}]},{"@type":"WebSite","@id":"https:\/\/www.impulsoenergia.eu\/#website","url":"https:\/\/www.impulsoenergia.eu\/","name":"Impulso Energ\u00eda","description":"Desarrollo e inversi\u00f3n en los sectores de la energ\u00eda y el agua","publisher":{"@id":"https:\/\/www.impulsoenergia.eu\/#organization"},"potentialAction":[{"@type":"SearchAction","target":{"@type":"EntryPoint","urlTemplate":"https:\/\/www.impulsoenergia.eu\/?s={search_term_string}"},"query-input":{"@type":"PropertyValueSpecification","valueRequired":true,"valueName":"search_term_string"}}],"inLanguage":"pt-PT"},{"@type":"Organization","@id":"https:\/\/www.impulsoenergia.eu\/#organization","name":"Impulso Energ\u00eda","url":"https:\/\/www.impulsoenergia.eu\/","logo":{"@type":"ImageObject","inLanguage":"pt-PT","@id":"https:\/\/www.impulsoenergia.eu\/#\/schema\/logo\/image\/","url":"https:\/\/www.impulsoenergia.eu\/custom\/uploads\/2022\/09\/logo-impulso.jpg","contentUrl":"https:\/\/www.impulsoenergia.eu\/custom\/uploads\/2022\/09\/logo-impulso.jpg","width":232,"height":75,"caption":"Impulso Energ\u00eda"},"image":{"@id":"https:\/\/www.impulsoenergia.eu\/#\/schema\/logo\/image\/"}},{"@type":"Person","@id":"https:\/\/www.impulsoenergia.eu\/#\/schema\/person\/e583955678f0a64694f6b34c7d147ad4","name":"mariana","image":{"@type":"ImageObject","inLanguage":"pt-PT","@id":"https:\/\/www.impulsoenergia.eu\/#\/schema\/person\/image\/","url":"https:\/\/secure.gravatar.com\/avatar\/22f14bf6d28fc4a5972fd4fda110270f8a2632aa691ec6aabd56edead8aa750e?s=96&d=mm&r=g","contentUrl":"https:\/\/secure.gravatar.com\/avatar\/22f14bf6d28fc4a5972fd4fda110270f8a2632aa691ec6aabd56edead8aa750e?s=96&d=mm&r=g","caption":"mariana"},"url":"https:\/\/www.impulsoenergia.eu\/pt-pt\/author\/mariana\/"}]}},"_links":{"self":[{"href":"https:\/\/www.impulsoenergia.eu\/pt-pt\/wp-json\/wp\/v2\/posts\/1843","targetHints":{"allow":["GET"]}}],"collection":[{"href":"https:\/\/www.impulsoenergia.eu\/pt-pt\/wp-json\/wp\/v2\/posts"}],"about":[{"href":"https:\/\/www.impulsoenergia.eu\/pt-pt\/wp-json\/wp\/v2\/types\/post"}],"author":[{"embeddable":true,"href":"https:\/\/www.impulsoenergia.eu\/pt-pt\/wp-json\/wp\/v2\/users\/2"}],"replies":[{"embeddable":true,"href":"https:\/\/www.impulsoenergia.eu\/pt-pt\/wp-json\/wp\/v2\/comments?post=1843"}],"version-history":[{"count":3,"href":"https:\/\/www.impulsoenergia.eu\/pt-pt\/wp-json\/wp\/v2\/posts\/1843\/revisions"}],"predecessor-version":[{"id":1846,"href":"https:\/\/www.impulsoenergia.eu\/pt-pt\/wp-json\/wp\/v2\/posts\/1843\/revisions\/1846"}],"wp:featuredmedia":[{"embeddable":true,"href":"https:\/\/www.impulsoenergia.eu\/pt-pt\/wp-json\/wp\/v2\/media\/1698"}],"wp:attachment":[{"href":"https:\/\/www.impulsoenergia.eu\/pt-pt\/wp-json\/wp\/v2\/media?parent=1843"}],"wp:term":[{"taxonomy":"category","embeddable":true,"href":"https:\/\/www.impulsoenergia.eu\/pt-pt\/wp-json\/wp\/v2\/categories?post=1843"}],"curies":[{"name":"wp","href":"https:\/\/api.w.org\/{rel}","templated":true}]}}