{"id":1835,"date":"2025-11-10T11:47:09","date_gmt":"2025-11-10T11:47:09","guid":{"rendered":"https:\/\/www.impulsoenergia.eu\/arme-y-la-cooperacion-luxemburguesa-promueven-un-debate-sobre-las-perdidas-en-el-sistema-de-abastecimiento-de-agua\/"},"modified":"2025-11-10T12:05:38","modified_gmt":"2025-11-10T12:05:38","slug":"arme-cooperacaoluxemburguesa-perdas-sistema-abastecimento-agua","status":"publish","type":"post","link":"https:\/\/www.impulsoenergia.eu\/pt-pt\/arme-cooperacaoluxemburguesa-perdas-sistema-abastecimento-agua\/","title":{"rendered":"ARME e a Coopera\u00e7\u00e3o Luxemburguesa promovem debate sobre as perdas no sistema de abastecimento de \u00e1gua"},"content":{"rendered":"<p><iframe loading=\"lazy\" title=\"ARME e Coopera\u00e7\u00e3o Luxemburguesa promovem debate sobre perdas no sistema de abastecimento de \u00e1gua\" width=\"500\" height=\"281\" src=\"https:\/\/www.youtube.com\/embed\/hY_XTaMlRoE?start=190&#038;feature=oembed\" frameborder=\"0\" allow=\"accelerometer; autoplay; clipboard-write; encrypted-media; gyroscope; picture-in-picture; web-share\" referrerpolicy=\"strict-origin-when-cross-origin\" allowfullscreen><\/iframe><\/p>\n<p><em>Transcri\u00e7\u00e3o em portugu\u00eas:<\/em><\/p>\n<p>&nbsp;<\/p>\n<hr \/>\n<h2 data-start=\"0\" data-end=\"141\"><strong data-start=\"0\" data-end=\"105\">ARME e a Coopera\u00e7\u00e3o Luxemburguesa promovem debate sobre as perdas no sistema de abastecimento de \u00e1gua<\/strong><\/h2>\n<p data-start=\"143\" data-end=\"539\">Um dos principais problemas na distribui\u00e7\u00e3o de energia s\u00e3o as perdas resultantes de furtos e fraudes, que, segundo dados de 2023, rondaram os <strong data-start=\"285\" data-end=\"292\">40%<\/strong>.<br data-start=\"293\" data-end=\"296\" \/>Para combater este crime, a <strong data-start=\"324\" data-end=\"332\">ARME<\/strong>, em parceria com a <strong data-start=\"352\" data-end=\"380\">Coopera\u00e7\u00e3o Luxemburguesa<\/strong>, promoveu um <strong data-start=\"394\" data-end=\"406\">workshop<\/strong> para debater a <strong data-start=\"422\" data-end=\"472\">sustentabilidade do setor da \u00e1gua e saneamento<\/strong>, com o objetivo de conter as perdas no sistema de abastecimento.<\/p>\n<p data-start=\"541\" data-end=\"835\">A <strong data-start=\"543\" data-end=\"593\">sustentabilidade do setor da \u00e1gua e saneamento<\/strong> encontra-se em risco devido ao <strong data-start=\"625\" data-end=\"665\">furto e fraude de \u00e1gua em Cabo Verde<\/strong>.<br data-start=\"666\" data-end=\"669\" \/>De acordo com o <strong data-start=\"685\" data-end=\"724\">Relat\u00f3rio Regulat\u00f3rio Anual da ANAS<\/strong>, elaborado em parceria com a ARME, em 2023 as perdas no sistema de abastecimento atingiram cerca de <strong data-start=\"825\" data-end=\"832\">40%<\/strong>.<\/p>\n<p data-start=\"837\" data-end=\"1321\">\u201cNo Relat\u00f3rio Regulat\u00f3rio Anual, produzido em parceria com a ANAS, verific\u00e1mos que em 2023 as perdas no sistema de abastecimento rondaram os 40%, e estes dados j\u00e1 correspondem a um contexto nacional.<br data-start=\"1036\" data-end=\"1039\" \/>S\u00f3 aqui, na <strong data-start=\"1051\" data-end=\"1071\">Ilha de Santiago<\/strong>, as perdas em 2024 \u2014 segundo o relat\u00f3rio RASAS atualmente em elabora\u00e7\u00e3o \u2014 situam-se em torno de <strong data-start=\"1168\" data-end=\"1175\">67%<\/strong>, uma situa\u00e7\u00e3o que compromete a sustentabilidade n\u00e3o apenas da pr\u00f3pria operadora, mas de todo o sistema, sobretudo para os consumidores finais.\u201d<\/p>\n<p data-start=\"1323\" data-end=\"1617\">Muito se tem falado sobre o <strong data-start=\"1351\" data-end=\"1393\">furto e a fraude de \u00e1gua em Cabo Verde<\/strong>, uma situa\u00e7\u00e3o que exige especial aten\u00e7\u00e3o por parte das autoridades, a fim de <strong data-start=\"1471\" data-end=\"1515\">prevenir e detetar pr\u00e1ticas fraudulentas<\/strong>, contribuindo assim para <strong data-start=\"1541\" data-end=\"1614\">reduzir as perdas e melhorar a efici\u00eancia do sistema de abastecimento<\/strong>.<\/p>\n<p data-start=\"1619\" data-end=\"1872\">\u201cNeste roteiro, a equipa consultora apresentar\u00e1 os <strong data-start=\"1670\" data-end=\"1689\">passos a seguir<\/strong>, os <strong data-start=\"1694\" data-end=\"1712\">intervenientes<\/strong> e os <strong data-start=\"1718\" data-end=\"1745\">procedimentos adequados<\/strong> a adotar em casos de il\u00edcito, de modo a garantir um funcionamento uniforme em todas as entidades gestoras a n\u00edvel nacional.\u201d<\/p>\n<p data-start=\"1874\" data-end=\"2084\">Perante este cen\u00e1rio, o <strong data-start=\"1898\" data-end=\"1937\">combate ao furto e \u00e0 fraude de \u00e1gua<\/strong> constitui uma <strong data-start=\"1952\" data-end=\"1972\">medida essencial<\/strong> para reduzir as perdas no abastecimento, especialmente na <strong data-start=\"2031\" data-end=\"2051\">Ilha de Santiago<\/strong>, onde o problema \u00e9 mais grave.<\/p>\n<p data-start=\"2086\" data-end=\"2455\">A <strong data-start=\"2088\" data-end=\"2096\">ADES<\/strong> realizou, em 2024, cerca de <strong data-start=\"2125\" data-end=\"2144\">7.400 inspe\u00e7\u00f5es<\/strong> nos bairros da <strong data-start=\"2160\" data-end=\"2207\">V\u00e1rzea, Ponta d\u2019\u00c1gua e Achada de S\u00e3o Filipe<\/strong>, identificando aproximadamente <strong data-start=\"2239\" data-end=\"2270\">1.800 situa\u00e7\u00f5es irregulares<\/strong>.<br data-start=\"2271\" data-end=\"2274\" \/>Estes n\u00fameros refletem a <strong data-start=\"2299\" data-end=\"2322\">dimens\u00e3o do desafio<\/strong> e a <strong data-start=\"2327\" data-end=\"2370\">import\u00e2ncia de uma resposta estruturada<\/strong>, sobretudo num setor que gere um <strong data-start=\"2404\" data-end=\"2452\" data-is-only-node=\"\">recurso t\u00e3o precioso e escasso em Cabo Verde<\/strong>.<\/p>\n<p data-start=\"2457\" data-end=\"2751\" data-is-last-node=\"\" data-is-only-node=\"\">O <strong data-start=\"2459\" data-end=\"2471\">workshop<\/strong> sobre o <strong data-start=\"2480\" data-end=\"2548\">roteiro para o combate ao furto e \u00e0 fraude de \u00e1gua em Cabo Verde<\/strong> ser\u00e1 tamb\u00e9m um <strong data-start=\"2564\" data-end=\"2592\">espa\u00e7o de debate t\u00e9cnico<\/strong>, <strong data-start=\"2594\" data-end=\"2637\">partilha de experi\u00eancias institucionais<\/strong> e <strong data-start=\"2640\" data-end=\"2666\">recolha de contributos<\/strong> para a consolida\u00e7\u00e3o dos <strong data-start=\"2691\" data-end=\"2750\">instrumentos estrat\u00e9gicos atualmente em desenvolvimento<\/strong>.<\/p>\n<hr \/>\n<h3 data-start=\"0\" data-end=\"100\"><strong data-start=\"4\" data-end=\"100\">Grupo Impulso participou nas jornadas para combater o roubo e a fraude de \u00e1gua em Cabo Verde<\/strong><\/h3>\n<p data-start=\"102\" data-end=\"536\">Em outubro, o <strong data-start=\"116\" data-end=\"133\">Grupo Impulso<\/strong> participou nas <strong data-start=\"149\" data-end=\"222\">jornadas sobre a luta contra o roubo e a fraude de \u00e1gua em Cabo Verde<\/strong>, organizadas pela <strong data-start=\"241\" data-end=\"249\">ARME<\/strong> e pela <strong data-start=\"257\" data-end=\"285\">Coopera\u00e7\u00e3o Luxemburguesa<\/strong>.<br data-start=\"286\" data-end=\"289\" \/>O encontro serviu como um espa\u00e7o de di\u00e1logo e reflex\u00e3o sobre a <strong data-start=\"352\" data-end=\"402\">sustentabilidade do setor da \u00e1gua e saneamento<\/strong>, onde diferentes empresas do grupo partilharam as suas experi\u00eancias e propostas para reduzir as perdas no sistema de abastecimento.<\/p>\n<p data-start=\"538\" data-end=\"676\">As empresas <strong data-start=\"550\" data-end=\"580\">\u00c1guas de Ponta Preta (APP)<\/strong>, <strong data-start=\"582\" data-end=\"611\">\u00c1guas de Porto Novo (APN)<\/strong> e <strong data-start=\"614\" data-end=\"645\">\u00c1guas de Santo Ant\u00e3o (AdSA)<\/strong> estiveram representadas por:<\/p>\n<ul data-start=\"677\" data-end=\"961\">\n<li data-start=\"677\" data-end=\"729\">\n<p data-start=\"679\" data-end=\"729\"><strong data-start=\"679\" data-end=\"699\">Dra. Neusa Silva<\/strong>, Diretora Comercial da AdSA<\/p>\n<\/li>\n<li data-start=\"730\" data-end=\"796\">\n<p data-start=\"732\" data-end=\"796\"><strong data-start=\"732\" data-end=\"758\">Eng.\u00ba Aristides Santos<\/strong>, Diretor do Gabinete T\u00e9cnico da APP<\/p>\n<\/li>\n<li data-start=\"797\" data-end=\"859\">\n<p data-start=\"799\" data-end=\"859\"><strong data-start=\"799\" data-end=\"821\">Dr. Jailton Santos<\/strong>, Chefe de Servi\u00e7o Zona Sul AdSA\/APN<\/p>\n<\/li>\n<li data-start=\"860\" data-end=\"961\">\n<p data-start=\"862\" data-end=\"961\"><strong data-start=\"862\" data-end=\"893\">Eng.\u00ba Norberto Larriba Blay<\/strong>, Presidente do Conselho de Administra\u00e7\u00e3o da APP\u2013\u00c1guas Ponta Preta<\/p>\n<\/li>\n<\/ul>\n<p data-start=\"963\" data-end=\"1157\">Agradecemos a todos pela contribui\u00e7\u00e3o e pelo conhecimento partilhado sobre a realidade de cada regi\u00e3o onde as nossas empresas operam, enriquecendo o debate com perspetivas pr\u00e1ticas e t\u00e9cnicas.<\/p>\n<p data-start=\"1159\" data-end=\"1462\">Por fim, expressamos o nosso agradecimento \u00e0 <strong data-start=\"1204\" data-end=\"1212\">ARME<\/strong> e \u00e0 <strong data-start=\"1217\" data-end=\"1245\">Coopera\u00e7\u00e3o Luxemburguesa<\/strong> por <strong data-start=\"1250\" data-end=\"1300\">impulsionarem este espa\u00e7o de trabalho conjunto<\/strong>, orientado para <strong data-start=\"1317\" data-end=\"1459\">consolidar estrat\u00e9gias e instrumentos que promovam uma gest\u00e3o mais eficiente de um recurso t\u00e3o valioso e escasso como a \u00e1gua em Cabo Verde<\/strong>.<\/p>\n","protected":false},"excerpt":{"rendered":"<p>Transcri\u00e7\u00e3o em portugu\u00eas: &nbsp; ARME e a Coopera\u00e7\u00e3o Luxemburguesa promovem debate sobre as perdas no sistema de abastecimento de \u00e1gua [&hellip;]<\/p>\n","protected":false},"author":2,"featured_media":1833,"comment_status":"closed","ping_status":"closed","sticky":false,"template":"","format":"standard","meta":{"_acf_changed":false,"footnotes":""},"categories":[61,62],"class_list":["post-1835","post","type-post","status-publish","format-standard","has-post-thumbnail","hentry","category-app-pt-pt","category-sector-pt-pt"],"acf":[],"yoast_head":"<!-- This site is optimized with the Yoast SEO plugin v25.6 - https:\/\/yoast.com\/wordpress\/plugins\/seo\/ -->\n<title>ARME e a Coopera\u00e7\u00e3o Luxemburguesa promovem debate sobre as perdas no sistema de abastecimento de \u00e1gua<\/title>\n<meta name=\"description\" content=\"O grupo Impulso participou nas jornadas sobre a luta contra o roubo e a fraude de \u00e1gua em Cabo Verde, organizadas pela ARME e pela Coopera\u00e7\u00e3o Luxemburguesa\" \/>\n<meta name=\"robots\" content=\"index, follow, max-snippet:-1, max-image-preview:large, max-video-preview:-1\" \/>\n<link rel=\"canonical\" href=\"https:\/\/www.impulsoenergia.eu\/pt-pt\/arme-cooperacaoluxemburguesa-perdas-sistema-abastecimento-agua\/\" \/>\n<meta property=\"og:locale\" content=\"pt_PT\" \/>\n<meta property=\"og:type\" content=\"article\" \/>\n<meta property=\"og:title\" content=\"ARME e a Coopera\u00e7\u00e3o Luxemburguesa promovem debate sobre as perdas no sistema de abastecimento de \u00e1gua\" \/>\n<meta property=\"og:description\" content=\"O grupo Impulso participou nas jornadas sobre a luta contra o roubo e a fraude de \u00e1gua em Cabo Verde, organizadas pela ARME e pela Coopera\u00e7\u00e3o Luxemburguesa\" \/>\n<meta property=\"og:url\" content=\"https:\/\/www.impulsoenergia.eu\/pt-pt\/arme-cooperacaoluxemburguesa-perdas-sistema-abastecimento-agua\/\" \/>\n<meta property=\"og:site_name\" content=\"Impulso Energ\u00eda\" \/>\n<meta property=\"article:published_time\" content=\"2025-11-10T11:47:09+00:00\" \/>\n<meta property=\"article:modified_time\" content=\"2025-11-10T12:05:38+00:00\" \/>\n<meta property=\"og:image\" content=\"https:\/\/www.impulsoenergia.eu\/custom\/uploads\/2025\/11\/ARME-y-Coop-Luxemburguesa.png\" \/>\n\t<meta property=\"og:image:width\" content=\"1910\" \/>\n\t<meta property=\"og:image:height\" content=\"1079\" \/>\n\t<meta property=\"og:image:type\" content=\"image\/png\" \/>\n<meta name=\"author\" content=\"mariana\" \/>\n<meta name=\"twitter:card\" content=\"summary_large_image\" \/>\n<meta name=\"twitter:label1\" content=\"Written by\" \/>\n\t<meta name=\"twitter:data1\" content=\"mariana\" \/>\n\t<meta name=\"twitter:label2\" content=\"Est. reading time\" \/>\n\t<meta name=\"twitter:data2\" content=\"4 minutes\" \/>\n<script type=\"application\/ld+json\" class=\"yoast-schema-graph\">{\"@context\":\"https:\/\/schema.org\",\"@graph\":[{\"@type\":\"Article\",\"@id\":\"https:\/\/www.impulsoenergia.eu\/pt-pt\/arme-cooperacaoluxemburguesa-perdas-sistema-abastecimento-agua\/#article\",\"isPartOf\":{\"@id\":\"https:\/\/www.impulsoenergia.eu\/pt-pt\/arme-cooperacaoluxemburguesa-perdas-sistema-abastecimento-agua\/\"},\"author\":{\"name\":\"mariana\",\"@id\":\"https:\/\/www.impulsoenergia.eu\/#\/schema\/person\/e583955678f0a64694f6b34c7d147ad4\"},\"headline\":\"ARME e a Coopera\u00e7\u00e3o Luxemburguesa promovem debate sobre as perdas no sistema de abastecimento de \u00e1gua\",\"datePublished\":\"2025-11-10T11:47:09+00:00\",\"dateModified\":\"2025-11-10T12:05:38+00:00\",\"mainEntityOfPage\":{\"@id\":\"https:\/\/www.impulsoenergia.eu\/pt-pt\/arme-cooperacaoluxemburguesa-perdas-sistema-abastecimento-agua\/\"},\"wordCount\":701,\"publisher\":{\"@id\":\"https:\/\/www.impulsoenergia.eu\/#organization\"},\"image\":{\"@id\":\"https:\/\/www.impulsoenergia.eu\/pt-pt\/arme-cooperacaoluxemburguesa-perdas-sistema-abastecimento-agua\/#primaryimage\"},\"thumbnailUrl\":\"https:\/\/www.impulsoenergia.eu\/custom\/uploads\/2025\/11\/ARME-y-Coop-Luxemburguesa.png\",\"articleSection\":[\"Noticias APP\",\"Noticias sector\"],\"inLanguage\":\"pt-PT\"},{\"@type\":\"WebPage\",\"@id\":\"https:\/\/www.impulsoenergia.eu\/pt-pt\/arme-cooperacaoluxemburguesa-perdas-sistema-abastecimento-agua\/\",\"url\":\"https:\/\/www.impulsoenergia.eu\/pt-pt\/arme-cooperacaoluxemburguesa-perdas-sistema-abastecimento-agua\/\",\"name\":\"ARME e a Coopera\u00e7\u00e3o Luxemburguesa promovem debate sobre as perdas no sistema de abastecimento de \u00e1gua\",\"isPartOf\":{\"@id\":\"https:\/\/www.impulsoenergia.eu\/#website\"},\"primaryImageOfPage\":{\"@id\":\"https:\/\/www.impulsoenergia.eu\/pt-pt\/arme-cooperacaoluxemburguesa-perdas-sistema-abastecimento-agua\/#primaryimage\"},\"image\":{\"@id\":\"https:\/\/www.impulsoenergia.eu\/pt-pt\/arme-cooperacaoluxemburguesa-perdas-sistema-abastecimento-agua\/#primaryimage\"},\"thumbnailUrl\":\"https:\/\/www.impulsoenergia.eu\/custom\/uploads\/2025\/11\/ARME-y-Coop-Luxemburguesa.png\",\"datePublished\":\"2025-11-10T11:47:09+00:00\",\"dateModified\":\"2025-11-10T12:05:38+00:00\",\"description\":\"O grupo Impulso participou nas jornadas sobre a luta contra o roubo e a fraude de \u00e1gua em Cabo Verde, organizadas pela ARME e pela Coopera\u00e7\u00e3o Luxemburguesa\",\"breadcrumb\":{\"@id\":\"https:\/\/www.impulsoenergia.eu\/pt-pt\/arme-cooperacaoluxemburguesa-perdas-sistema-abastecimento-agua\/#breadcrumb\"},\"inLanguage\":\"pt-PT\",\"potentialAction\":[{\"@type\":\"ReadAction\",\"target\":[\"https:\/\/www.impulsoenergia.eu\/pt-pt\/arme-cooperacaoluxemburguesa-perdas-sistema-abastecimento-agua\/\"]}]},{\"@type\":\"ImageObject\",\"inLanguage\":\"pt-PT\",\"@id\":\"https:\/\/www.impulsoenergia.eu\/pt-pt\/arme-cooperacaoluxemburguesa-perdas-sistema-abastecimento-agua\/#primaryimage\",\"url\":\"https:\/\/www.impulsoenergia.eu\/custom\/uploads\/2025\/11\/ARME-y-Coop-Luxemburguesa.png\",\"contentUrl\":\"https:\/\/www.impulsoenergia.eu\/custom\/uploads\/2025\/11\/ARME-y-Coop-Luxemburguesa.png\",\"width\":1910,\"height\":1079,\"caption\":\"ARME y la Cooperaci\u00f3n Luxemburguesa promueven un debate sobre las p\u00e9rdidas en el sistema de abastecimiento de agua\"},{\"@type\":\"BreadcrumbList\",\"@id\":\"https:\/\/www.impulsoenergia.eu\/pt-pt\/arme-cooperacaoluxemburguesa-perdas-sistema-abastecimento-agua\/#breadcrumb\",\"itemListElement\":[{\"@type\":\"ListItem\",\"position\":1,\"name\":\"Portada\",\"item\":\"https:\/\/www.impulsoenergia.eu\/pt-pt\/\"},{\"@type\":\"ListItem\",\"position\":2,\"name\":\"ARME e a Coopera\u00e7\u00e3o Luxemburguesa promovem debate sobre as perdas no sistema de abastecimento de \u00e1gua\"}]},{\"@type\":\"WebSite\",\"@id\":\"https:\/\/www.impulsoenergia.eu\/#website\",\"url\":\"https:\/\/www.impulsoenergia.eu\/\",\"name\":\"Impulso Energ\u00eda\",\"description\":\"Desarrollo e inversi\u00f3n en los sectores de la energ\u00eda y el agua\",\"publisher\":{\"@id\":\"https:\/\/www.impulsoenergia.eu\/#organization\"},\"potentialAction\":[{\"@type\":\"SearchAction\",\"target\":{\"@type\":\"EntryPoint\",\"urlTemplate\":\"https:\/\/www.impulsoenergia.eu\/?s={search_term_string}\"},\"query-input\":{\"@type\":\"PropertyValueSpecification\",\"valueRequired\":true,\"valueName\":\"search_term_string\"}}],\"inLanguage\":\"pt-PT\"},{\"@type\":\"Organization\",\"@id\":\"https:\/\/www.impulsoenergia.eu\/#organization\",\"name\":\"Impulso Energ\u00eda\",\"url\":\"https:\/\/www.impulsoenergia.eu\/\",\"logo\":{\"@type\":\"ImageObject\",\"inLanguage\":\"pt-PT\",\"@id\":\"https:\/\/www.impulsoenergia.eu\/#\/schema\/logo\/image\/\",\"url\":\"https:\/\/www.impulsoenergia.eu\/custom\/uploads\/2022\/09\/logo-impulso.jpg\",\"contentUrl\":\"https:\/\/www.impulsoenergia.eu\/custom\/uploads\/2022\/09\/logo-impulso.jpg\",\"width\":232,\"height\":75,\"caption\":\"Impulso Energ\u00eda\"},\"image\":{\"@id\":\"https:\/\/www.impulsoenergia.eu\/#\/schema\/logo\/image\/\"}},{\"@type\":\"Person\",\"@id\":\"https:\/\/www.impulsoenergia.eu\/#\/schema\/person\/e583955678f0a64694f6b34c7d147ad4\",\"name\":\"mariana\",\"image\":{\"@type\":\"ImageObject\",\"inLanguage\":\"pt-PT\",\"@id\":\"https:\/\/www.impulsoenergia.eu\/#\/schema\/person\/image\/\",\"url\":\"https:\/\/secure.gravatar.com\/avatar\/22f14bf6d28fc4a5972fd4fda110270f8a2632aa691ec6aabd56edead8aa750e?s=96&d=mm&r=g\",\"contentUrl\":\"https:\/\/secure.gravatar.com\/avatar\/22f14bf6d28fc4a5972fd4fda110270f8a2632aa691ec6aabd56edead8aa750e?s=96&d=mm&r=g\",\"caption\":\"mariana\"},\"url\":\"https:\/\/www.impulsoenergia.eu\/pt-pt\/author\/mariana\/\"}]}<\/script>\n<!-- \/ Yoast SEO plugin. -->","yoast_head_json":{"title":"ARME e a Coopera\u00e7\u00e3o Luxemburguesa promovem debate sobre as perdas no sistema de abastecimento de \u00e1gua","description":"O grupo Impulso participou nas jornadas sobre a luta contra o roubo e a fraude de \u00e1gua em Cabo Verde, organizadas pela ARME e pela Coopera\u00e7\u00e3o Luxemburguesa","robots":{"index":"index","follow":"follow","max-snippet":"max-snippet:-1","max-image-preview":"max-image-preview:large","max-video-preview":"max-video-preview:-1"},"canonical":"https:\/\/www.impulsoenergia.eu\/pt-pt\/arme-cooperacaoluxemburguesa-perdas-sistema-abastecimento-agua\/","og_locale":"pt_PT","og_type":"article","og_title":"ARME e a Coopera\u00e7\u00e3o Luxemburguesa promovem debate sobre as perdas no sistema de abastecimento de \u00e1gua","og_description":"O grupo Impulso participou nas jornadas sobre a luta contra o roubo e a fraude de \u00e1gua em Cabo Verde, organizadas pela ARME e pela Coopera\u00e7\u00e3o Luxemburguesa","og_url":"https:\/\/www.impulsoenergia.eu\/pt-pt\/arme-cooperacaoluxemburguesa-perdas-sistema-abastecimento-agua\/","og_site_name":"Impulso Energ\u00eda","article_published_time":"2025-11-10T11:47:09+00:00","article_modified_time":"2025-11-10T12:05:38+00:00","og_image":[{"width":1910,"height":1079,"url":"https:\/\/www.impulsoenergia.eu\/custom\/uploads\/2025\/11\/ARME-y-Coop-Luxemburguesa.png","type":"image\/png"}],"author":"mariana","twitter_card":"summary_large_image","twitter_misc":{"Written by":"mariana","Est. reading time":"4 minutes"},"schema":{"@context":"https:\/\/schema.org","@graph":[{"@type":"Article","@id":"https:\/\/www.impulsoenergia.eu\/pt-pt\/arme-cooperacaoluxemburguesa-perdas-sistema-abastecimento-agua\/#article","isPartOf":{"@id":"https:\/\/www.impulsoenergia.eu\/pt-pt\/arme-cooperacaoluxemburguesa-perdas-sistema-abastecimento-agua\/"},"author":{"name":"mariana","@id":"https:\/\/www.impulsoenergia.eu\/#\/schema\/person\/e583955678f0a64694f6b34c7d147ad4"},"headline":"ARME e a Coopera\u00e7\u00e3o Luxemburguesa promovem debate sobre as perdas no sistema de abastecimento de \u00e1gua","datePublished":"2025-11-10T11:47:09+00:00","dateModified":"2025-11-10T12:05:38+00:00","mainEntityOfPage":{"@id":"https:\/\/www.impulsoenergia.eu\/pt-pt\/arme-cooperacaoluxemburguesa-perdas-sistema-abastecimento-agua\/"},"wordCount":701,"publisher":{"@id":"https:\/\/www.impulsoenergia.eu\/#organization"},"image":{"@id":"https:\/\/www.impulsoenergia.eu\/pt-pt\/arme-cooperacaoluxemburguesa-perdas-sistema-abastecimento-agua\/#primaryimage"},"thumbnailUrl":"https:\/\/www.impulsoenergia.eu\/custom\/uploads\/2025\/11\/ARME-y-Coop-Luxemburguesa.png","articleSection":["Noticias APP","Noticias sector"],"inLanguage":"pt-PT"},{"@type":"WebPage","@id":"https:\/\/www.impulsoenergia.eu\/pt-pt\/arme-cooperacaoluxemburguesa-perdas-sistema-abastecimento-agua\/","url":"https:\/\/www.impulsoenergia.eu\/pt-pt\/arme-cooperacaoluxemburguesa-perdas-sistema-abastecimento-agua\/","name":"ARME e a Coopera\u00e7\u00e3o Luxemburguesa promovem debate sobre as perdas no sistema de abastecimento de \u00e1gua","isPartOf":{"@id":"https:\/\/www.impulsoenergia.eu\/#website"},"primaryImageOfPage":{"@id":"https:\/\/www.impulsoenergia.eu\/pt-pt\/arme-cooperacaoluxemburguesa-perdas-sistema-abastecimento-agua\/#primaryimage"},"image":{"@id":"https:\/\/www.impulsoenergia.eu\/pt-pt\/arme-cooperacaoluxemburguesa-perdas-sistema-abastecimento-agua\/#primaryimage"},"thumbnailUrl":"https:\/\/www.impulsoenergia.eu\/custom\/uploads\/2025\/11\/ARME-y-Coop-Luxemburguesa.png","datePublished":"2025-11-10T11:47:09+00:00","dateModified":"2025-11-10T12:05:38+00:00","description":"O grupo Impulso participou nas jornadas sobre a luta contra o roubo e a fraude de \u00e1gua em Cabo Verde, organizadas pela ARME e pela Coopera\u00e7\u00e3o Luxemburguesa","breadcrumb":{"@id":"https:\/\/www.impulsoenergia.eu\/pt-pt\/arme-cooperacaoluxemburguesa-perdas-sistema-abastecimento-agua\/#breadcrumb"},"inLanguage":"pt-PT","potentialAction":[{"@type":"ReadAction","target":["https:\/\/www.impulsoenergia.eu\/pt-pt\/arme-cooperacaoluxemburguesa-perdas-sistema-abastecimento-agua\/"]}]},{"@type":"ImageObject","inLanguage":"pt-PT","@id":"https:\/\/www.impulsoenergia.eu\/pt-pt\/arme-cooperacaoluxemburguesa-perdas-sistema-abastecimento-agua\/#primaryimage","url":"https:\/\/www.impulsoenergia.eu\/custom\/uploads\/2025\/11\/ARME-y-Coop-Luxemburguesa.png","contentUrl":"https:\/\/www.impulsoenergia.eu\/custom\/uploads\/2025\/11\/ARME-y-Coop-Luxemburguesa.png","width":1910,"height":1079,"caption":"ARME y la Cooperaci\u00f3n Luxemburguesa promueven un debate sobre las p\u00e9rdidas en el sistema de abastecimiento de agua"},{"@type":"BreadcrumbList","@id":"https:\/\/www.impulsoenergia.eu\/pt-pt\/arme-cooperacaoluxemburguesa-perdas-sistema-abastecimento-agua\/#breadcrumb","itemListElement":[{"@type":"ListItem","position":1,"name":"Portada","item":"https:\/\/www.impulsoenergia.eu\/pt-pt\/"},{"@type":"ListItem","position":2,"name":"ARME e a Coopera\u00e7\u00e3o Luxemburguesa promovem debate sobre as perdas no sistema de abastecimento de \u00e1gua"}]},{"@type":"WebSite","@id":"https:\/\/www.impulsoenergia.eu\/#website","url":"https:\/\/www.impulsoenergia.eu\/","name":"Impulso Energ\u00eda","description":"Desarrollo e inversi\u00f3n en los sectores de la energ\u00eda y el agua","publisher":{"@id":"https:\/\/www.impulsoenergia.eu\/#organization"},"potentialAction":[{"@type":"SearchAction","target":{"@type":"EntryPoint","urlTemplate":"https:\/\/www.impulsoenergia.eu\/?s={search_term_string}"},"query-input":{"@type":"PropertyValueSpecification","valueRequired":true,"valueName":"search_term_string"}}],"inLanguage":"pt-PT"},{"@type":"Organization","@id":"https:\/\/www.impulsoenergia.eu\/#organization","name":"Impulso Energ\u00eda","url":"https:\/\/www.impulsoenergia.eu\/","logo":{"@type":"ImageObject","inLanguage":"pt-PT","@id":"https:\/\/www.impulsoenergia.eu\/#\/schema\/logo\/image\/","url":"https:\/\/www.impulsoenergia.eu\/custom\/uploads\/2022\/09\/logo-impulso.jpg","contentUrl":"https:\/\/www.impulsoenergia.eu\/custom\/uploads\/2022\/09\/logo-impulso.jpg","width":232,"height":75,"caption":"Impulso Energ\u00eda"},"image":{"@id":"https:\/\/www.impulsoenergia.eu\/#\/schema\/logo\/image\/"}},{"@type":"Person","@id":"https:\/\/www.impulsoenergia.eu\/#\/schema\/person\/e583955678f0a64694f6b34c7d147ad4","name":"mariana","image":{"@type":"ImageObject","inLanguage":"pt-PT","@id":"https:\/\/www.impulsoenergia.eu\/#\/schema\/person\/image\/","url":"https:\/\/secure.gravatar.com\/avatar\/22f14bf6d28fc4a5972fd4fda110270f8a2632aa691ec6aabd56edead8aa750e?s=96&d=mm&r=g","contentUrl":"https:\/\/secure.gravatar.com\/avatar\/22f14bf6d28fc4a5972fd4fda110270f8a2632aa691ec6aabd56edead8aa750e?s=96&d=mm&r=g","caption":"mariana"},"url":"https:\/\/www.impulsoenergia.eu\/pt-pt\/author\/mariana\/"}]}},"_links":{"self":[{"href":"https:\/\/www.impulsoenergia.eu\/pt-pt\/wp-json\/wp\/v2\/posts\/1835","targetHints":{"allow":["GET"]}}],"collection":[{"href":"https:\/\/www.impulsoenergia.eu\/pt-pt\/wp-json\/wp\/v2\/posts"}],"about":[{"href":"https:\/\/www.impulsoenergia.eu\/pt-pt\/wp-json\/wp\/v2\/types\/post"}],"author":[{"embeddable":true,"href":"https:\/\/www.impulsoenergia.eu\/pt-pt\/wp-json\/wp\/v2\/users\/2"}],"replies":[{"embeddable":true,"href":"https:\/\/www.impulsoenergia.eu\/pt-pt\/wp-json\/wp\/v2\/comments?post=1835"}],"version-history":[{"count":4,"href":"https:\/\/www.impulsoenergia.eu\/pt-pt\/wp-json\/wp\/v2\/posts\/1835\/revisions"}],"predecessor-version":[{"id":1838,"href":"https:\/\/www.impulsoenergia.eu\/pt-pt\/wp-json\/wp\/v2\/posts\/1835\/revisions\/1838"}],"wp:featuredmedia":[{"embeddable":true,"href":"https:\/\/www.impulsoenergia.eu\/pt-pt\/wp-json\/wp\/v2\/media\/1833"}],"wp:attachment":[{"href":"https:\/\/www.impulsoenergia.eu\/pt-pt\/wp-json\/wp\/v2\/media?parent=1835"}],"wp:term":[{"taxonomy":"category","embeddable":true,"href":"https:\/\/www.impulsoenergia.eu\/pt-pt\/wp-json\/wp\/v2\/categories?post=1835"}],"curies":[{"name":"wp","href":"https:\/\/api.w.org\/{rel}","templated":true}]}}