{"id":1773,"date":"2025-10-20T12:04:43","date_gmt":"2025-10-20T12:04:43","guid":{"rendered":"https:\/\/www.impulsoenergia.eu\/tv3-inundaciones-cataluna\/"},"modified":"2025-10-20T12:09:27","modified_gmt":"2025-10-20T12:09:27","slug":"tv3-inundaciones-cataluna","status":"publish","type":"post","link":"https:\/\/www.impulsoenergia.eu\/pt-pt\/tv3-inundaciones-cataluna\/","title":{"rendered":"Entrevista TV3 19\/10\/2025 &#8211; impacto das inunda\u00e7\u00f5es e as solu\u00e7\u00f5es diante da crise clim\u00e1tica"},"content":{"rendered":"<p>As chuvas torrenciais das \u00faltimas semanas voltaram a evidenciar a vulnerabilidade de muitas regi\u00f5es diante dos efeitos da <strong>crise clim\u00e1tica<\/strong>.<br \/>\nNesse contexto, <strong>Norberto Larriba Blay<\/strong>, CEO da <strong>Impulso Solar<\/strong> e <strong>secret\u00e1rio dos Engenheiros Industriais da Catalunha<\/strong>, foi <strong>um dos especialistas entrevistados pela TV3<\/strong>, que discutiu como o <strong>planejamento<\/strong>, a <strong>resili\u00eancia<\/strong> e a <strong>tecnologia<\/strong> podem ajudar a reduzir o impacto desses epis\u00f3dios extremos.<\/p>\n<p><strong>No v\u00eddeo a seguir, voc\u00ea pode assistir \u00e0 reportagem completa e ouvir as reflex\u00f5es de diversos especialistas, entre eles Norberto Larriba Blay.<\/strong><\/p>\n<p>&nbsp;<\/p>\n<p>&nbsp;<\/p>\n<p><iframe loading=\"lazy\" title=\"TV3: reflexiones de los expertos, incluido Norberto Larriba, sobre el impacto de las inundaciones.\" width=\"500\" height=\"281\" src=\"https:\/\/www.youtube.com\/embed\/AvafgDF7fAs?feature=oembed\" frameborder=\"0\" allow=\"accelerometer; autoplay; clipboard-write; encrypted-media; gyroscope; picture-in-picture; web-share\" referrerpolicy=\"strict-origin-when-cross-origin\" allowfullscreen><\/iframe><\/p>\n","protected":false},"excerpt":{"rendered":"<p>As chuvas torrenciais das \u00faltimas semanas voltaram a evidenciar a vulnerabilidade de muitas regi\u00f5es diante dos efeitos da crise clim\u00e1tica. [&hellip;]<\/p>\n","protected":false},"author":2,"featured_media":1780,"comment_status":"closed","ping_status":"closed","sticky":false,"template":"","format":"standard","meta":{"_acf_changed":false,"footnotes":""},"categories":[68,62],"class_list":["post-1773","post","type-post","status-publish","format-standard","has-post-thumbnail","hentry","category-medios-pt-pt","category-sector-pt-pt"],"acf":[],"yoast_head":"<!-- This site is optimized with the Yoast SEO plugin v25.6 - https:\/\/yoast.com\/wordpress\/plugins\/seo\/ -->\n<title>Entrevista TV3 19\/10\/2025 - impacto das inunda\u00e7\u00f5es e as solu\u00e7\u00f5es diante da crise clim\u00e1tica - Impulso Energ\u00eda<\/title>\n<meta name=\"description\" content=\"Assista na TV3 \u00e0s reflex\u00f5es dos especialistas, incluindo Norberto Larriba Blay, sobre o impacto das inunda\u00e7\u00f5es e as solu\u00e7\u00f5es diante da crise clim\u00e1tica\" \/>\n<meta name=\"robots\" content=\"index, follow, max-snippet:-1, max-image-preview:large, max-video-preview:-1\" \/>\n<link rel=\"canonical\" href=\"https:\/\/www.impulsoenergia.eu\/pt-pt\/tv3-inundaciones-cataluna\/\" \/>\n<meta property=\"og:locale\" content=\"pt_PT\" \/>\n<meta property=\"og:type\" content=\"article\" \/>\n<meta property=\"og:title\" content=\"Entrevista TV3 19\/10\/2025 - impacto das inunda\u00e7\u00f5es e as solu\u00e7\u00f5es diante da crise clim\u00e1tica - Impulso Energ\u00eda\" \/>\n<meta property=\"og:description\" content=\"Assista na TV3 \u00e0s reflex\u00f5es dos especialistas, incluindo Norberto Larriba Blay, sobre o impacto das inunda\u00e7\u00f5es e as solu\u00e7\u00f5es diante da crise clim\u00e1tica\" \/>\n<meta property=\"og:url\" content=\"https:\/\/www.impulsoenergia.eu\/pt-pt\/tv3-inundaciones-cataluna\/\" \/>\n<meta property=\"og:site_name\" content=\"Impulso Energ\u00eda\" \/>\n<meta property=\"article:published_time\" content=\"2025-10-20T12:04:43+00:00\" \/>\n<meta property=\"article:modified_time\" content=\"2025-10-20T12:09:27+00:00\" \/>\n<meta property=\"og:image\" content=\"https:\/\/www.impulsoenergia.eu\/custom\/uploads\/2025\/10\/IMG_0671-scaled.jpg\" \/>\n\t<meta property=\"og:image:width\" content=\"2560\" \/>\n\t<meta property=\"og:image:height\" content=\"1920\" \/>\n\t<meta property=\"og:image:type\" content=\"image\/jpeg\" \/>\n<meta name=\"author\" content=\"mariana\" \/>\n<meta name=\"twitter:card\" content=\"summary_large_image\" \/>\n<meta name=\"twitter:label1\" content=\"Written by\" \/>\n\t<meta name=\"twitter:data1\" content=\"mariana\" \/>\n\t<meta name=\"twitter:label2\" content=\"Est. reading time\" \/>\n\t<meta name=\"twitter:data2\" content=\"1 minute\" \/>\n<script type=\"application\/ld+json\" class=\"yoast-schema-graph\">{\"@context\":\"https:\/\/schema.org\",\"@graph\":[{\"@type\":\"Article\",\"@id\":\"https:\/\/www.impulsoenergia.eu\/pt-pt\/tv3-inundaciones-cataluna\/#article\",\"isPartOf\":{\"@id\":\"https:\/\/www.impulsoenergia.eu\/pt-pt\/tv3-inundaciones-cataluna\/\"},\"author\":{\"name\":\"mariana\",\"@id\":\"https:\/\/www.impulsoenergia.eu\/#\/schema\/person\/e583955678f0a64694f6b34c7d147ad4\"},\"headline\":\"Entrevista TV3 19\/10\/2025 &#8211; impacto das inunda\u00e7\u00f5es e as solu\u00e7\u00f5es diante da crise clim\u00e1tica\",\"datePublished\":\"2025-10-20T12:04:43+00:00\",\"dateModified\":\"2025-10-20T12:09:27+00:00\",\"mainEntityOfPage\":{\"@id\":\"https:\/\/www.impulsoenergia.eu\/pt-pt\/tv3-inundaciones-cataluna\/\"},\"wordCount\":115,\"publisher\":{\"@id\":\"https:\/\/www.impulsoenergia.eu\/#organization\"},\"image\":{\"@id\":\"https:\/\/www.impulsoenergia.eu\/pt-pt\/tv3-inundaciones-cataluna\/#primaryimage\"},\"thumbnailUrl\":\"https:\/\/www.impulsoenergia.eu\/custom\/uploads\/2025\/10\/IMG_0671-scaled.jpg\",\"articleSection\":[\"Impulso en los medios\",\"Noticias sector\"],\"inLanguage\":\"pt-PT\"},{\"@type\":\"WebPage\",\"@id\":\"https:\/\/www.impulsoenergia.eu\/pt-pt\/tv3-inundaciones-cataluna\/\",\"url\":\"https:\/\/www.impulsoenergia.eu\/pt-pt\/tv3-inundaciones-cataluna\/\",\"name\":\"Entrevista TV3 19\/10\/2025 - impacto das inunda\u00e7\u00f5es e as solu\u00e7\u00f5es diante da crise clim\u00e1tica - Impulso Energ\u00eda\",\"isPartOf\":{\"@id\":\"https:\/\/www.impulsoenergia.eu\/#website\"},\"primaryImageOfPage\":{\"@id\":\"https:\/\/www.impulsoenergia.eu\/pt-pt\/tv3-inundaciones-cataluna\/#primaryimage\"},\"image\":{\"@id\":\"https:\/\/www.impulsoenergia.eu\/pt-pt\/tv3-inundaciones-cataluna\/#primaryimage\"},\"thumbnailUrl\":\"https:\/\/www.impulsoenergia.eu\/custom\/uploads\/2025\/10\/IMG_0671-scaled.jpg\",\"datePublished\":\"2025-10-20T12:04:43+00:00\",\"dateModified\":\"2025-10-20T12:09:27+00:00\",\"description\":\"Assista na TV3 \u00e0s reflex\u00f5es dos especialistas, incluindo Norberto Larriba Blay, sobre o impacto das inunda\u00e7\u00f5es e as solu\u00e7\u00f5es diante da crise clim\u00e1tica\",\"breadcrumb\":{\"@id\":\"https:\/\/www.impulsoenergia.eu\/pt-pt\/tv3-inundaciones-cataluna\/#breadcrumb\"},\"inLanguage\":\"pt-PT\",\"potentialAction\":[{\"@type\":\"ReadAction\",\"target\":[\"https:\/\/www.impulsoenergia.eu\/pt-pt\/tv3-inundaciones-cataluna\/\"]}]},{\"@type\":\"ImageObject\",\"inLanguage\":\"pt-PT\",\"@id\":\"https:\/\/www.impulsoenergia.eu\/pt-pt\/tv3-inundaciones-cataluna\/#primaryimage\",\"url\":\"https:\/\/www.impulsoenergia.eu\/custom\/uploads\/2025\/10\/IMG_0671-scaled.jpg\",\"contentUrl\":\"https:\/\/www.impulsoenergia.eu\/custom\/uploads\/2025\/10\/IMG_0671-scaled.jpg\",\"width\":2560,\"height\":1920,\"caption\":\"Entrevista a Norberto Larriba Blay, sobre el impacto de las inundaciones y las soluciones ante la crisis clim\u00e1tica.\"},{\"@type\":\"BreadcrumbList\",\"@id\":\"https:\/\/www.impulsoenergia.eu\/pt-pt\/tv3-inundaciones-cataluna\/#breadcrumb\",\"itemListElement\":[{\"@type\":\"ListItem\",\"position\":1,\"name\":\"Portada\",\"item\":\"https:\/\/www.impulsoenergia.eu\/pt-pt\/\"},{\"@type\":\"ListItem\",\"position\":2,\"name\":\"Entrevista TV3 19\/10\/2025 &#8211; impacto das inunda\u00e7\u00f5es e as solu\u00e7\u00f5es diante da crise clim\u00e1tica\"}]},{\"@type\":\"WebSite\",\"@id\":\"https:\/\/www.impulsoenergia.eu\/#website\",\"url\":\"https:\/\/www.impulsoenergia.eu\/\",\"name\":\"Impulso Energ\u00eda\",\"description\":\"Desarrollo e inversi\u00f3n en los sectores de la energ\u00eda y el agua\",\"publisher\":{\"@id\":\"https:\/\/www.impulsoenergia.eu\/#organization\"},\"potentialAction\":[{\"@type\":\"SearchAction\",\"target\":{\"@type\":\"EntryPoint\",\"urlTemplate\":\"https:\/\/www.impulsoenergia.eu\/?s={search_term_string}\"},\"query-input\":{\"@type\":\"PropertyValueSpecification\",\"valueRequired\":true,\"valueName\":\"search_term_string\"}}],\"inLanguage\":\"pt-PT\"},{\"@type\":\"Organization\",\"@id\":\"https:\/\/www.impulsoenergia.eu\/#organization\",\"name\":\"Impulso Energ\u00eda\",\"url\":\"https:\/\/www.impulsoenergia.eu\/\",\"logo\":{\"@type\":\"ImageObject\",\"inLanguage\":\"pt-PT\",\"@id\":\"https:\/\/www.impulsoenergia.eu\/#\/schema\/logo\/image\/\",\"url\":\"https:\/\/www.impulsoenergia.eu\/custom\/uploads\/2022\/09\/logo-impulso.jpg\",\"contentUrl\":\"https:\/\/www.impulsoenergia.eu\/custom\/uploads\/2022\/09\/logo-impulso.jpg\",\"width\":232,\"height\":75,\"caption\":\"Impulso Energ\u00eda\"},\"image\":{\"@id\":\"https:\/\/www.impulsoenergia.eu\/#\/schema\/logo\/image\/\"}},{\"@type\":\"Person\",\"@id\":\"https:\/\/www.impulsoenergia.eu\/#\/schema\/person\/e583955678f0a64694f6b34c7d147ad4\",\"name\":\"mariana\",\"image\":{\"@type\":\"ImageObject\",\"inLanguage\":\"pt-PT\",\"@id\":\"https:\/\/www.impulsoenergia.eu\/#\/schema\/person\/image\/\",\"url\":\"https:\/\/secure.gravatar.com\/avatar\/22f14bf6d28fc4a5972fd4fda110270f8a2632aa691ec6aabd56edead8aa750e?s=96&d=mm&r=g\",\"contentUrl\":\"https:\/\/secure.gravatar.com\/avatar\/22f14bf6d28fc4a5972fd4fda110270f8a2632aa691ec6aabd56edead8aa750e?s=96&d=mm&r=g\",\"caption\":\"mariana\"},\"url\":\"https:\/\/www.impulsoenergia.eu\/pt-pt\/author\/mariana\/\"}]}<\/script>\n<!-- \/ Yoast SEO plugin. -->","yoast_head_json":{"title":"Entrevista TV3 19\/10\/2025 - impacto das inunda\u00e7\u00f5es e as solu\u00e7\u00f5es diante da crise clim\u00e1tica - Impulso Energ\u00eda","description":"Assista na TV3 \u00e0s reflex\u00f5es dos especialistas, incluindo Norberto Larriba Blay, sobre o impacto das inunda\u00e7\u00f5es e as solu\u00e7\u00f5es diante da crise clim\u00e1tica","robots":{"index":"index","follow":"follow","max-snippet":"max-snippet:-1","max-image-preview":"max-image-preview:large","max-video-preview":"max-video-preview:-1"},"canonical":"https:\/\/www.impulsoenergia.eu\/pt-pt\/tv3-inundaciones-cataluna\/","og_locale":"pt_PT","og_type":"article","og_title":"Entrevista TV3 19\/10\/2025 - impacto das inunda\u00e7\u00f5es e as solu\u00e7\u00f5es diante da crise clim\u00e1tica - Impulso Energ\u00eda","og_description":"Assista na TV3 \u00e0s reflex\u00f5es dos especialistas, incluindo Norberto Larriba Blay, sobre o impacto das inunda\u00e7\u00f5es e as solu\u00e7\u00f5es diante da crise clim\u00e1tica","og_url":"https:\/\/www.impulsoenergia.eu\/pt-pt\/tv3-inundaciones-cataluna\/","og_site_name":"Impulso Energ\u00eda","article_published_time":"2025-10-20T12:04:43+00:00","article_modified_time":"2025-10-20T12:09:27+00:00","og_image":[{"width":2560,"height":1920,"url":"https:\/\/www.impulsoenergia.eu\/custom\/uploads\/2025\/10\/IMG_0671-scaled.jpg","type":"image\/jpeg"}],"author":"mariana","twitter_card":"summary_large_image","twitter_misc":{"Written by":"mariana","Est. reading time":"1 minute"},"schema":{"@context":"https:\/\/schema.org","@graph":[{"@type":"Article","@id":"https:\/\/www.impulsoenergia.eu\/pt-pt\/tv3-inundaciones-cataluna\/#article","isPartOf":{"@id":"https:\/\/www.impulsoenergia.eu\/pt-pt\/tv3-inundaciones-cataluna\/"},"author":{"name":"mariana","@id":"https:\/\/www.impulsoenergia.eu\/#\/schema\/person\/e583955678f0a64694f6b34c7d147ad4"},"headline":"Entrevista TV3 19\/10\/2025 &#8211; impacto das inunda\u00e7\u00f5es e as solu\u00e7\u00f5es diante da crise clim\u00e1tica","datePublished":"2025-10-20T12:04:43+00:00","dateModified":"2025-10-20T12:09:27+00:00","mainEntityOfPage":{"@id":"https:\/\/www.impulsoenergia.eu\/pt-pt\/tv3-inundaciones-cataluna\/"},"wordCount":115,"publisher":{"@id":"https:\/\/www.impulsoenergia.eu\/#organization"},"image":{"@id":"https:\/\/www.impulsoenergia.eu\/pt-pt\/tv3-inundaciones-cataluna\/#primaryimage"},"thumbnailUrl":"https:\/\/www.impulsoenergia.eu\/custom\/uploads\/2025\/10\/IMG_0671-scaled.jpg","articleSection":["Impulso en los medios","Noticias sector"],"inLanguage":"pt-PT"},{"@type":"WebPage","@id":"https:\/\/www.impulsoenergia.eu\/pt-pt\/tv3-inundaciones-cataluna\/","url":"https:\/\/www.impulsoenergia.eu\/pt-pt\/tv3-inundaciones-cataluna\/","name":"Entrevista TV3 19\/10\/2025 - impacto das inunda\u00e7\u00f5es e as solu\u00e7\u00f5es diante da crise clim\u00e1tica - Impulso Energ\u00eda","isPartOf":{"@id":"https:\/\/www.impulsoenergia.eu\/#website"},"primaryImageOfPage":{"@id":"https:\/\/www.impulsoenergia.eu\/pt-pt\/tv3-inundaciones-cataluna\/#primaryimage"},"image":{"@id":"https:\/\/www.impulsoenergia.eu\/pt-pt\/tv3-inundaciones-cataluna\/#primaryimage"},"thumbnailUrl":"https:\/\/www.impulsoenergia.eu\/custom\/uploads\/2025\/10\/IMG_0671-scaled.jpg","datePublished":"2025-10-20T12:04:43+00:00","dateModified":"2025-10-20T12:09:27+00:00","description":"Assista na TV3 \u00e0s reflex\u00f5es dos especialistas, incluindo Norberto Larriba Blay, sobre o impacto das inunda\u00e7\u00f5es e as solu\u00e7\u00f5es diante da crise clim\u00e1tica","breadcrumb":{"@id":"https:\/\/www.impulsoenergia.eu\/pt-pt\/tv3-inundaciones-cataluna\/#breadcrumb"},"inLanguage":"pt-PT","potentialAction":[{"@type":"ReadAction","target":["https:\/\/www.impulsoenergia.eu\/pt-pt\/tv3-inundaciones-cataluna\/"]}]},{"@type":"ImageObject","inLanguage":"pt-PT","@id":"https:\/\/www.impulsoenergia.eu\/pt-pt\/tv3-inundaciones-cataluna\/#primaryimage","url":"https:\/\/www.impulsoenergia.eu\/custom\/uploads\/2025\/10\/IMG_0671-scaled.jpg","contentUrl":"https:\/\/www.impulsoenergia.eu\/custom\/uploads\/2025\/10\/IMG_0671-scaled.jpg","width":2560,"height":1920,"caption":"Entrevista a Norberto Larriba Blay, sobre el impacto de las inundaciones y las soluciones ante la crisis clim\u00e1tica."},{"@type":"BreadcrumbList","@id":"https:\/\/www.impulsoenergia.eu\/pt-pt\/tv3-inundaciones-cataluna\/#breadcrumb","itemListElement":[{"@type":"ListItem","position":1,"name":"Portada","item":"https:\/\/www.impulsoenergia.eu\/pt-pt\/"},{"@type":"ListItem","position":2,"name":"Entrevista TV3 19\/10\/2025 &#8211; impacto das inunda\u00e7\u00f5es e as solu\u00e7\u00f5es diante da crise clim\u00e1tica"}]},{"@type":"WebSite","@id":"https:\/\/www.impulsoenergia.eu\/#website","url":"https:\/\/www.impulsoenergia.eu\/","name":"Impulso Energ\u00eda","description":"Desarrollo e inversi\u00f3n en los sectores de la energ\u00eda y el agua","publisher":{"@id":"https:\/\/www.impulsoenergia.eu\/#organization"},"potentialAction":[{"@type":"SearchAction","target":{"@type":"EntryPoint","urlTemplate":"https:\/\/www.impulsoenergia.eu\/?s={search_term_string}"},"query-input":{"@type":"PropertyValueSpecification","valueRequired":true,"valueName":"search_term_string"}}],"inLanguage":"pt-PT"},{"@type":"Organization","@id":"https:\/\/www.impulsoenergia.eu\/#organization","name":"Impulso Energ\u00eda","url":"https:\/\/www.impulsoenergia.eu\/","logo":{"@type":"ImageObject","inLanguage":"pt-PT","@id":"https:\/\/www.impulsoenergia.eu\/#\/schema\/logo\/image\/","url":"https:\/\/www.impulsoenergia.eu\/custom\/uploads\/2022\/09\/logo-impulso.jpg","contentUrl":"https:\/\/www.impulsoenergia.eu\/custom\/uploads\/2022\/09\/logo-impulso.jpg","width":232,"height":75,"caption":"Impulso Energ\u00eda"},"image":{"@id":"https:\/\/www.impulsoenergia.eu\/#\/schema\/logo\/image\/"}},{"@type":"Person","@id":"https:\/\/www.impulsoenergia.eu\/#\/schema\/person\/e583955678f0a64694f6b34c7d147ad4","name":"mariana","image":{"@type":"ImageObject","inLanguage":"pt-PT","@id":"https:\/\/www.impulsoenergia.eu\/#\/schema\/person\/image\/","url":"https:\/\/secure.gravatar.com\/avatar\/22f14bf6d28fc4a5972fd4fda110270f8a2632aa691ec6aabd56edead8aa750e?s=96&d=mm&r=g","contentUrl":"https:\/\/secure.gravatar.com\/avatar\/22f14bf6d28fc4a5972fd4fda110270f8a2632aa691ec6aabd56edead8aa750e?s=96&d=mm&r=g","caption":"mariana"},"url":"https:\/\/www.impulsoenergia.eu\/pt-pt\/author\/mariana\/"}]}},"_links":{"self":[{"href":"https:\/\/www.impulsoenergia.eu\/pt-pt\/wp-json\/wp\/v2\/posts\/1773","targetHints":{"allow":["GET"]}}],"collection":[{"href":"https:\/\/www.impulsoenergia.eu\/pt-pt\/wp-json\/wp\/v2\/posts"}],"about":[{"href":"https:\/\/www.impulsoenergia.eu\/pt-pt\/wp-json\/wp\/v2\/types\/post"}],"author":[{"embeddable":true,"href":"https:\/\/www.impulsoenergia.eu\/pt-pt\/wp-json\/wp\/v2\/users\/2"}],"replies":[{"embeddable":true,"href":"https:\/\/www.impulsoenergia.eu\/pt-pt\/wp-json\/wp\/v2\/comments?post=1773"}],"version-history":[{"count":2,"href":"https:\/\/www.impulsoenergia.eu\/pt-pt\/wp-json\/wp\/v2\/posts\/1773\/revisions"}],"predecessor-version":[{"id":1775,"href":"https:\/\/www.impulsoenergia.eu\/pt-pt\/wp-json\/wp\/v2\/posts\/1773\/revisions\/1775"}],"wp:featuredmedia":[{"embeddable":true,"href":"https:\/\/www.impulsoenergia.eu\/pt-pt\/wp-json\/wp\/v2\/media\/1780"}],"wp:attachment":[{"href":"https:\/\/www.impulsoenergia.eu\/pt-pt\/wp-json\/wp\/v2\/media?parent=1773"}],"wp:term":[{"taxonomy":"category","embeddable":true,"href":"https:\/\/www.impulsoenergia.eu\/pt-pt\/wp-json\/wp\/v2\/categories?post=1773"}],"curies":[{"name":"wp","href":"https:\/\/api.w.org\/{rel}","templated":true}]}}