{"id":1758,"date":"2025-10-07T13:04:26","date_gmt":"2025-10-07T13:04:26","guid":{"rendered":"https:\/\/www.impulsoenergia.eu\/grupo-impulso-cabo-verde-espana\/"},"modified":"2025-10-07T13:28:53","modified_gmt":"2025-10-07T13:28:53","slug":"grupo-impulso-cabo-verde-espanha","status":"publish","type":"post","link":"https:\/\/www.impulsoenergia.eu\/pt-pt\/grupo-impulso-cabo-verde-espanha\/","title":{"rendered":"Coopera\u00e7\u00e3o e investimento sustent\u00e1vel"},"content":{"rendered":"<h2>A participa\u00e7\u00e3o do Grupo Impulso na visita oficial de Cabo Verde \u00e0 Espanha<\/h2>\n<p data-start=\"189\" data-end=\"555\">No \u00e2mbito da visita oficial do Primeiro-Ministro <strong data-start=\"238\" data-end=\"270\">Jos\u00e9 Ulisses Correia e Silva<\/strong> \u00e0 Espanha, o Primeiro-Ministro reuniu-se no dia <strong data-start=\"319\" data-end=\"345\">3 de outubro em Madrid<\/strong> com os principais empres\u00e1rios espanh\u00f3is com presen\u00e7a em <strong data-start=\"402\" data-end=\"416\">Cabo Verde<\/strong>, com o objetivo de promover <strong data-start=\"445\" data-end=\"474\">investimento e coopera\u00e7\u00e3o<\/strong>. Entre eles encontrava-se <strong data-start=\"501\" data-end=\"526\">Norberto Larriba Blay<\/strong>, CEO do <strong data-start=\"535\" data-end=\"552\">Grupo Impulso<\/strong>.<\/p>\n<p data-start=\"557\" data-end=\"793\">O objetivo declarado do encontro foi <strong data-start=\"594\" data-end=\"645\">aprofundar a coopera\u00e7\u00e3o bilateral com a Espanha<\/strong> e gerar <strong data-start=\"654\" data-end=\"704\">mais oportunidades para investidores espanh\u00f3is<\/strong> em setores como turismo, log\u00edstica, energias renov\u00e1veis, constru\u00e7\u00e3o e infraestruturas.<\/p>\n<p data-start=\"795\" data-end=\"1298\">Em linha com a vis\u00e3o expressa pelo Primeiro-Ministro Ulisses Correia e Silva sobre o fortalecimento da coopera\u00e7\u00e3o entre Cabo Verde e Espanha, o <strong data-start=\"939\" data-end=\"956\">Grupo Impulso<\/strong> reafirma o seu compromisso com o <strong data-start=\"990\" data-end=\"1029\">desenvolvimento sustent\u00e1vel do pa\u00eds<\/strong>. Atrav\u00e9s das suas empresas <strong data-start=\"1057\" data-end=\"1081\">\u00c1guas de Ponta Preta<\/strong> e <strong data-start=\"1084\" data-end=\"1103\">Impulso Energ\u00eda<\/strong>, o grupo promove projetos estrat\u00e9gicos em <strong data-start=\"1146\" data-end=\"1201\">energia solar, gest\u00e3o da \u00e1gua e mobilidade el\u00e9trica<\/strong>, contribuindo para a <strong data-start=\"1223\" data-end=\"1247\">transi\u00e7\u00e3o energ\u00e9tica<\/strong> e a melhoria das infraestruturas na ilha do Sal.<\/p>\n<p data-start=\"1300\" data-end=\"1472\">Estas iniciativas refletem uma aposta conjunta no <strong data-start=\"1350\" data-end=\"1469\">crescimento econ\u00f3mico respons\u00e1vel, na inova\u00e7\u00e3o e na cria\u00e7\u00e3o de oportunidades para investidores e comunidades locais<\/strong>.<\/p>\n<p data-start=\"1474\" data-end=\"1543\"><strong data-start=\"1477\" data-end=\"1523\">Partilhamos a cobertura realizada pela RTC<\/strong> no seguinte link:<\/p>\n<p>&nbsp;<\/p>\n<p><a href=\"https:\/\/www.rtc.cv\/tcv\/video-details\/cabo-verde-quer-aprofundar-cooperacao-com-espanha-promovendo-mais-oportunidades-para-investidores-53348\">https:\/\/www.rtc.cv\/tcv\/video-details\/cabo-verde-quer-aprofundar-cooperacao-com-espanha-promovendo-mais-oportunidades-para-investidores-53348<\/a><\/p>\n","protected":false},"excerpt":{"rendered":"<p>A participa\u00e7\u00e3o do Grupo Impulso na visita oficial de Cabo Verde \u00e0 Espanha No \u00e2mbito da visita oficial do Primeiro-Ministro [&hellip;]<\/p>\n","protected":false},"author":2,"featured_media":1761,"comment_status":"closed","ping_status":"closed","sticky":false,"template":"","format":"standard","meta":{"_acf_changed":false,"footnotes":""},"categories":[63],"class_list":["post-1758","post","type-post","status-publish","format-standard","has-post-thumbnail","hentry","category-impulso-pt-pt"],"acf":[],"yoast_head":"<!-- This site is optimized with the Yoast SEO plugin v25.6 - https:\/\/yoast.com\/wordpress\/plugins\/seo\/ -->\n<title>Grupo Impulso reafirma o seu compromisso com o desenvolvimento sustent\u00e1vel de Cabo Verde<\/title>\n<meta name=\"description\" content=\"O Grupo Impulso participou do encontro empresarial em Madrid durante a visita oficial do Primeiro-Ministro de Cabo Verde, reafirmando o seu compromisso com o desenvolvimento sustent\u00e1vel, a energia solar e a coopera\u00e7\u00e3o entre os dois pa\u00edses.\" \/>\n<meta name=\"robots\" content=\"index, follow, max-snippet:-1, max-image-preview:large, max-video-preview:-1\" \/>\n<link rel=\"canonical\" href=\"https:\/\/www.impulsoenergia.eu\/pt-pt\/grupo-impulso-cabo-verde-espanha\/\" \/>\n<meta property=\"og:locale\" content=\"pt_PT\" \/>\n<meta property=\"og:type\" content=\"article\" \/>\n<meta property=\"og:title\" content=\"Grupo Impulso reafirma o seu compromisso com o desenvolvimento sustent\u00e1vel de Cabo Verde\" \/>\n<meta property=\"og:description\" content=\"O Grupo Impulso participou do encontro empresarial em Madrid durante a visita oficial do Primeiro-Ministro de Cabo Verde, reafirmando o seu compromisso com o desenvolvimento sustent\u00e1vel, a energia solar e a coopera\u00e7\u00e3o entre os dois pa\u00edses.\" \/>\n<meta property=\"og:url\" content=\"https:\/\/www.impulsoenergia.eu\/pt-pt\/grupo-impulso-cabo-verde-espanha\/\" \/>\n<meta property=\"og:site_name\" content=\"Impulso Energ\u00eda\" \/>\n<meta property=\"article:published_time\" content=\"2025-10-07T13:04:26+00:00\" \/>\n<meta property=\"article:modified_time\" content=\"2025-10-07T13:28:53+00:00\" \/>\n<meta property=\"og:image\" content=\"https:\/\/www.impulsoenergia.eu\/custom\/uploads\/2025\/10\/KPIs-iniciales.png\" \/>\n\t<meta property=\"og:image:width\" content=\"2000\" \/>\n\t<meta property=\"og:image:height\" content=\"1000\" \/>\n\t<meta property=\"og:image:type\" content=\"image\/png\" \/>\n<meta name=\"author\" content=\"mariana\" \/>\n<meta name=\"twitter:card\" content=\"summary_large_image\" \/>\n<meta name=\"twitter:label1\" content=\"Written by\" \/>\n\t<meta name=\"twitter:data1\" content=\"mariana\" \/>\n\t<meta name=\"twitter:label2\" content=\"Est. reading time\" \/>\n\t<meta name=\"twitter:data2\" content=\"2 minutes\" \/>\n<script type=\"application\/ld+json\" class=\"yoast-schema-graph\">{\"@context\":\"https:\/\/schema.org\",\"@graph\":[{\"@type\":\"Article\",\"@id\":\"https:\/\/www.impulsoenergia.eu\/pt-pt\/grupo-impulso-cabo-verde-espanha\/#article\",\"isPartOf\":{\"@id\":\"https:\/\/www.impulsoenergia.eu\/pt-pt\/grupo-impulso-cabo-verde-espanha\/\"},\"author\":{\"name\":\"mariana\",\"@id\":\"https:\/\/www.impulsoenergia.eu\/#\/schema\/person\/e583955678f0a64694f6b34c7d147ad4\"},\"headline\":\"Coopera\u00e7\u00e3o e investimento sustent\u00e1vel\",\"datePublished\":\"2025-10-07T13:04:26+00:00\",\"dateModified\":\"2025-10-07T13:28:53+00:00\",\"mainEntityOfPage\":{\"@id\":\"https:\/\/www.impulsoenergia.eu\/pt-pt\/grupo-impulso-cabo-verde-espanha\/\"},\"wordCount\":236,\"publisher\":{\"@id\":\"https:\/\/www.impulsoenergia.eu\/#organization\"},\"image\":{\"@id\":\"https:\/\/www.impulsoenergia.eu\/pt-pt\/grupo-impulso-cabo-verde-espanha\/#primaryimage\"},\"thumbnailUrl\":\"https:\/\/www.impulsoenergia.eu\/custom\/uploads\/2025\/10\/KPIs-iniciales.png\",\"articleSection\":[\"Noticias impulso\"],\"inLanguage\":\"pt-PT\"},{\"@type\":\"WebPage\",\"@id\":\"https:\/\/www.impulsoenergia.eu\/pt-pt\/grupo-impulso-cabo-verde-espanha\/\",\"url\":\"https:\/\/www.impulsoenergia.eu\/pt-pt\/grupo-impulso-cabo-verde-espanha\/\",\"name\":\"Grupo Impulso reafirma o seu compromisso com o desenvolvimento sustent\u00e1vel de Cabo Verde\",\"isPartOf\":{\"@id\":\"https:\/\/www.impulsoenergia.eu\/#website\"},\"primaryImageOfPage\":{\"@id\":\"https:\/\/www.impulsoenergia.eu\/pt-pt\/grupo-impulso-cabo-verde-espanha\/#primaryimage\"},\"image\":{\"@id\":\"https:\/\/www.impulsoenergia.eu\/pt-pt\/grupo-impulso-cabo-verde-espanha\/#primaryimage\"},\"thumbnailUrl\":\"https:\/\/www.impulsoenergia.eu\/custom\/uploads\/2025\/10\/KPIs-iniciales.png\",\"datePublished\":\"2025-10-07T13:04:26+00:00\",\"dateModified\":\"2025-10-07T13:28:53+00:00\",\"description\":\"O Grupo Impulso participou do encontro empresarial em Madrid durante a visita oficial do Primeiro-Ministro de Cabo Verde, reafirmando o seu compromisso com o desenvolvimento sustent\u00e1vel, a energia solar e a coopera\u00e7\u00e3o entre os dois pa\u00edses.\",\"breadcrumb\":{\"@id\":\"https:\/\/www.impulsoenergia.eu\/pt-pt\/grupo-impulso-cabo-verde-espanha\/#breadcrumb\"},\"inLanguage\":\"pt-PT\",\"potentialAction\":[{\"@type\":\"ReadAction\",\"target\":[\"https:\/\/www.impulsoenergia.eu\/pt-pt\/grupo-impulso-cabo-verde-espanha\/\"]}]},{\"@type\":\"ImageObject\",\"inLanguage\":\"pt-PT\",\"@id\":\"https:\/\/www.impulsoenergia.eu\/pt-pt\/grupo-impulso-cabo-verde-espanha\/#primaryimage\",\"url\":\"https:\/\/www.impulsoenergia.eu\/custom\/uploads\/2025\/10\/KPIs-iniciales.png\",\"contentUrl\":\"https:\/\/www.impulsoenergia.eu\/custom\/uploads\/2025\/10\/KPIs-iniciales.png\",\"width\":2000,\"height\":1000,\"caption\":\"Refuerzo de la cooperaci\u00f3n entre Cabo Verde y Espa\u00f1a: Grupo Impulso presente en el encuentro con el Primer Ministro Ulisses Correia e Silva\"},{\"@type\":\"BreadcrumbList\",\"@id\":\"https:\/\/www.impulsoenergia.eu\/pt-pt\/grupo-impulso-cabo-verde-espanha\/#breadcrumb\",\"itemListElement\":[{\"@type\":\"ListItem\",\"position\":1,\"name\":\"Portada\",\"item\":\"https:\/\/www.impulsoenergia.eu\/pt-pt\/\"},{\"@type\":\"ListItem\",\"position\":2,\"name\":\"Coopera\u00e7\u00e3o e investimento sustent\u00e1vel\"}]},{\"@type\":\"WebSite\",\"@id\":\"https:\/\/www.impulsoenergia.eu\/#website\",\"url\":\"https:\/\/www.impulsoenergia.eu\/\",\"name\":\"Impulso Energ\u00eda\",\"description\":\"Desarrollo e inversi\u00f3n en los sectores de la energ\u00eda y el agua\",\"publisher\":{\"@id\":\"https:\/\/www.impulsoenergia.eu\/#organization\"},\"potentialAction\":[{\"@type\":\"SearchAction\",\"target\":{\"@type\":\"EntryPoint\",\"urlTemplate\":\"https:\/\/www.impulsoenergia.eu\/?s={search_term_string}\"},\"query-input\":{\"@type\":\"PropertyValueSpecification\",\"valueRequired\":true,\"valueName\":\"search_term_string\"}}],\"inLanguage\":\"pt-PT\"},{\"@type\":\"Organization\",\"@id\":\"https:\/\/www.impulsoenergia.eu\/#organization\",\"name\":\"Impulso Energ\u00eda\",\"url\":\"https:\/\/www.impulsoenergia.eu\/\",\"logo\":{\"@type\":\"ImageObject\",\"inLanguage\":\"pt-PT\",\"@id\":\"https:\/\/www.impulsoenergia.eu\/#\/schema\/logo\/image\/\",\"url\":\"https:\/\/www.impulsoenergia.eu\/custom\/uploads\/2022\/09\/logo-impulso.jpg\",\"contentUrl\":\"https:\/\/www.impulsoenergia.eu\/custom\/uploads\/2022\/09\/logo-impulso.jpg\",\"width\":232,\"height\":75,\"caption\":\"Impulso Energ\u00eda\"},\"image\":{\"@id\":\"https:\/\/www.impulsoenergia.eu\/#\/schema\/logo\/image\/\"}},{\"@type\":\"Person\",\"@id\":\"https:\/\/www.impulsoenergia.eu\/#\/schema\/person\/e583955678f0a64694f6b34c7d147ad4\",\"name\":\"mariana\",\"image\":{\"@type\":\"ImageObject\",\"inLanguage\":\"pt-PT\",\"@id\":\"https:\/\/www.impulsoenergia.eu\/#\/schema\/person\/image\/\",\"url\":\"https:\/\/secure.gravatar.com\/avatar\/22f14bf6d28fc4a5972fd4fda110270f8a2632aa691ec6aabd56edead8aa750e?s=96&d=mm&r=g\",\"contentUrl\":\"https:\/\/secure.gravatar.com\/avatar\/22f14bf6d28fc4a5972fd4fda110270f8a2632aa691ec6aabd56edead8aa750e?s=96&d=mm&r=g\",\"caption\":\"mariana\"},\"url\":\"https:\/\/www.impulsoenergia.eu\/pt-pt\/author\/mariana\/\"}]}<\/script>\n<!-- \/ Yoast SEO plugin. -->","yoast_head_json":{"title":"Grupo Impulso reafirma o seu compromisso com o desenvolvimento sustent\u00e1vel de Cabo Verde","description":"O Grupo Impulso participou do encontro empresarial em Madrid durante a visita oficial do Primeiro-Ministro de Cabo Verde, reafirmando o seu compromisso com o desenvolvimento sustent\u00e1vel, a energia solar e a coopera\u00e7\u00e3o entre os dois pa\u00edses.","robots":{"index":"index","follow":"follow","max-snippet":"max-snippet:-1","max-image-preview":"max-image-preview:large","max-video-preview":"max-video-preview:-1"},"canonical":"https:\/\/www.impulsoenergia.eu\/pt-pt\/grupo-impulso-cabo-verde-espanha\/","og_locale":"pt_PT","og_type":"article","og_title":"Grupo Impulso reafirma o seu compromisso com o desenvolvimento sustent\u00e1vel de Cabo Verde","og_description":"O Grupo Impulso participou do encontro empresarial em Madrid durante a visita oficial do Primeiro-Ministro de Cabo Verde, reafirmando o seu compromisso com o desenvolvimento sustent\u00e1vel, a energia solar e a coopera\u00e7\u00e3o entre os dois pa\u00edses.","og_url":"https:\/\/www.impulsoenergia.eu\/pt-pt\/grupo-impulso-cabo-verde-espanha\/","og_site_name":"Impulso Energ\u00eda","article_published_time":"2025-10-07T13:04:26+00:00","article_modified_time":"2025-10-07T13:28:53+00:00","og_image":[{"width":2000,"height":1000,"url":"https:\/\/www.impulsoenergia.eu\/custom\/uploads\/2025\/10\/KPIs-iniciales.png","type":"image\/png"}],"author":"mariana","twitter_card":"summary_large_image","twitter_misc":{"Written by":"mariana","Est. reading time":"2 minutes"},"schema":{"@context":"https:\/\/schema.org","@graph":[{"@type":"Article","@id":"https:\/\/www.impulsoenergia.eu\/pt-pt\/grupo-impulso-cabo-verde-espanha\/#article","isPartOf":{"@id":"https:\/\/www.impulsoenergia.eu\/pt-pt\/grupo-impulso-cabo-verde-espanha\/"},"author":{"name":"mariana","@id":"https:\/\/www.impulsoenergia.eu\/#\/schema\/person\/e583955678f0a64694f6b34c7d147ad4"},"headline":"Coopera\u00e7\u00e3o e investimento sustent\u00e1vel","datePublished":"2025-10-07T13:04:26+00:00","dateModified":"2025-10-07T13:28:53+00:00","mainEntityOfPage":{"@id":"https:\/\/www.impulsoenergia.eu\/pt-pt\/grupo-impulso-cabo-verde-espanha\/"},"wordCount":236,"publisher":{"@id":"https:\/\/www.impulsoenergia.eu\/#organization"},"image":{"@id":"https:\/\/www.impulsoenergia.eu\/pt-pt\/grupo-impulso-cabo-verde-espanha\/#primaryimage"},"thumbnailUrl":"https:\/\/www.impulsoenergia.eu\/custom\/uploads\/2025\/10\/KPIs-iniciales.png","articleSection":["Noticias impulso"],"inLanguage":"pt-PT"},{"@type":"WebPage","@id":"https:\/\/www.impulsoenergia.eu\/pt-pt\/grupo-impulso-cabo-verde-espanha\/","url":"https:\/\/www.impulsoenergia.eu\/pt-pt\/grupo-impulso-cabo-verde-espanha\/","name":"Grupo Impulso reafirma o seu compromisso com o desenvolvimento sustent\u00e1vel de Cabo Verde","isPartOf":{"@id":"https:\/\/www.impulsoenergia.eu\/#website"},"primaryImageOfPage":{"@id":"https:\/\/www.impulsoenergia.eu\/pt-pt\/grupo-impulso-cabo-verde-espanha\/#primaryimage"},"image":{"@id":"https:\/\/www.impulsoenergia.eu\/pt-pt\/grupo-impulso-cabo-verde-espanha\/#primaryimage"},"thumbnailUrl":"https:\/\/www.impulsoenergia.eu\/custom\/uploads\/2025\/10\/KPIs-iniciales.png","datePublished":"2025-10-07T13:04:26+00:00","dateModified":"2025-10-07T13:28:53+00:00","description":"O Grupo Impulso participou do encontro empresarial em Madrid durante a visita oficial do Primeiro-Ministro de Cabo Verde, reafirmando o seu compromisso com o desenvolvimento sustent\u00e1vel, a energia solar e a coopera\u00e7\u00e3o entre os dois pa\u00edses.","breadcrumb":{"@id":"https:\/\/www.impulsoenergia.eu\/pt-pt\/grupo-impulso-cabo-verde-espanha\/#breadcrumb"},"inLanguage":"pt-PT","potentialAction":[{"@type":"ReadAction","target":["https:\/\/www.impulsoenergia.eu\/pt-pt\/grupo-impulso-cabo-verde-espanha\/"]}]},{"@type":"ImageObject","inLanguage":"pt-PT","@id":"https:\/\/www.impulsoenergia.eu\/pt-pt\/grupo-impulso-cabo-verde-espanha\/#primaryimage","url":"https:\/\/www.impulsoenergia.eu\/custom\/uploads\/2025\/10\/KPIs-iniciales.png","contentUrl":"https:\/\/www.impulsoenergia.eu\/custom\/uploads\/2025\/10\/KPIs-iniciales.png","width":2000,"height":1000,"caption":"Refuerzo de la cooperaci\u00f3n entre Cabo Verde y Espa\u00f1a: Grupo Impulso presente en el encuentro con el Primer Ministro Ulisses Correia e Silva"},{"@type":"BreadcrumbList","@id":"https:\/\/www.impulsoenergia.eu\/pt-pt\/grupo-impulso-cabo-verde-espanha\/#breadcrumb","itemListElement":[{"@type":"ListItem","position":1,"name":"Portada","item":"https:\/\/www.impulsoenergia.eu\/pt-pt\/"},{"@type":"ListItem","position":2,"name":"Coopera\u00e7\u00e3o e investimento sustent\u00e1vel"}]},{"@type":"WebSite","@id":"https:\/\/www.impulsoenergia.eu\/#website","url":"https:\/\/www.impulsoenergia.eu\/","name":"Impulso Energ\u00eda","description":"Desarrollo e inversi\u00f3n en los sectores de la energ\u00eda y el agua","publisher":{"@id":"https:\/\/www.impulsoenergia.eu\/#organization"},"potentialAction":[{"@type":"SearchAction","target":{"@type":"EntryPoint","urlTemplate":"https:\/\/www.impulsoenergia.eu\/?s={search_term_string}"},"query-input":{"@type":"PropertyValueSpecification","valueRequired":true,"valueName":"search_term_string"}}],"inLanguage":"pt-PT"},{"@type":"Organization","@id":"https:\/\/www.impulsoenergia.eu\/#organization","name":"Impulso Energ\u00eda","url":"https:\/\/www.impulsoenergia.eu\/","logo":{"@type":"ImageObject","inLanguage":"pt-PT","@id":"https:\/\/www.impulsoenergia.eu\/#\/schema\/logo\/image\/","url":"https:\/\/www.impulsoenergia.eu\/custom\/uploads\/2022\/09\/logo-impulso.jpg","contentUrl":"https:\/\/www.impulsoenergia.eu\/custom\/uploads\/2022\/09\/logo-impulso.jpg","width":232,"height":75,"caption":"Impulso Energ\u00eda"},"image":{"@id":"https:\/\/www.impulsoenergia.eu\/#\/schema\/logo\/image\/"}},{"@type":"Person","@id":"https:\/\/www.impulsoenergia.eu\/#\/schema\/person\/e583955678f0a64694f6b34c7d147ad4","name":"mariana","image":{"@type":"ImageObject","inLanguage":"pt-PT","@id":"https:\/\/www.impulsoenergia.eu\/#\/schema\/person\/image\/","url":"https:\/\/secure.gravatar.com\/avatar\/22f14bf6d28fc4a5972fd4fda110270f8a2632aa691ec6aabd56edead8aa750e?s=96&d=mm&r=g","contentUrl":"https:\/\/secure.gravatar.com\/avatar\/22f14bf6d28fc4a5972fd4fda110270f8a2632aa691ec6aabd56edead8aa750e?s=96&d=mm&r=g","caption":"mariana"},"url":"https:\/\/www.impulsoenergia.eu\/pt-pt\/author\/mariana\/"}]}},"_links":{"self":[{"href":"https:\/\/www.impulsoenergia.eu\/pt-pt\/wp-json\/wp\/v2\/posts\/1758","targetHints":{"allow":["GET"]}}],"collection":[{"href":"https:\/\/www.impulsoenergia.eu\/pt-pt\/wp-json\/wp\/v2\/posts"}],"about":[{"href":"https:\/\/www.impulsoenergia.eu\/pt-pt\/wp-json\/wp\/v2\/types\/post"}],"author":[{"embeddable":true,"href":"https:\/\/www.impulsoenergia.eu\/pt-pt\/wp-json\/wp\/v2\/users\/2"}],"replies":[{"embeddable":true,"href":"https:\/\/www.impulsoenergia.eu\/pt-pt\/wp-json\/wp\/v2\/comments?post=1758"}],"version-history":[{"count":3,"href":"https:\/\/www.impulsoenergia.eu\/pt-pt\/wp-json\/wp\/v2\/posts\/1758\/revisions"}],"predecessor-version":[{"id":1765,"href":"https:\/\/www.impulsoenergia.eu\/pt-pt\/wp-json\/wp\/v2\/posts\/1758\/revisions\/1765"}],"wp:featuredmedia":[{"embeddable":true,"href":"https:\/\/www.impulsoenergia.eu\/pt-pt\/wp-json\/wp\/v2\/media\/1761"}],"wp:attachment":[{"href":"https:\/\/www.impulsoenergia.eu\/pt-pt\/wp-json\/wp\/v2\/media?parent=1758"}],"wp:term":[{"taxonomy":"category","embeddable":true,"href":"https:\/\/www.impulsoenergia.eu\/pt-pt\/wp-json\/wp\/v2\/categories?post=1758"}],"curies":[{"name":"wp","href":"https:\/\/api.w.org\/{rel}","templated":true}]}}