{"id":1753,"date":"2025-07-31T08:03:13","date_gmt":"2025-07-31T08:03:13","guid":{"rendered":"https:\/\/www.impulsoenergia.eu\/rehabilitacion-redes-agua-isla-sal\/"},"modified":"2025-07-31T08:07:39","modified_gmt":"2025-07-31T08:07:39","slug":"reabilitacao-redes-agua-ilhadosal","status":"publish","type":"post","link":"https:\/\/www.impulsoenergia.eu\/pt-pt\/reabilitacao-redes-agua-ilhadosal\/","title":{"rendered":"Ilha do Sal avan\u00e7a para a efici\u00eancia h\u00eddrica"},"content":{"rendered":"<h2><span style=\"color: #0c3b75;\">Reabilita\u00e7\u00e3o de redes de \u00e1gua na Ilha do Sal<\/span><\/h2>\n<p data-start=\"108\" data-end=\"342\"><strong data-start=\"108\" data-end=\"340\">Temos o prazer de anunciar que a APP, em colabora\u00e7\u00e3o com a Electra e o Governo de Cabo Verde, assinou o contrato para dar in\u00edcio \u00e0 \ud835\uddff\ud835\uddf2\ud835\uddee\ud835\uddef\ud835\uddf6\ud835\uddf9\ud835\uddf6\ud835\ude01\ud835\uddee\u00e7\u00e3\ud835\uddfc \ud835\uddf2 \ud835\uddf2\ud835\ude05\ud835\uddfd\ud835\uddee\ud835\uddfb\ud835\ude00\u00e3\ud835\uddfc \ud835\uddf1\ud835\uddf2 \ud835\uddff\ud835\uddf2\ud835\uddf1\ud835\uddf2\ud835\ude00 \ud835\uddf1\ud835\uddf2 \u00e1\ud835\uddf4\ud835\ude02\ud835\uddee \ud835\uddfb\ud835\uddee \ud835\udddc\ud835\uddf9\ud835\uddf5\ud835\uddee \ud835\uddf1\ud835\uddfc \ud835\udde6\ud835\uddee\ud835\uddf9.<\/strong><\/p>\n<p data-start=\"344\" data-end=\"567\">Este projeto, intitulado <strong data-start=\"369\" data-end=\"468\">\u201cConstru\u00e7\u00e3o, reabilita\u00e7\u00e3o de redes e a\u00e7\u00f5es de redu\u00e7\u00e3o de perdas no setor de \u00e1gua \u2013 Ilha do Sal\u201d<\/strong>, representa um marco essencial para a melhoria do \ud835\uddee\ud835\uddef\ud835\uddee\ud835\ude00\ud835\ude01\ud835\uddf2\ud835\uddf0\ud835\uddf6\ud835\uddfa\ud835\uddf2\ud835\uddfb\ud835\ude01\ud835\uddfc \ud835\uddf1\ud835\uddf2 \u00e1\ud835\uddf4\ud835\ude02\ud835\uddee na ilha.<\/p>\n<p data-start=\"569\" data-end=\"822\">A assinatura teve lugar no dia <strong data-start=\"600\" data-end=\"636\">28 de julho de 2025, em Espargos<\/strong>, com a presen\u00e7a de representantes da Electra, APP e do Minist\u00e9rio do Turismo e Transportes, sublinhando a relev\u00e2ncia estrat\u00e9gica deste projeto para o desenvolvimento integral da regi\u00e3o.<\/p>\n<p data-start=\"824\" data-end=\"936\"><strong data-start=\"824\" data-end=\"936\">Esta a\u00e7\u00e3o soma-se a outras iniciativas j\u00e1 desenvolvidas pela APP nos setores da \u00e1gua e da energia na regi\u00e3o.<\/strong><\/p>\n<p>&nbsp;<\/p>\n<h2><span style=\"color: #0c3b75;\">Imprensa<\/span><\/h2>\n<p>Anexamos o link para a nota de imprensa publicada pela InforPress, Cabo Verde:<\/p>\n<p><a href=\"https:\/\/inforpress.cv\/pt\/ilha-do-sal-projecto-de-eficiencia-hidrica-avanca-com-assinatura-de-contrato-para-reabilitacao-de-redes\">Ler a not\u00edcia<\/a><\/p>\n<hr \/>\n<p>Conhe\u00e7a outros projetos do Grupo <a href=\"https:\/\/www.impulsoenergia.eu\/pt-pt\/projetos-renovaveis-gestao-agua\/\">aqu\u00ed<\/a>.<\/p>\n","protected":false},"excerpt":{"rendered":"<p>Reabilita\u00e7\u00e3o de redes de \u00e1gua na Ilha do Sal Temos o prazer de anunciar que a APP, em colabora\u00e7\u00e3o com [&hellip;]<\/p>\n","protected":false},"author":2,"featured_media":1751,"comment_status":"closed","ping_status":"closed","sticky":false,"template":"","format":"standard","meta":{"_acf_changed":false,"footnotes":""},"categories":[61],"class_list":["post-1753","post","type-post","status-publish","format-standard","has-post-thumbnail","hentry","category-app-pt-pt"],"acf":[],"yoast_head":"<!-- This site is optimized with the Yoast SEO plugin v25.6 - https:\/\/yoast.com\/wordpress\/plugins\/seo\/ -->\n<title>APP e Electra impulsionam a reabilita\u00e7\u00e3o de redes de \u00e1gua \u2013 Cabo Verde<\/title>\n<meta name=\"description\" content=\"Assinatura do contrato para a reabilita\u00e7\u00e3o e amplia\u00e7\u00e3o das redes de \u00e1gua na Ilha do Sal, em um projeto liderado pela APP e Electra Cabo Verde\" \/>\n<meta name=\"robots\" content=\"index, follow, max-snippet:-1, max-image-preview:large, max-video-preview:-1\" \/>\n<link rel=\"canonical\" href=\"https:\/\/www.impulsoenergia.eu\/pt-pt\/reabilitacao-redes-agua-ilhadosal\/\" \/>\n<meta property=\"og:locale\" content=\"pt_PT\" \/>\n<meta property=\"og:type\" content=\"article\" \/>\n<meta property=\"og:title\" content=\"APP e Electra impulsionam a reabilita\u00e7\u00e3o de redes de \u00e1gua \u2013 Cabo Verde\" \/>\n<meta property=\"og:description\" content=\"Assinatura do contrato para a reabilita\u00e7\u00e3o e amplia\u00e7\u00e3o das redes de \u00e1gua na Ilha do Sal, em um projeto liderado pela APP e Electra Cabo Verde\" \/>\n<meta property=\"og:url\" content=\"https:\/\/www.impulsoenergia.eu\/pt-pt\/reabilitacao-redes-agua-ilhadosal\/\" \/>\n<meta property=\"og:site_name\" content=\"Impulso Energ\u00eda\" \/>\n<meta property=\"article:published_time\" content=\"2025-07-31T08:03:13+00:00\" \/>\n<meta property=\"article:modified_time\" content=\"2025-07-31T08:07:39+00:00\" \/>\n<meta property=\"og:image\" content=\"https:\/\/www.impulsoenergia.eu\/custom\/uploads\/2025\/07\/APP-Electra-SAL.jpg\" \/>\n\t<meta property=\"og:image:width\" content=\"800\" \/>\n\t<meta property=\"og:image:height\" content=\"444\" \/>\n\t<meta property=\"og:image:type\" content=\"image\/jpeg\" \/>\n<meta name=\"author\" content=\"mariana\" \/>\n<meta name=\"twitter:card\" content=\"summary_large_image\" \/>\n<meta name=\"twitter:label1\" content=\"Written by\" \/>\n\t<meta name=\"twitter:data1\" content=\"mariana\" \/>\n\t<meta name=\"twitter:label2\" content=\"Est. reading time\" \/>\n\t<meta name=\"twitter:data2\" content=\"1 minute\" \/>\n<script type=\"application\/ld+json\" class=\"yoast-schema-graph\">{\"@context\":\"https:\/\/schema.org\",\"@graph\":[{\"@type\":\"Article\",\"@id\":\"https:\/\/www.impulsoenergia.eu\/pt-pt\/reabilitacao-redes-agua-ilhadosal\/#article\",\"isPartOf\":{\"@id\":\"https:\/\/www.impulsoenergia.eu\/pt-pt\/reabilitacao-redes-agua-ilhadosal\/\"},\"author\":{\"name\":\"mariana\",\"@id\":\"https:\/\/www.impulsoenergia.eu\/#\/schema\/person\/e583955678f0a64694f6b34c7d147ad4\"},\"headline\":\"Ilha do Sal avan\u00e7a para a efici\u00eancia h\u00eddrica\",\"datePublished\":\"2025-07-31T08:03:13+00:00\",\"dateModified\":\"2025-07-31T08:07:39+00:00\",\"mainEntityOfPage\":{\"@id\":\"https:\/\/www.impulsoenergia.eu\/pt-pt\/reabilitacao-redes-agua-ilhadosal\/\"},\"wordCount\":172,\"publisher\":{\"@id\":\"https:\/\/www.impulsoenergia.eu\/#organization\"},\"image\":{\"@id\":\"https:\/\/www.impulsoenergia.eu\/pt-pt\/reabilitacao-redes-agua-ilhadosal\/#primaryimage\"},\"thumbnailUrl\":\"https:\/\/www.impulsoenergia.eu\/custom\/uploads\/2025\/07\/APP-Electra-SAL.jpg\",\"articleSection\":[\"Noticias APP\"],\"inLanguage\":\"pt-PT\"},{\"@type\":\"WebPage\",\"@id\":\"https:\/\/www.impulsoenergia.eu\/pt-pt\/reabilitacao-redes-agua-ilhadosal\/\",\"url\":\"https:\/\/www.impulsoenergia.eu\/pt-pt\/reabilitacao-redes-agua-ilhadosal\/\",\"name\":\"APP e Electra impulsionam a reabilita\u00e7\u00e3o de redes de \u00e1gua \u2013 Cabo Verde\",\"isPartOf\":{\"@id\":\"https:\/\/www.impulsoenergia.eu\/#website\"},\"primaryImageOfPage\":{\"@id\":\"https:\/\/www.impulsoenergia.eu\/pt-pt\/reabilitacao-redes-agua-ilhadosal\/#primaryimage\"},\"image\":{\"@id\":\"https:\/\/www.impulsoenergia.eu\/pt-pt\/reabilitacao-redes-agua-ilhadosal\/#primaryimage\"},\"thumbnailUrl\":\"https:\/\/www.impulsoenergia.eu\/custom\/uploads\/2025\/07\/APP-Electra-SAL.jpg\",\"datePublished\":\"2025-07-31T08:03:13+00:00\",\"dateModified\":\"2025-07-31T08:07:39+00:00\",\"description\":\"Assinatura do contrato para a reabilita\u00e7\u00e3o e amplia\u00e7\u00e3o das redes de \u00e1gua na Ilha do Sal, em um projeto liderado pela APP e Electra Cabo Verde\",\"breadcrumb\":{\"@id\":\"https:\/\/www.impulsoenergia.eu\/pt-pt\/reabilitacao-redes-agua-ilhadosal\/#breadcrumb\"},\"inLanguage\":\"pt-PT\",\"potentialAction\":[{\"@type\":\"ReadAction\",\"target\":[\"https:\/\/www.impulsoenergia.eu\/pt-pt\/reabilitacao-redes-agua-ilhadosal\/\"]}]},{\"@type\":\"ImageObject\",\"inLanguage\":\"pt-PT\",\"@id\":\"https:\/\/www.impulsoenergia.eu\/pt-pt\/reabilitacao-redes-agua-ilhadosal\/#primaryimage\",\"url\":\"https:\/\/www.impulsoenergia.eu\/custom\/uploads\/2025\/07\/APP-Electra-SAL.jpg\",\"contentUrl\":\"https:\/\/www.impulsoenergia.eu\/custom\/uploads\/2025\/07\/APP-Electra-SAL.jpg\",\"width\":800,\"height\":444,\"caption\":\"Dami\u00e1 Pujol, de \u00c0guas de Ponta Preta junto a representantes de Electra y del Ministerio de Turismo y Transportes.\"},{\"@type\":\"BreadcrumbList\",\"@id\":\"https:\/\/www.impulsoenergia.eu\/pt-pt\/reabilitacao-redes-agua-ilhadosal\/#breadcrumb\",\"itemListElement\":[{\"@type\":\"ListItem\",\"position\":1,\"name\":\"Portada\",\"item\":\"https:\/\/www.impulsoenergia.eu\/pt-pt\/\"},{\"@type\":\"ListItem\",\"position\":2,\"name\":\"Ilha do Sal avan\u00e7a para a efici\u00eancia h\u00eddrica\"}]},{\"@type\":\"WebSite\",\"@id\":\"https:\/\/www.impulsoenergia.eu\/#website\",\"url\":\"https:\/\/www.impulsoenergia.eu\/\",\"name\":\"Impulso Energ\u00eda\",\"description\":\"Desarrollo e inversi\u00f3n en los sectores de la energ\u00eda y el agua\",\"publisher\":{\"@id\":\"https:\/\/www.impulsoenergia.eu\/#organization\"},\"potentialAction\":[{\"@type\":\"SearchAction\",\"target\":{\"@type\":\"EntryPoint\",\"urlTemplate\":\"https:\/\/www.impulsoenergia.eu\/?s={search_term_string}\"},\"query-input\":{\"@type\":\"PropertyValueSpecification\",\"valueRequired\":true,\"valueName\":\"search_term_string\"}}],\"inLanguage\":\"pt-PT\"},{\"@type\":\"Organization\",\"@id\":\"https:\/\/www.impulsoenergia.eu\/#organization\",\"name\":\"Impulso Energ\u00eda\",\"url\":\"https:\/\/www.impulsoenergia.eu\/\",\"logo\":{\"@type\":\"ImageObject\",\"inLanguage\":\"pt-PT\",\"@id\":\"https:\/\/www.impulsoenergia.eu\/#\/schema\/logo\/image\/\",\"url\":\"https:\/\/www.impulsoenergia.eu\/custom\/uploads\/2022\/09\/logo-impulso.jpg\",\"contentUrl\":\"https:\/\/www.impulsoenergia.eu\/custom\/uploads\/2022\/09\/logo-impulso.jpg\",\"width\":232,\"height\":75,\"caption\":\"Impulso Energ\u00eda\"},\"image\":{\"@id\":\"https:\/\/www.impulsoenergia.eu\/#\/schema\/logo\/image\/\"}},{\"@type\":\"Person\",\"@id\":\"https:\/\/www.impulsoenergia.eu\/#\/schema\/person\/e583955678f0a64694f6b34c7d147ad4\",\"name\":\"mariana\",\"image\":{\"@type\":\"ImageObject\",\"inLanguage\":\"pt-PT\",\"@id\":\"https:\/\/www.impulsoenergia.eu\/#\/schema\/person\/image\/\",\"url\":\"https:\/\/secure.gravatar.com\/avatar\/22f14bf6d28fc4a5972fd4fda110270f8a2632aa691ec6aabd56edead8aa750e?s=96&d=mm&r=g\",\"contentUrl\":\"https:\/\/secure.gravatar.com\/avatar\/22f14bf6d28fc4a5972fd4fda110270f8a2632aa691ec6aabd56edead8aa750e?s=96&d=mm&r=g\",\"caption\":\"mariana\"},\"url\":\"https:\/\/www.impulsoenergia.eu\/pt-pt\/author\/mariana\/\"}]}<\/script>\n<!-- \/ Yoast SEO plugin. -->","yoast_head_json":{"title":"APP e Electra impulsionam a reabilita\u00e7\u00e3o de redes de \u00e1gua \u2013 Cabo Verde","description":"Assinatura do contrato para a reabilita\u00e7\u00e3o e amplia\u00e7\u00e3o das redes de \u00e1gua na Ilha do Sal, em um projeto liderado pela APP e Electra Cabo Verde","robots":{"index":"index","follow":"follow","max-snippet":"max-snippet:-1","max-image-preview":"max-image-preview:large","max-video-preview":"max-video-preview:-1"},"canonical":"https:\/\/www.impulsoenergia.eu\/pt-pt\/reabilitacao-redes-agua-ilhadosal\/","og_locale":"pt_PT","og_type":"article","og_title":"APP e Electra impulsionam a reabilita\u00e7\u00e3o de redes de \u00e1gua \u2013 Cabo Verde","og_description":"Assinatura do contrato para a reabilita\u00e7\u00e3o e amplia\u00e7\u00e3o das redes de \u00e1gua na Ilha do Sal, em um projeto liderado pela APP e Electra Cabo Verde","og_url":"https:\/\/www.impulsoenergia.eu\/pt-pt\/reabilitacao-redes-agua-ilhadosal\/","og_site_name":"Impulso Energ\u00eda","article_published_time":"2025-07-31T08:03:13+00:00","article_modified_time":"2025-07-31T08:07:39+00:00","og_image":[{"width":800,"height":444,"url":"https:\/\/www.impulsoenergia.eu\/custom\/uploads\/2025\/07\/APP-Electra-SAL.jpg","type":"image\/jpeg"}],"author":"mariana","twitter_card":"summary_large_image","twitter_misc":{"Written by":"mariana","Est. reading time":"1 minute"},"schema":{"@context":"https:\/\/schema.org","@graph":[{"@type":"Article","@id":"https:\/\/www.impulsoenergia.eu\/pt-pt\/reabilitacao-redes-agua-ilhadosal\/#article","isPartOf":{"@id":"https:\/\/www.impulsoenergia.eu\/pt-pt\/reabilitacao-redes-agua-ilhadosal\/"},"author":{"name":"mariana","@id":"https:\/\/www.impulsoenergia.eu\/#\/schema\/person\/e583955678f0a64694f6b34c7d147ad4"},"headline":"Ilha do Sal avan\u00e7a para a efici\u00eancia h\u00eddrica","datePublished":"2025-07-31T08:03:13+00:00","dateModified":"2025-07-31T08:07:39+00:00","mainEntityOfPage":{"@id":"https:\/\/www.impulsoenergia.eu\/pt-pt\/reabilitacao-redes-agua-ilhadosal\/"},"wordCount":172,"publisher":{"@id":"https:\/\/www.impulsoenergia.eu\/#organization"},"image":{"@id":"https:\/\/www.impulsoenergia.eu\/pt-pt\/reabilitacao-redes-agua-ilhadosal\/#primaryimage"},"thumbnailUrl":"https:\/\/www.impulsoenergia.eu\/custom\/uploads\/2025\/07\/APP-Electra-SAL.jpg","articleSection":["Noticias APP"],"inLanguage":"pt-PT"},{"@type":"WebPage","@id":"https:\/\/www.impulsoenergia.eu\/pt-pt\/reabilitacao-redes-agua-ilhadosal\/","url":"https:\/\/www.impulsoenergia.eu\/pt-pt\/reabilitacao-redes-agua-ilhadosal\/","name":"APP e Electra impulsionam a reabilita\u00e7\u00e3o de redes de \u00e1gua \u2013 Cabo Verde","isPartOf":{"@id":"https:\/\/www.impulsoenergia.eu\/#website"},"primaryImageOfPage":{"@id":"https:\/\/www.impulsoenergia.eu\/pt-pt\/reabilitacao-redes-agua-ilhadosal\/#primaryimage"},"image":{"@id":"https:\/\/www.impulsoenergia.eu\/pt-pt\/reabilitacao-redes-agua-ilhadosal\/#primaryimage"},"thumbnailUrl":"https:\/\/www.impulsoenergia.eu\/custom\/uploads\/2025\/07\/APP-Electra-SAL.jpg","datePublished":"2025-07-31T08:03:13+00:00","dateModified":"2025-07-31T08:07:39+00:00","description":"Assinatura do contrato para a reabilita\u00e7\u00e3o e amplia\u00e7\u00e3o das redes de \u00e1gua na Ilha do Sal, em um projeto liderado pela APP e Electra Cabo Verde","breadcrumb":{"@id":"https:\/\/www.impulsoenergia.eu\/pt-pt\/reabilitacao-redes-agua-ilhadosal\/#breadcrumb"},"inLanguage":"pt-PT","potentialAction":[{"@type":"ReadAction","target":["https:\/\/www.impulsoenergia.eu\/pt-pt\/reabilitacao-redes-agua-ilhadosal\/"]}]},{"@type":"ImageObject","inLanguage":"pt-PT","@id":"https:\/\/www.impulsoenergia.eu\/pt-pt\/reabilitacao-redes-agua-ilhadosal\/#primaryimage","url":"https:\/\/www.impulsoenergia.eu\/custom\/uploads\/2025\/07\/APP-Electra-SAL.jpg","contentUrl":"https:\/\/www.impulsoenergia.eu\/custom\/uploads\/2025\/07\/APP-Electra-SAL.jpg","width":800,"height":444,"caption":"Dami\u00e1 Pujol, de \u00c0guas de Ponta Preta junto a representantes de Electra y del Ministerio de Turismo y Transportes."},{"@type":"BreadcrumbList","@id":"https:\/\/www.impulsoenergia.eu\/pt-pt\/reabilitacao-redes-agua-ilhadosal\/#breadcrumb","itemListElement":[{"@type":"ListItem","position":1,"name":"Portada","item":"https:\/\/www.impulsoenergia.eu\/pt-pt\/"},{"@type":"ListItem","position":2,"name":"Ilha do Sal avan\u00e7a para a efici\u00eancia h\u00eddrica"}]},{"@type":"WebSite","@id":"https:\/\/www.impulsoenergia.eu\/#website","url":"https:\/\/www.impulsoenergia.eu\/","name":"Impulso Energ\u00eda","description":"Desarrollo e inversi\u00f3n en los sectores de la energ\u00eda y el agua","publisher":{"@id":"https:\/\/www.impulsoenergia.eu\/#organization"},"potentialAction":[{"@type":"SearchAction","target":{"@type":"EntryPoint","urlTemplate":"https:\/\/www.impulsoenergia.eu\/?s={search_term_string}"},"query-input":{"@type":"PropertyValueSpecification","valueRequired":true,"valueName":"search_term_string"}}],"inLanguage":"pt-PT"},{"@type":"Organization","@id":"https:\/\/www.impulsoenergia.eu\/#organization","name":"Impulso Energ\u00eda","url":"https:\/\/www.impulsoenergia.eu\/","logo":{"@type":"ImageObject","inLanguage":"pt-PT","@id":"https:\/\/www.impulsoenergia.eu\/#\/schema\/logo\/image\/","url":"https:\/\/www.impulsoenergia.eu\/custom\/uploads\/2022\/09\/logo-impulso.jpg","contentUrl":"https:\/\/www.impulsoenergia.eu\/custom\/uploads\/2022\/09\/logo-impulso.jpg","width":232,"height":75,"caption":"Impulso Energ\u00eda"},"image":{"@id":"https:\/\/www.impulsoenergia.eu\/#\/schema\/logo\/image\/"}},{"@type":"Person","@id":"https:\/\/www.impulsoenergia.eu\/#\/schema\/person\/e583955678f0a64694f6b34c7d147ad4","name":"mariana","image":{"@type":"ImageObject","inLanguage":"pt-PT","@id":"https:\/\/www.impulsoenergia.eu\/#\/schema\/person\/image\/","url":"https:\/\/secure.gravatar.com\/avatar\/22f14bf6d28fc4a5972fd4fda110270f8a2632aa691ec6aabd56edead8aa750e?s=96&d=mm&r=g","contentUrl":"https:\/\/secure.gravatar.com\/avatar\/22f14bf6d28fc4a5972fd4fda110270f8a2632aa691ec6aabd56edead8aa750e?s=96&d=mm&r=g","caption":"mariana"},"url":"https:\/\/www.impulsoenergia.eu\/pt-pt\/author\/mariana\/"}]}},"_links":{"self":[{"href":"https:\/\/www.impulsoenergia.eu\/pt-pt\/wp-json\/wp\/v2\/posts\/1753","targetHints":{"allow":["GET"]}}],"collection":[{"href":"https:\/\/www.impulsoenergia.eu\/pt-pt\/wp-json\/wp\/v2\/posts"}],"about":[{"href":"https:\/\/www.impulsoenergia.eu\/pt-pt\/wp-json\/wp\/v2\/types\/post"}],"author":[{"embeddable":true,"href":"https:\/\/www.impulsoenergia.eu\/pt-pt\/wp-json\/wp\/v2\/users\/2"}],"replies":[{"embeddable":true,"href":"https:\/\/www.impulsoenergia.eu\/pt-pt\/wp-json\/wp\/v2\/comments?post=1753"}],"version-history":[{"count":2,"href":"https:\/\/www.impulsoenergia.eu\/pt-pt\/wp-json\/wp\/v2\/posts\/1753\/revisions"}],"predecessor-version":[{"id":1755,"href":"https:\/\/www.impulsoenergia.eu\/pt-pt\/wp-json\/wp\/v2\/posts\/1753\/revisions\/1755"}],"wp:featuredmedia":[{"embeddable":true,"href":"https:\/\/www.impulsoenergia.eu\/pt-pt\/wp-json\/wp\/v2\/media\/1751"}],"wp:attachment":[{"href":"https:\/\/www.impulsoenergia.eu\/pt-pt\/wp-json\/wp\/v2\/media?parent=1753"}],"wp:term":[{"taxonomy":"category","embeddable":true,"href":"https:\/\/www.impulsoenergia.eu\/pt-pt\/wp-json\/wp\/v2\/categories?post=1753"}],"curies":[{"name":"wp","href":"https:\/\/api.w.org\/{rel}","templated":true}]}}