{"id":1621,"date":"2025-05-22T09:44:25","date_gmt":"2025-05-22T09:44:25","guid":{"rendered":"https:\/\/www.impulsoenergia.eu\/?p=1621"},"modified":"2025-06-13T13:25:50","modified_gmt":"2025-06-13T13:25:50","slug":"reutilizacao-agua-cabo-verde","status":"publish","type":"post","link":"https:\/\/www.impulsoenergia.eu\/pt-pt\/reutilizacao-agua-cabo-verde\/","title":{"rendered":"Reutiliza\u00e7\u00e3o da \u00e1gua e gest\u00e3o integrada: o futuro h\u00eddrico"},"content":{"rendered":"<h1><strong>Reflex\u00f5es a partir de Cabo Verde com o professor Rafael Mujeriego<\/strong><\/h1>\n<p>No passado dia <strong>17 de maio<\/strong>, o professor <strong>Rafael Mujeriego<\/strong> \u2014 refer\u00eancia internacional na gest\u00e3o de recursos h\u00eddricos \u2014 proferiu uma confer\u00eancia magistral na <strong>ilha do Sal<\/strong>, por ocasi\u00e3o do <strong>25\u00ba anivers\u00e1rio da empresa \u00c1guas de Ponta Preta (APP)<\/strong>. Num contexto de celebra\u00e7\u00e3o, Mujeriego compartilhou a sua experi\u00eancia de mais de 40 anos, com uma mensagem clara: <strong>a reutiliza\u00e7\u00e3o da \u00e1gua e a gest\u00e3o integrada n\u00e3o s\u00e3o o futuro \u2014 s\u00e3o o presente.<\/strong><\/p>\n<p><img loading=\"lazy\" decoding=\"async\" class=\"wp-image-1604 alignleft\" src=\"https:\/\/www.impulsoenergia.eu\/custom\/uploads\/2025\/05\/250517-Conferencia-RMujeriego-1-190x300.jpg\" alt=\"Rafael Mujeriego apresentando a import\u00e2ncia da reutiliza\u00e7\u00e3o da \u00e1gua na confer\u00eancia dos 25 anos da APP.\" width=\"316\" height=\"499\" srcset=\"https:\/\/www.impulsoenergia.eu\/custom\/uploads\/2025\/05\/250517-Conferencia-RMujeriego-1-190x300.jpg 190w, https:\/\/www.impulsoenergia.eu\/custom\/uploads\/2025\/05\/250517-Conferencia-RMujeriego-1-648x1024.jpg 648w, https:\/\/www.impulsoenergia.eu\/custom\/uploads\/2025\/05\/250517-Conferencia-RMujeriego-1-768x1214.jpg 768w, https:\/\/www.impulsoenergia.eu\/custom\/uploads\/2025\/05\/250517-Conferencia-RMujeriego-1-971x1536.jpg 971w, https:\/\/www.impulsoenergia.eu\/custom\/uploads\/2025\/05\/250517-Conferencia-RMujeriego-1.jpg 1005w\" sizes=\"auto, (max-width: 316px) 100vw, 316px\" \/><\/p>\n<h2><strong>Por que falar em reutiliza\u00e7\u00e3o da \u00e1gua?<\/strong><\/h2>\n<p>A crescente press\u00e3o sobre os recursos h\u00eddricos obriga-nos a repensar o modelo tradicional. Com exemplos de <strong>Espanha, Nam\u00edbia, Singapura e Calif\u00f3rnia<\/strong>, Mujeriego demonstrou como a <strong>reutiliza\u00e7\u00e3o planificada da \u00e1gua<\/strong> \u2014 para al\u00e9m da irriga\u00e7\u00e3o agr\u00edcola \u2014 pode ser uma <strong>solu\u00e7\u00e3o estrat\u00e9gica frente \u00e0 escassez e \u00e0 incerteza clim\u00e1tica<\/strong>.<\/p>\n<p>Desde o caso emblem\u00e1tico de <strong>Windhoek (Nam\u00edbia)<\/strong>, onde se potabiliza \u00e1gua regenerada desde 1968, at\u00e9 <strong>Palma de Maiorca<\/strong> ou <strong>Girona<\/strong>, onde j\u00e1 se utilizam sistemas de dupla rede para usos urbanos n\u00e3o pot\u00e1veis, as possibilidades s\u00e3o amplas e comprovadas.<\/p>\n<p><strong>\u00a0<\/strong><\/p>\n<h2><strong>Estrat\u00e9gias sustent\u00e1veis para a reutiliza\u00e7\u00e3o da \u00e1gua em climas insulares<\/strong><\/h2>\n<p>O professor Mujeriego resumiu as ferramentas dispon\u00edveis em dois blocos:<\/p>\n<h3><strong>Estrat\u00e9gias tradicionais:<\/strong><\/h3>\n<ol>\n<li>Preservar as fontes naturais<\/li>\n<li>Utilizar a \u00e1gua de forma eficiente<\/li>\n<li>Armazenar (regula\u00e7\u00e3o)<\/li>\n<li>Partilhar entre utilizadores (mancomunidades)<\/li>\n<\/ol>\n<h3><strong>Estrat\u00e9gias inovadoras:<\/strong><\/h3>\n<ol>\n<li>Regenerar \u00e1guas residuais<\/li>\n<li>Dessalinizar, especialmente em zonas costeiras<\/li>\n<\/ol>\n<p>Ambas as abordagens se complementam e ganham for\u00e7a quando integradas com <strong>energias renov\u00e1veis<\/strong>, tornando vi\u00e1veis modelos circulares e sustent\u00e1veis.<\/p>\n<h2><strong>Para al\u00e9m da tecnologia: cultura, comunica\u00e7\u00e3o e pol\u00edtica<\/strong><\/h2>\n<p>Um dos desafios mais urgentes \u00e9 <strong>legitimar a \u00e1gua regenerada perante a opini\u00e3o p\u00fablica<\/strong>. Para isso, Mujeriego prop\u00f5e uma nova figura profissional: o <strong>regenerador<\/strong>, algu\u00e9m com forma\u00e7\u00e3o t\u00e9cnica, mas tamb\u00e9m com compet\u00eancias em comunica\u00e7\u00e3o, sensibilidade cultural e lideran\u00e7a.<\/p>\n<p>Como exemplo, destacou a campanha do <strong>New Water em Singapura<\/strong>, onde o pr\u00f3prio presidente do pa\u00eds <strong>bebeu publicamente \u00e1gua regenerada<\/strong>, marcando um antes e um depois na perce\u00e7\u00e3o da popula\u00e7\u00e3o.<\/p>\n<h2><strong>Reutiliza\u00e7\u00e3o da \u00e1gua em Cabo Verde: um modelo local com impacto global<\/strong><\/h2>\n<p><strong>Cabo Verde<\/strong>, com o seu clima tropical e os desafios da insularidade, n\u00e3o escapa a estas press\u00f5es. Mas a experi\u00eancia acumulada pela <strong>\u00c1guas de Ponta Preta (APP)<\/strong> demonstra que <strong>a mudan\u00e7a pode ser impulsionada a partir do local<\/strong>, com vis\u00e3o, colabora\u00e7\u00e3o e consist\u00eancia.<\/p>\n<p>\u201c<em>A \u00e1gua regenerada n\u00e3o \u00e9 uma panaceia, mas \u00e9 uma das solu\u00e7\u00f5es mais poderosas que temos hoje. E a mais cara de todas \u00e9 aquela que j\u00e1 n\u00e3o se pode comprar<\/em>.\u201d<br \/>\n\u2014 <em>Rafael Mujeriego<\/em><\/p>\n<p>&nbsp;<\/p>\n<p><strong>Assista \u00e0 confer\u00eancia completa \u201cA reutiliza\u00e7\u00e3o da \u00e1gua e a gest\u00e3o integrada dos recursos\u201d realizada pelo Prof. Rafael Mujeriego no v\u00eddeo abaixo:<\/strong><\/p>\n<p><iframe loading=\"lazy\" title=\"La reutilizaci\u00f3n del agua y la gesti\u00f3n integrada de los recursos: Rafael Mujeriego - 25 a\u00f1os de APP\" width=\"500\" height=\"281\" src=\"https:\/\/www.youtube.com\/embed\/oW261j1SldE?feature=oembed\" frameborder=\"0\" allow=\"accelerometer; autoplay; clipboard-write; encrypted-media; gyroscope; picture-in-picture; web-share\" referrerpolicy=\"strict-origin-when-cross-origin\" allowfullscreen><\/iframe><\/p>\n<p><em>\u00a0<\/em><\/p>\n<p><em>Se n\u00e3o visualizar corretamente, pode aceder diretamente via <a href=\"https:\/\/youtu.be\/oW261j1SldE?si=t9OkST1KDQtNZVkW\">YouTube aqui<\/a><\/em><em>.<\/em><\/p>\n<p><a href=\"https:\/\/www.impulsoenergia.eu\/custom\/uploads\/2025\/05\/APP-25-aniversario-RMujeriego-1.pdf\">APP-25-aniversario-RMujeriego-1.pdf<\/a><\/p>\n<p><strong>Saiba mais sobre a \u00c1guas de Ponta Preta:<\/strong><br \/>\n\u2022 <a href=\"https:\/\/aguaspp.com\/\">Website<\/a><br \/>\n\u2022 <a href=\"https:\/\/x.com\/AguasPontaPreta\">Twitter<\/a><br \/>\n\u2022 <a href=\"https:\/\/www.impulsoenergia.eu\/pt-pt\/projetos-renovaveis-gestao-agua\/\">Projetos do Grupo Impulso<\/a><\/p>\n","protected":false},"excerpt":{"rendered":"<p>Reflex\u00f5es a partir de Cabo Verde com o professor Rafael Mujeriego No passado dia 17 de maio, o professor Rafael [&hellip;]<\/p>\n","protected":false},"author":2,"featured_media":1604,"comment_status":"closed","ping_status":"closed","sticky":false,"template":"","format":"standard","meta":{"_acf_changed":false,"footnotes":""},"categories":[61,62],"class_list":["post-1621","post","type-post","status-publish","format-standard","has-post-thumbnail","hentry","category-app-pt-pt","category-sector-pt-pt"],"acf":[],"yoast_head":"<!-- This site is optimized with the Yoast SEO plugin v25.6 - https:\/\/yoast.com\/wordpress\/plugins\/seo\/ -->\n<title>Reutiliza\u00e7\u00e3o da \u00e1gua e gest\u00e3o integrada: o futuro h\u00eddrico - Impulso Energ\u00eda<\/title>\n<meta name=\"description\" content=\"Rafael Mujeriego e \u00c1guas de Ponta Preta debatem a reutiliza\u00e7\u00e3o da \u00e1gua em Cabo Verde como solu\u00e7\u00e3o clim\u00e1tica sustent\u00e1vel\" \/>\n<meta name=\"robots\" content=\"index, follow, max-snippet:-1, max-image-preview:large, max-video-preview:-1\" \/>\n<link rel=\"canonical\" href=\"https:\/\/www.impulsoenergia.eu\/pt-pt\/reutilizacao-agua-cabo-verde\/\" \/>\n<meta property=\"og:locale\" content=\"pt_PT\" \/>\n<meta property=\"og:type\" content=\"article\" \/>\n<meta property=\"og:title\" content=\"Reutiliza\u00e7\u00e3o da \u00e1gua e gest\u00e3o integrada: o futuro h\u00eddrico - Impulso Energ\u00eda\" \/>\n<meta property=\"og:description\" content=\"Rafael Mujeriego e \u00c1guas de Ponta Preta debatem a reutiliza\u00e7\u00e3o da \u00e1gua em Cabo Verde como solu\u00e7\u00e3o clim\u00e1tica sustent\u00e1vel\" \/>\n<meta property=\"og:url\" content=\"https:\/\/www.impulsoenergia.eu\/pt-pt\/reutilizacao-agua-cabo-verde\/\" \/>\n<meta property=\"og:site_name\" content=\"Impulso Energ\u00eda\" \/>\n<meta property=\"article:published_time\" content=\"2025-05-22T09:44:25+00:00\" \/>\n<meta property=\"article:modified_time\" content=\"2025-06-13T13:25:50+00:00\" \/>\n<meta property=\"og:image\" content=\"https:\/\/www.impulsoenergia.eu\/custom\/uploads\/2025\/05\/250517-Conferencia-RMujeriego-1.jpg\" \/>\n\t<meta property=\"og:image:width\" content=\"1005\" \/>\n\t<meta property=\"og:image:height\" content=\"1589\" \/>\n\t<meta property=\"og:image:type\" content=\"image\/jpeg\" \/>\n<meta name=\"author\" content=\"mariana\" \/>\n<meta name=\"twitter:card\" content=\"summary_large_image\" \/>\n<meta name=\"twitter:label1\" content=\"Written by\" \/>\n\t<meta name=\"twitter:data1\" content=\"mariana\" \/>\n\t<meta name=\"twitter:label2\" content=\"Est. reading time\" \/>\n\t<meta name=\"twitter:data2\" content=\"3 minutes\" \/>\n<script type=\"application\/ld+json\" class=\"yoast-schema-graph\">{\"@context\":\"https:\/\/schema.org\",\"@graph\":[{\"@type\":\"Article\",\"@id\":\"https:\/\/www.impulsoenergia.eu\/pt-pt\/reutilizacao-agua-cabo-verde\/#article\",\"isPartOf\":{\"@id\":\"https:\/\/www.impulsoenergia.eu\/pt-pt\/reutilizacao-agua-cabo-verde\/\"},\"author\":{\"name\":\"mariana\",\"@id\":\"https:\/\/www.impulsoenergia.eu\/#\/schema\/person\/e583955678f0a64694f6b34c7d147ad4\"},\"headline\":\"Reutiliza\u00e7\u00e3o da \u00e1gua e gest\u00e3o integrada: o futuro h\u00eddrico\",\"datePublished\":\"2025-05-22T09:44:25+00:00\",\"dateModified\":\"2025-06-13T13:25:50+00:00\",\"mainEntityOfPage\":{\"@id\":\"https:\/\/www.impulsoenergia.eu\/pt-pt\/reutilizacao-agua-cabo-verde\/\"},\"wordCount\":542,\"publisher\":{\"@id\":\"https:\/\/www.impulsoenergia.eu\/#organization\"},\"image\":{\"@id\":\"https:\/\/www.impulsoenergia.eu\/pt-pt\/reutilizacao-agua-cabo-verde\/#primaryimage\"},\"thumbnailUrl\":\"https:\/\/www.impulsoenergia.eu\/custom\/uploads\/2025\/05\/250517-Conferencia-RMujeriego-1.jpg\",\"articleSection\":[\"Noticias APP\",\"Noticias sector\"],\"inLanguage\":\"pt-PT\"},{\"@type\":\"WebPage\",\"@id\":\"https:\/\/www.impulsoenergia.eu\/pt-pt\/reutilizacao-agua-cabo-verde\/\",\"url\":\"https:\/\/www.impulsoenergia.eu\/pt-pt\/reutilizacao-agua-cabo-verde\/\",\"name\":\"Reutiliza\u00e7\u00e3o da \u00e1gua e gest\u00e3o integrada: o futuro h\u00eddrico - Impulso Energ\u00eda\",\"isPartOf\":{\"@id\":\"https:\/\/www.impulsoenergia.eu\/#website\"},\"primaryImageOfPage\":{\"@id\":\"https:\/\/www.impulsoenergia.eu\/pt-pt\/reutilizacao-agua-cabo-verde\/#primaryimage\"},\"image\":{\"@id\":\"https:\/\/www.impulsoenergia.eu\/pt-pt\/reutilizacao-agua-cabo-verde\/#primaryimage\"},\"thumbnailUrl\":\"https:\/\/www.impulsoenergia.eu\/custom\/uploads\/2025\/05\/250517-Conferencia-RMujeriego-1.jpg\",\"datePublished\":\"2025-05-22T09:44:25+00:00\",\"dateModified\":\"2025-06-13T13:25:50+00:00\",\"description\":\"Rafael Mujeriego e \u00c1guas de Ponta Preta debatem a reutiliza\u00e7\u00e3o da \u00e1gua em Cabo Verde como solu\u00e7\u00e3o clim\u00e1tica sustent\u00e1vel\",\"breadcrumb\":{\"@id\":\"https:\/\/www.impulsoenergia.eu\/pt-pt\/reutilizacao-agua-cabo-verde\/#breadcrumb\"},\"inLanguage\":\"pt-PT\",\"potentialAction\":[{\"@type\":\"ReadAction\",\"target\":[\"https:\/\/www.impulsoenergia.eu\/pt-pt\/reutilizacao-agua-cabo-verde\/\"]}]},{\"@type\":\"ImageObject\",\"inLanguage\":\"pt-PT\",\"@id\":\"https:\/\/www.impulsoenergia.eu\/pt-pt\/reutilizacao-agua-cabo-verde\/#primaryimage\",\"url\":\"https:\/\/www.impulsoenergia.eu\/custom\/uploads\/2025\/05\/250517-Conferencia-RMujeriego-1.jpg\",\"contentUrl\":\"https:\/\/www.impulsoenergia.eu\/custom\/uploads\/2025\/05\/250517-Conferencia-RMujeriego-1.jpg\",\"width\":1005,\"height\":1589,\"caption\":\"Confer\u00eancia \u201cA reutiliza\u00e7\u00e3o da \u00e1gua e a gest\u00e3o integrada dos recursos\u201d de Rafael Mujeriego nos 25 anos da APP\"},{\"@type\":\"BreadcrumbList\",\"@id\":\"https:\/\/www.impulsoenergia.eu\/pt-pt\/reutilizacao-agua-cabo-verde\/#breadcrumb\",\"itemListElement\":[{\"@type\":\"ListItem\",\"position\":1,\"name\":\"Portada\",\"item\":\"https:\/\/www.impulsoenergia.eu\/pt-pt\/\"},{\"@type\":\"ListItem\",\"position\":2,\"name\":\"Reutiliza\u00e7\u00e3o da \u00e1gua e gest\u00e3o integrada: o futuro h\u00eddrico\"}]},{\"@type\":\"WebSite\",\"@id\":\"https:\/\/www.impulsoenergia.eu\/#website\",\"url\":\"https:\/\/www.impulsoenergia.eu\/\",\"name\":\"Impulso Energ\u00eda\",\"description\":\"Desarrollo e inversi\u00f3n en los sectores de la energ\u00eda y el agua\",\"publisher\":{\"@id\":\"https:\/\/www.impulsoenergia.eu\/#organization\"},\"potentialAction\":[{\"@type\":\"SearchAction\",\"target\":{\"@type\":\"EntryPoint\",\"urlTemplate\":\"https:\/\/www.impulsoenergia.eu\/?s={search_term_string}\"},\"query-input\":{\"@type\":\"PropertyValueSpecification\",\"valueRequired\":true,\"valueName\":\"search_term_string\"}}],\"inLanguage\":\"pt-PT\"},{\"@type\":\"Organization\",\"@id\":\"https:\/\/www.impulsoenergia.eu\/#organization\",\"name\":\"Impulso Energ\u00eda\",\"url\":\"https:\/\/www.impulsoenergia.eu\/\",\"logo\":{\"@type\":\"ImageObject\",\"inLanguage\":\"pt-PT\",\"@id\":\"https:\/\/www.impulsoenergia.eu\/#\/schema\/logo\/image\/\",\"url\":\"https:\/\/www.impulsoenergia.eu\/custom\/uploads\/2022\/09\/logo-impulso.jpg\",\"contentUrl\":\"https:\/\/www.impulsoenergia.eu\/custom\/uploads\/2022\/09\/logo-impulso.jpg\",\"width\":232,\"height\":75,\"caption\":\"Impulso Energ\u00eda\"},\"image\":{\"@id\":\"https:\/\/www.impulsoenergia.eu\/#\/schema\/logo\/image\/\"}},{\"@type\":\"Person\",\"@id\":\"https:\/\/www.impulsoenergia.eu\/#\/schema\/person\/e583955678f0a64694f6b34c7d147ad4\",\"name\":\"mariana\",\"image\":{\"@type\":\"ImageObject\",\"inLanguage\":\"pt-PT\",\"@id\":\"https:\/\/www.impulsoenergia.eu\/#\/schema\/person\/image\/\",\"url\":\"https:\/\/secure.gravatar.com\/avatar\/22f14bf6d28fc4a5972fd4fda110270f8a2632aa691ec6aabd56edead8aa750e?s=96&d=mm&r=g\",\"contentUrl\":\"https:\/\/secure.gravatar.com\/avatar\/22f14bf6d28fc4a5972fd4fda110270f8a2632aa691ec6aabd56edead8aa750e?s=96&d=mm&r=g\",\"caption\":\"mariana\"},\"url\":\"https:\/\/www.impulsoenergia.eu\/pt-pt\/author\/mariana\/\"}]}<\/script>\n<!-- \/ Yoast SEO plugin. -->","yoast_head_json":{"title":"Reutiliza\u00e7\u00e3o da \u00e1gua e gest\u00e3o integrada: o futuro h\u00eddrico - Impulso Energ\u00eda","description":"Rafael Mujeriego e \u00c1guas de Ponta Preta debatem a reutiliza\u00e7\u00e3o da \u00e1gua em Cabo Verde como solu\u00e7\u00e3o clim\u00e1tica sustent\u00e1vel","robots":{"index":"index","follow":"follow","max-snippet":"max-snippet:-1","max-image-preview":"max-image-preview:large","max-video-preview":"max-video-preview:-1"},"canonical":"https:\/\/www.impulsoenergia.eu\/pt-pt\/reutilizacao-agua-cabo-verde\/","og_locale":"pt_PT","og_type":"article","og_title":"Reutiliza\u00e7\u00e3o da \u00e1gua e gest\u00e3o integrada: o futuro h\u00eddrico - Impulso Energ\u00eda","og_description":"Rafael Mujeriego e \u00c1guas de Ponta Preta debatem a reutiliza\u00e7\u00e3o da \u00e1gua em Cabo Verde como solu\u00e7\u00e3o clim\u00e1tica sustent\u00e1vel","og_url":"https:\/\/www.impulsoenergia.eu\/pt-pt\/reutilizacao-agua-cabo-verde\/","og_site_name":"Impulso Energ\u00eda","article_published_time":"2025-05-22T09:44:25+00:00","article_modified_time":"2025-06-13T13:25:50+00:00","og_image":[{"width":1005,"height":1589,"url":"https:\/\/www.impulsoenergia.eu\/custom\/uploads\/2025\/05\/250517-Conferencia-RMujeriego-1.jpg","type":"image\/jpeg"}],"author":"mariana","twitter_card":"summary_large_image","twitter_misc":{"Written by":"mariana","Est. reading time":"3 minutes"},"schema":{"@context":"https:\/\/schema.org","@graph":[{"@type":"Article","@id":"https:\/\/www.impulsoenergia.eu\/pt-pt\/reutilizacao-agua-cabo-verde\/#article","isPartOf":{"@id":"https:\/\/www.impulsoenergia.eu\/pt-pt\/reutilizacao-agua-cabo-verde\/"},"author":{"name":"mariana","@id":"https:\/\/www.impulsoenergia.eu\/#\/schema\/person\/e583955678f0a64694f6b34c7d147ad4"},"headline":"Reutiliza\u00e7\u00e3o da \u00e1gua e gest\u00e3o integrada: o futuro h\u00eddrico","datePublished":"2025-05-22T09:44:25+00:00","dateModified":"2025-06-13T13:25:50+00:00","mainEntityOfPage":{"@id":"https:\/\/www.impulsoenergia.eu\/pt-pt\/reutilizacao-agua-cabo-verde\/"},"wordCount":542,"publisher":{"@id":"https:\/\/www.impulsoenergia.eu\/#organization"},"image":{"@id":"https:\/\/www.impulsoenergia.eu\/pt-pt\/reutilizacao-agua-cabo-verde\/#primaryimage"},"thumbnailUrl":"https:\/\/www.impulsoenergia.eu\/custom\/uploads\/2025\/05\/250517-Conferencia-RMujeriego-1.jpg","articleSection":["Noticias APP","Noticias sector"],"inLanguage":"pt-PT"},{"@type":"WebPage","@id":"https:\/\/www.impulsoenergia.eu\/pt-pt\/reutilizacao-agua-cabo-verde\/","url":"https:\/\/www.impulsoenergia.eu\/pt-pt\/reutilizacao-agua-cabo-verde\/","name":"Reutiliza\u00e7\u00e3o da \u00e1gua e gest\u00e3o integrada: o futuro h\u00eddrico - Impulso Energ\u00eda","isPartOf":{"@id":"https:\/\/www.impulsoenergia.eu\/#website"},"primaryImageOfPage":{"@id":"https:\/\/www.impulsoenergia.eu\/pt-pt\/reutilizacao-agua-cabo-verde\/#primaryimage"},"image":{"@id":"https:\/\/www.impulsoenergia.eu\/pt-pt\/reutilizacao-agua-cabo-verde\/#primaryimage"},"thumbnailUrl":"https:\/\/www.impulsoenergia.eu\/custom\/uploads\/2025\/05\/250517-Conferencia-RMujeriego-1.jpg","datePublished":"2025-05-22T09:44:25+00:00","dateModified":"2025-06-13T13:25:50+00:00","description":"Rafael Mujeriego e \u00c1guas de Ponta Preta debatem a reutiliza\u00e7\u00e3o da \u00e1gua em Cabo Verde como solu\u00e7\u00e3o clim\u00e1tica sustent\u00e1vel","breadcrumb":{"@id":"https:\/\/www.impulsoenergia.eu\/pt-pt\/reutilizacao-agua-cabo-verde\/#breadcrumb"},"inLanguage":"pt-PT","potentialAction":[{"@type":"ReadAction","target":["https:\/\/www.impulsoenergia.eu\/pt-pt\/reutilizacao-agua-cabo-verde\/"]}]},{"@type":"ImageObject","inLanguage":"pt-PT","@id":"https:\/\/www.impulsoenergia.eu\/pt-pt\/reutilizacao-agua-cabo-verde\/#primaryimage","url":"https:\/\/www.impulsoenergia.eu\/custom\/uploads\/2025\/05\/250517-Conferencia-RMujeriego-1.jpg","contentUrl":"https:\/\/www.impulsoenergia.eu\/custom\/uploads\/2025\/05\/250517-Conferencia-RMujeriego-1.jpg","width":1005,"height":1589,"caption":"Confer\u00eancia \u201cA reutiliza\u00e7\u00e3o da \u00e1gua e a gest\u00e3o integrada dos recursos\u201d de Rafael Mujeriego nos 25 anos da APP"},{"@type":"BreadcrumbList","@id":"https:\/\/www.impulsoenergia.eu\/pt-pt\/reutilizacao-agua-cabo-verde\/#breadcrumb","itemListElement":[{"@type":"ListItem","position":1,"name":"Portada","item":"https:\/\/www.impulsoenergia.eu\/pt-pt\/"},{"@type":"ListItem","position":2,"name":"Reutiliza\u00e7\u00e3o da \u00e1gua e gest\u00e3o integrada: o futuro h\u00eddrico"}]},{"@type":"WebSite","@id":"https:\/\/www.impulsoenergia.eu\/#website","url":"https:\/\/www.impulsoenergia.eu\/","name":"Impulso Energ\u00eda","description":"Desarrollo e inversi\u00f3n en los sectores de la energ\u00eda y el agua","publisher":{"@id":"https:\/\/www.impulsoenergia.eu\/#organization"},"potentialAction":[{"@type":"SearchAction","target":{"@type":"EntryPoint","urlTemplate":"https:\/\/www.impulsoenergia.eu\/?s={search_term_string}"},"query-input":{"@type":"PropertyValueSpecification","valueRequired":true,"valueName":"search_term_string"}}],"inLanguage":"pt-PT"},{"@type":"Organization","@id":"https:\/\/www.impulsoenergia.eu\/#organization","name":"Impulso Energ\u00eda","url":"https:\/\/www.impulsoenergia.eu\/","logo":{"@type":"ImageObject","inLanguage":"pt-PT","@id":"https:\/\/www.impulsoenergia.eu\/#\/schema\/logo\/image\/","url":"https:\/\/www.impulsoenergia.eu\/custom\/uploads\/2022\/09\/logo-impulso.jpg","contentUrl":"https:\/\/www.impulsoenergia.eu\/custom\/uploads\/2022\/09\/logo-impulso.jpg","width":232,"height":75,"caption":"Impulso Energ\u00eda"},"image":{"@id":"https:\/\/www.impulsoenergia.eu\/#\/schema\/logo\/image\/"}},{"@type":"Person","@id":"https:\/\/www.impulsoenergia.eu\/#\/schema\/person\/e583955678f0a64694f6b34c7d147ad4","name":"mariana","image":{"@type":"ImageObject","inLanguage":"pt-PT","@id":"https:\/\/www.impulsoenergia.eu\/#\/schema\/person\/image\/","url":"https:\/\/secure.gravatar.com\/avatar\/22f14bf6d28fc4a5972fd4fda110270f8a2632aa691ec6aabd56edead8aa750e?s=96&d=mm&r=g","contentUrl":"https:\/\/secure.gravatar.com\/avatar\/22f14bf6d28fc4a5972fd4fda110270f8a2632aa691ec6aabd56edead8aa750e?s=96&d=mm&r=g","caption":"mariana"},"url":"https:\/\/www.impulsoenergia.eu\/pt-pt\/author\/mariana\/"}]}},"_links":{"self":[{"href":"https:\/\/www.impulsoenergia.eu\/pt-pt\/wp-json\/wp\/v2\/posts\/1621","targetHints":{"allow":["GET"]}}],"collection":[{"href":"https:\/\/www.impulsoenergia.eu\/pt-pt\/wp-json\/wp\/v2\/posts"}],"about":[{"href":"https:\/\/www.impulsoenergia.eu\/pt-pt\/wp-json\/wp\/v2\/types\/post"}],"author":[{"embeddable":true,"href":"https:\/\/www.impulsoenergia.eu\/pt-pt\/wp-json\/wp\/v2\/users\/2"}],"replies":[{"embeddable":true,"href":"https:\/\/www.impulsoenergia.eu\/pt-pt\/wp-json\/wp\/v2\/comments?post=1621"}],"version-history":[{"count":7,"href":"https:\/\/www.impulsoenergia.eu\/pt-pt\/wp-json\/wp\/v2\/posts\/1621\/revisions"}],"predecessor-version":[{"id":1639,"href":"https:\/\/www.impulsoenergia.eu\/pt-pt\/wp-json\/wp\/v2\/posts\/1621\/revisions\/1639"}],"wp:featuredmedia":[{"embeddable":true,"href":"https:\/\/www.impulsoenergia.eu\/pt-pt\/wp-json\/wp\/v2\/media\/1604"}],"wp:attachment":[{"href":"https:\/\/www.impulsoenergia.eu\/pt-pt\/wp-json\/wp\/v2\/media?parent=1621"}],"wp:term":[{"taxonomy":"category","embeddable":true,"href":"https:\/\/www.impulsoenergia.eu\/pt-pt\/wp-json\/wp\/v2\/categories?post=1621"}],"curies":[{"name":"wp","href":"https:\/\/api.w.org\/{rel}","templated":true}]}}