{"id":1615,"date":"2025-05-20T11:03:06","date_gmt":"2025-05-20T11:03:06","guid":{"rendered":"https:\/\/www.impulsoenergia.eu\/?p=1615"},"modified":"2025-05-20T11:03:06","modified_gmt":"2025-05-20T11:03:06","slug":"25-anos-de-aguasdepontapreta-sustentabilidade-inovacao-cabo-verde-app","status":"publish","type":"post","link":"https:\/\/www.impulsoenergia.eu\/pt-pt\/25-anos-de-aguasdepontapreta-sustentabilidade-inovacao-cabo-verde-app\/","title":{"rendered":"25 Anos da APP: Cobertura na M\u00eddia"},"content":{"rendered":"<p>No passado dia <strong>17 de maio de 2025<\/strong>, a <strong>\u00c1guas de Ponta Preta (APP)<\/strong> celebrou o seu <strong>25.\u00ba anivers\u00e1rio<\/strong> na ilha do Sal, Cabo Verde, consolidando a sua lideran\u00e7a na <strong>gest\u00e3o sustent\u00e1vel da \u00e1gua, energia e saneamento<\/strong>. Um quarto de s\u00e9culo de compromisso com o <strong>desenvolvimento social<\/strong>, a <strong>inova\u00e7\u00e3o<\/strong> e a <strong>prote\u00e7\u00e3o ambiental<\/strong> numa das regi\u00f5es mais emblem\u00e1ticas do pa\u00eds.<\/p>\n<h2><strong>25 Anos a Levar \u00c1gua, Energia e Sustentabilidade a Cabo Verde<\/strong><\/h2>\n<p>Desde a sua funda\u00e7\u00e3o, em 2000, a APP tem sido fundamental na transforma\u00e7\u00e3o da urbaniza\u00e7\u00e3o de Ponta Preta e zonas circundantes. O <a href=\"https:\/\/www.impulsoenergia.eu\/pt-pt\/o-que-fazemos\/ciclo-integral-da-agua\/\">seu modelo de gest\u00e3o<\/a> combina <strong>efici\u00eancia operacional, inova\u00e7\u00e3o tecnol\u00f3gica<\/strong> e um forte <strong>compromisso com o desenvolvimento local<\/strong>.<\/p>\n<p>Ao longo destes 25 anos, a APP garantiu o acesso a <strong>\u00e1gua pot\u00e1vel, energia el\u00e9trica e servi\u00e7os de saneamento<\/strong>, contribuindo diretamente para o bem-estar da comunidade e para os <strong>Objetivos de Desenvolvimento Sustent\u00e1vel (ODS)<\/strong>.<\/p>\n<p>&nbsp;<\/p>\n<h2><strong>Confer\u00eancia Internacional sobre Reutiliza\u00e7\u00e3o da \u00c1gua<img loading=\"lazy\" decoding=\"async\" class=\"size-medium wp-image-1604 alignright\" src=\"https:\/\/www.impulsoenergia.eu\/custom\/uploads\/2025\/05\/250517-Conferencia-RMujeriego-1-190x300.jpg\" alt=\"\" width=\"190\" height=\"300\" srcset=\"https:\/\/www.impulsoenergia.eu\/custom\/uploads\/2025\/05\/250517-Conferencia-RMujeriego-1-190x300.jpg 190w, https:\/\/www.impulsoenergia.eu\/custom\/uploads\/2025\/05\/250517-Conferencia-RMujeriego-1-648x1024.jpg 648w, https:\/\/www.impulsoenergia.eu\/custom\/uploads\/2025\/05\/250517-Conferencia-RMujeriego-1-768x1214.jpg 768w, https:\/\/www.impulsoenergia.eu\/custom\/uploads\/2025\/05\/250517-Conferencia-RMujeriego-1-971x1536.jpg 971w, https:\/\/www.impulsoenergia.eu\/custom\/uploads\/2025\/05\/250517-Conferencia-RMujeriego-1.jpg 1005w\" sizes=\"auto, (max-width: 190px) 100vw, 190px\" \/><\/strong><\/h2>\n<p>Como parte da comemora\u00e7\u00e3o, foi organizada a confer\u00eancia <strong>\u201cA reutiliza\u00e7\u00e3o da \u00e1gua e a gest\u00e3o integrada dos recursos\u201d<\/strong>, um evento de alto n\u00edvel que contou com a participa\u00e7\u00e3o do professor <strong>Rafael Mujeriego<\/strong>, catedr\u00e1tico de engenharia ambiental da <strong>Universidade Polit\u00e9cnica da Catalunha (UPC)<\/strong> e presidente da <strong>Associa\u00e7\u00e3o Espanhola de Reutiliza\u00e7\u00e3o Sustent\u00e1vel da \u00c1gua (ASERSA)<\/strong>.<\/p>\n<div id=\"attachment_1608\" style=\"width: 370px\" class=\"wp-caption aligncenter\"><img loading=\"lazy\" decoding=\"async\" aria-describedby=\"caption-attachment-1608\" class=\" wp-image-1608\" src=\"https:\/\/www.impulsoenergia.eu\/custom\/uploads\/2025\/05\/P1640396_DxO-copy-300x225.jpg\" alt=\"Rafael Mujeriego durante la \" width=\"360\" height=\"270\" srcset=\"https:\/\/www.impulsoenergia.eu\/custom\/uploads\/2025\/05\/P1640396_DxO-copy-300x225.jpg 300w, https:\/\/www.impulsoenergia.eu\/custom\/uploads\/2025\/05\/P1640396_DxO-copy-1024x769.jpg 1024w, https:\/\/www.impulsoenergia.eu\/custom\/uploads\/2025\/05\/P1640396_DxO-copy-768x577.jpg 768w, https:\/\/www.impulsoenergia.eu\/custom\/uploads\/2025\/05\/P1640396_DxO-copy-1536x1153.jpg 1536w, https:\/\/www.impulsoenergia.eu\/custom\/uploads\/2025\/05\/P1640396_DxO-copy-2048x1538.jpg 2048w\" sizes=\"auto, (max-width: 360px) 100vw, 360px\" \/><p id=\"caption-attachment-1608\" class=\"wp-caption-text\">Rafael Mujeriego durante a confer\u00eancia \u201cA reutiliza\u00e7\u00e3o da \u00e1gua e a gest\u00e3o integrada dos recursos\u201d nos 25 anos da APP.<\/p><\/div>\n<p>Durante a confer\u00eancia, foram abordados os desafios e solu\u00e7\u00f5es inovadoras para a <strong>utiliza\u00e7\u00e3o respons\u00e1vel da \u00e1gua<\/strong>, num contexto especialmente relevante para <strong>ilhas com recursos h\u00eddricos limitados<\/strong>, como Cabo Verde. O evento foi tamb\u00e9m uma oportunidade de interc\u00e2mbio entre especialistas, entidades p\u00fablicas e o setor privado.<\/p>\n<div id=\"attachment_1612\" style=\"width: 383px\" class=\"wp-caption aligncenter\"><img loading=\"lazy\" decoding=\"async\" aria-describedby=\"caption-attachment-1612\" class=\" wp-image-1612\" src=\"https:\/\/www.impulsoenergia.eu\/custom\/uploads\/2025\/05\/P1640406_DxO-copy-300x225.jpg\" alt=\"Rafael Mujeriego durante a confer\u00eancia \u201cA reutiliza\u00e7\u00e3o da \u00e1gua e a gest\u00e3o integrada dos recursos\u201d nos 25 anos da APP.\" width=\"373\" height=\"280\" srcset=\"https:\/\/www.impulsoenergia.eu\/custom\/uploads\/2025\/05\/P1640406_DxO-copy-300x225.jpg 300w, https:\/\/www.impulsoenergia.eu\/custom\/uploads\/2025\/05\/P1640406_DxO-copy-1024x769.jpg 1024w, https:\/\/www.impulsoenergia.eu\/custom\/uploads\/2025\/05\/P1640406_DxO-copy-768x577.jpg 768w, https:\/\/www.impulsoenergia.eu\/custom\/uploads\/2025\/05\/P1640406_DxO-copy-1536x1153.jpg 1536w, https:\/\/www.impulsoenergia.eu\/custom\/uploads\/2025\/05\/P1640406_DxO-copy-2048x1538.jpg 2048w\" sizes=\"auto, (max-width: 373px) 100vw, 373px\" \/><p id=\"caption-attachment-1612\" class=\"wp-caption-text\">Rafael Mujeriego durante a confer\u00eancia \u201cA reutiliza\u00e7\u00e3o da \u00e1gua e a gest\u00e3o integrada dos recursos\u201d nos 25 anos da APP.<\/p><\/div>\n<h2><strong>Grande Cobertura na M\u00eddia: 25 anos da APP<\/strong><\/h2>\n<p>A celebra\u00e7\u00e3o dos <strong>25 anos da APP<\/strong> teve <strong>ampla repercuss\u00e3o nos meios de comunica\u00e7\u00e3o<\/strong> de Cabo Verde, que destacaram o impacto positivo da empresa na <strong>sustentabilidade da ilha<\/strong> e a sua vis\u00e3o para o futuro.<\/p>\n<p>Abaixo, pode aceder a algumas das coberturas:<\/p>\n<ul>\n<li><strong>RTC<\/strong><br \/>\nV\u00eddeo \u2013 Cobertura do anivers\u00e1rio e confer\u00eancia: <strong><em>Empresa APP celebra 25 anos \u201cA reutiliza\u00e7\u00e3o da \u00e1gua e a gest\u00e3o integrada dos recursos\u201d<\/em><\/strong><br \/>\n<iframe loading=\"lazy\" title=\"Empresa APP celebra 25 anos \u201cA reutiliza\u00e7\u00e3o da \u00e1gua e a gest\u00e3o integrada dos recursos\u201d\" width=\"500\" height=\"281\" src=\"https:\/\/www.youtube.com\/embed\/XF0YtoNsWPI?start=5&#038;feature=oembed\" frameborder=\"0\" allow=\"accelerometer; autoplay; clipboard-write; encrypted-media; gyroscope; picture-in-picture; web-share\" referrerpolicy=\"strict-origin-when-cross-origin\" allowfullscreen><\/iframe><\/li>\n<li><strong>Inforpress<\/strong><br \/>\nArtigo: <a href=\"https:\/\/inforpress.cv\/pt\/article-3615\"><strong><em>Ilha do Sal: APP celebra 25 anos com \u201cinvestimentos significativos\u201d em \u00e1gua, saneamento e energia renov\u00e1vel<\/em><\/strong><\/a><br \/>\nArtigo: <a href=\"https:\/\/inforpress.cv\/pt\/article-3614\"><strong><em>Sal: Ministro das Finan\u00e7as reconhece que Cabo Verde enfrenta emerg\u00eancia h\u00eddrica e energ\u00e9tica<\/em><\/strong><\/a><\/li>\n<\/ul>\n<p>&nbsp;<\/p>\n<ul>\n<li><strong>R\u00e1dio TV Sal One<\/strong><br \/>\nV\u00eddeo: Cobertura do anivers\u00e1rio e discurso de <strong>Olavo Correia<\/strong>, Vice-Primeiro-Ministro<\/li>\n<\/ul>\n<p><iframe loading=\"lazy\" title=\"Regional3_18\/05\/2025\" width=\"500\" height=\"281\" src=\"https:\/\/www.youtube.com\/embed\/h5EEU3iyF10?start=3&#038;feature=oembed\" frameborder=\"0\" allow=\"accelerometer; autoplay; clipboard-write; encrypted-media; gyroscope; picture-in-picture; web-share\" referrerpolicy=\"strict-origin-when-cross-origin\" allowfullscreen><\/iframe><\/p>\n<ul>\n<li><strong>TCSM<\/strong><br \/>\nV\u00eddeo: <strong><em>APP celebra 25 anos com confer\u00eancia sobre reutiliza\u00e7\u00e3o e gest\u00e3o sustent\u00e1vel da \u00e1gua<\/em><\/strong><\/li>\n<\/ul>\n<p><iframe loading=\"lazy\" title=\"APP celebra 25 anos com confer\u00eancia sobre reutiliza\u00e7\u00e3o e gest\u00e3o sustent\u00e1vel da \u00e1gua\" width=\"500\" height=\"281\" src=\"https:\/\/www.youtube.com\/embed\/7V-B2aDL5js?feature=oembed\" frameborder=\"0\" allow=\"accelerometer; autoplay; clipboard-write; encrypted-media; gyroscope; picture-in-picture; web-share\" referrerpolicy=\"strict-origin-when-cross-origin\" allowfullscreen><\/iframe><\/p>\n<ul>\n<li><strong>Expresso das Ilhas<\/strong><br \/>\nArtigo: <a href=\"https:\/\/expressodasilhas.cv\/economia\/2025\/05\/19\/ilha-do-sal-app-celebra-25-anos-com-investimentos-significativos-em-agua-saneamento-e-energia-renovavel\/97115\"><strong><em>Ilha do Sal: APP celebra 25 anos com \u201cinvestimentos significativos\u201d em \u00e1gua, saneamento e energia renov\u00e1vel<\/em><\/strong><\/a><\/li>\n<\/ul>\n<h2><\/h2>\n<h2><strong>Um Futuro Sustent\u00e1vel, Juntos<\/strong><\/h2>\n<p>Este anivers\u00e1rio \u00e9 tamb\u00e9m uma oportunidade para <strong>agradecer a todas as pessoas, institui\u00e7\u00f5es e comunidades<\/strong> que fizeram parte desta trajet\u00f3ria. Continuamos com a mesma energia que nos tem impulsionado ao longo destes 25 anos, <strong>acreditando que um futuro sustent\u00e1vel \u00e9 poss\u00edvel \u2014 se o construirmos juntos<\/strong>.<\/p>\n","protected":false},"excerpt":{"rendered":"<p>No passado dia 17 de maio de 2025, a \u00c1guas de Ponta Preta (APP) celebrou o seu 25.\u00ba anivers\u00e1rio na [&hellip;]<\/p>\n","protected":false},"author":2,"featured_media":1598,"comment_status":"closed","ping_status":"closed","sticky":false,"template":"","format":"standard","meta":{"_acf_changed":false,"footnotes":""},"categories":[61],"class_list":["post-1615","post","type-post","status-publish","format-standard","has-post-thumbnail","hentry","category-app-pt-pt"],"acf":[],"yoast_head":"<!-- This site is optimized with the Yoast SEO plugin v25.6 - https:\/\/yoast.com\/wordpress\/plugins\/seo\/ -->\n<title>25 Anos da APP: Cobertura na M\u00eddia - Impulso Energ\u00eda<\/title>\n<meta name=\"description\" content=\"25 anos da APP: hist\u00f3ria, sustentabilidade, confer\u00eancia sobre reutiliza\u00e7\u00e3o da \u00e1gua e cobertura na m\u00eddia local\" \/>\n<meta name=\"robots\" content=\"index, follow, max-snippet:-1, max-image-preview:large, max-video-preview:-1\" \/>\n<link rel=\"canonical\" href=\"https:\/\/www.impulsoenergia.eu\/pt-pt\/25-anos-de-aguasdepontapreta-sustentabilidade-inovacao-cabo-verde-app\/\" \/>\n<meta property=\"og:locale\" content=\"pt_PT\" \/>\n<meta property=\"og:type\" content=\"article\" \/>\n<meta property=\"og:title\" content=\"25 Anos da APP: Cobertura na M\u00eddia - Impulso Energ\u00eda\" \/>\n<meta property=\"og:description\" content=\"25 anos da APP: hist\u00f3ria, sustentabilidade, confer\u00eancia sobre reutiliza\u00e7\u00e3o da \u00e1gua e cobertura na m\u00eddia local\" \/>\n<meta property=\"og:url\" content=\"https:\/\/www.impulsoenergia.eu\/pt-pt\/25-anos-de-aguasdepontapreta-sustentabilidade-inovacao-cabo-verde-app\/\" \/>\n<meta property=\"og:site_name\" content=\"Impulso Energ\u00eda\" \/>\n<meta property=\"article:published_time\" content=\"2025-05-20T11:03:06+00:00\" \/>\n<meta property=\"og:image\" content=\"https:\/\/www.impulsoenergia.eu\/custom\/uploads\/2025\/05\/PHOTO-2025-05-18-15-32-25-copy-1024x768.jpg\" \/>\n\t<meta property=\"og:image:width\" content=\"1024\" \/>\n\t<meta property=\"og:image:height\" content=\"768\" \/>\n\t<meta property=\"og:image:type\" content=\"image\/jpeg\" \/>\n<meta name=\"author\" content=\"mariana\" \/>\n<meta name=\"twitter:card\" content=\"summary_large_image\" \/>\n<meta name=\"twitter:label1\" content=\"Written by\" \/>\n\t<meta name=\"twitter:data1\" content=\"mariana\" \/>\n\t<meta name=\"twitter:label2\" content=\"Est. reading time\" \/>\n\t<meta name=\"twitter:data2\" content=\"4 minutes\" \/>\n<script type=\"application\/ld+json\" class=\"yoast-schema-graph\">{\"@context\":\"https:\/\/schema.org\",\"@graph\":[{\"@type\":\"Article\",\"@id\":\"https:\/\/www.impulsoenergia.eu\/pt-pt\/25-anos-de-aguasdepontapreta-sustentabilidade-inovacao-cabo-verde-app\/#article\",\"isPartOf\":{\"@id\":\"https:\/\/www.impulsoenergia.eu\/pt-pt\/25-anos-de-aguasdepontapreta-sustentabilidade-inovacao-cabo-verde-app\/\"},\"author\":{\"name\":\"mariana\",\"@id\":\"https:\/\/www.impulsoenergia.eu\/#\/schema\/person\/e583955678f0a64694f6b34c7d147ad4\"},\"headline\":\"25 Anos da APP: Cobertura na M\u00eddia\",\"datePublished\":\"2025-05-20T11:03:06+00:00\",\"mainEntityOfPage\":{\"@id\":\"https:\/\/www.impulsoenergia.eu\/pt-pt\/25-anos-de-aguasdepontapreta-sustentabilidade-inovacao-cabo-verde-app\/\"},\"wordCount\":611,\"publisher\":{\"@id\":\"https:\/\/www.impulsoenergia.eu\/#organization\"},\"image\":{\"@id\":\"https:\/\/www.impulsoenergia.eu\/pt-pt\/25-anos-de-aguasdepontapreta-sustentabilidade-inovacao-cabo-verde-app\/#primaryimage\"},\"thumbnailUrl\":\"https:\/\/www.impulsoenergia.eu\/custom\/uploads\/2025\/05\/PHOTO-2025-05-18-15-32-25-copy.jpg\",\"articleSection\":[\"Noticias APP\"],\"inLanguage\":\"pt-PT\"},{\"@type\":\"WebPage\",\"@id\":\"https:\/\/www.impulsoenergia.eu\/pt-pt\/25-anos-de-aguasdepontapreta-sustentabilidade-inovacao-cabo-verde-app\/\",\"url\":\"https:\/\/www.impulsoenergia.eu\/pt-pt\/25-anos-de-aguasdepontapreta-sustentabilidade-inovacao-cabo-verde-app\/\",\"name\":\"25 Anos da APP: Cobertura na M\u00eddia - Impulso Energ\u00eda\",\"isPartOf\":{\"@id\":\"https:\/\/www.impulsoenergia.eu\/#website\"},\"primaryImageOfPage\":{\"@id\":\"https:\/\/www.impulsoenergia.eu\/pt-pt\/25-anos-de-aguasdepontapreta-sustentabilidade-inovacao-cabo-verde-app\/#primaryimage\"},\"image\":{\"@id\":\"https:\/\/www.impulsoenergia.eu\/pt-pt\/25-anos-de-aguasdepontapreta-sustentabilidade-inovacao-cabo-verde-app\/#primaryimage\"},\"thumbnailUrl\":\"https:\/\/www.impulsoenergia.eu\/custom\/uploads\/2025\/05\/PHOTO-2025-05-18-15-32-25-copy.jpg\",\"datePublished\":\"2025-05-20T11:03:06+00:00\",\"description\":\"25 anos da APP: hist\u00f3ria, sustentabilidade, confer\u00eancia sobre reutiliza\u00e7\u00e3o da \u00e1gua e cobertura na m\u00eddia local\",\"breadcrumb\":{\"@id\":\"https:\/\/www.impulsoenergia.eu\/pt-pt\/25-anos-de-aguasdepontapreta-sustentabilidade-inovacao-cabo-verde-app\/#breadcrumb\"},\"inLanguage\":\"pt-PT\",\"potentialAction\":[{\"@type\":\"ReadAction\",\"target\":[\"https:\/\/www.impulsoenergia.eu\/pt-pt\/25-anos-de-aguasdepontapreta-sustentabilidade-inovacao-cabo-verde-app\/\"]}]},{\"@type\":\"ImageObject\",\"inLanguage\":\"pt-PT\",\"@id\":\"https:\/\/www.impulsoenergia.eu\/pt-pt\/25-anos-de-aguasdepontapreta-sustentabilidade-inovacao-cabo-verde-app\/#primaryimage\",\"url\":\"https:\/\/www.impulsoenergia.eu\/custom\/uploads\/2025\/05\/PHOTO-2025-05-18-15-32-25-copy.jpg\",\"contentUrl\":\"https:\/\/www.impulsoenergia.eu\/custom\/uploads\/2025\/05\/PHOTO-2025-05-18-15-32-25-copy.jpg\",\"width\":2500,\"height\":1875,\"caption\":\"Aguas de Ponta Preta 25 a\u00f1os\"},{\"@type\":\"BreadcrumbList\",\"@id\":\"https:\/\/www.impulsoenergia.eu\/pt-pt\/25-anos-de-aguasdepontapreta-sustentabilidade-inovacao-cabo-verde-app\/#breadcrumb\",\"itemListElement\":[{\"@type\":\"ListItem\",\"position\":1,\"name\":\"Portada\",\"item\":\"https:\/\/www.impulsoenergia.eu\/pt-pt\/\"},{\"@type\":\"ListItem\",\"position\":2,\"name\":\"25 Anos da APP: Cobertura na M\u00eddia\"}]},{\"@type\":\"WebSite\",\"@id\":\"https:\/\/www.impulsoenergia.eu\/#website\",\"url\":\"https:\/\/www.impulsoenergia.eu\/\",\"name\":\"Impulso Energ\u00eda\",\"description\":\"Desarrollo e inversi\u00f3n en los sectores de la energ\u00eda y el agua\",\"publisher\":{\"@id\":\"https:\/\/www.impulsoenergia.eu\/#organization\"},\"potentialAction\":[{\"@type\":\"SearchAction\",\"target\":{\"@type\":\"EntryPoint\",\"urlTemplate\":\"https:\/\/www.impulsoenergia.eu\/?s={search_term_string}\"},\"query-input\":{\"@type\":\"PropertyValueSpecification\",\"valueRequired\":true,\"valueName\":\"search_term_string\"}}],\"inLanguage\":\"pt-PT\"},{\"@type\":\"Organization\",\"@id\":\"https:\/\/www.impulsoenergia.eu\/#organization\",\"name\":\"Impulso Energ\u00eda\",\"url\":\"https:\/\/www.impulsoenergia.eu\/\",\"logo\":{\"@type\":\"ImageObject\",\"inLanguage\":\"pt-PT\",\"@id\":\"https:\/\/www.impulsoenergia.eu\/#\/schema\/logo\/image\/\",\"url\":\"https:\/\/www.impulsoenergia.eu\/custom\/uploads\/2022\/09\/logo-impulso.jpg\",\"contentUrl\":\"https:\/\/www.impulsoenergia.eu\/custom\/uploads\/2022\/09\/logo-impulso.jpg\",\"width\":232,\"height\":75,\"caption\":\"Impulso Energ\u00eda\"},\"image\":{\"@id\":\"https:\/\/www.impulsoenergia.eu\/#\/schema\/logo\/image\/\"}},{\"@type\":\"Person\",\"@id\":\"https:\/\/www.impulsoenergia.eu\/#\/schema\/person\/e583955678f0a64694f6b34c7d147ad4\",\"name\":\"mariana\",\"image\":{\"@type\":\"ImageObject\",\"inLanguage\":\"pt-PT\",\"@id\":\"https:\/\/www.impulsoenergia.eu\/#\/schema\/person\/image\/\",\"url\":\"https:\/\/secure.gravatar.com\/avatar\/22f14bf6d28fc4a5972fd4fda110270f8a2632aa691ec6aabd56edead8aa750e?s=96&d=mm&r=g\",\"contentUrl\":\"https:\/\/secure.gravatar.com\/avatar\/22f14bf6d28fc4a5972fd4fda110270f8a2632aa691ec6aabd56edead8aa750e?s=96&d=mm&r=g\",\"caption\":\"mariana\"},\"url\":\"https:\/\/www.impulsoenergia.eu\/pt-pt\/author\/mariana\/\"}]}<\/script>\n<!-- \/ Yoast SEO plugin. -->","yoast_head_json":{"title":"25 Anos da APP: Cobertura na M\u00eddia - Impulso Energ\u00eda","description":"25 anos da APP: hist\u00f3ria, sustentabilidade, confer\u00eancia sobre reutiliza\u00e7\u00e3o da \u00e1gua e cobertura na m\u00eddia local","robots":{"index":"index","follow":"follow","max-snippet":"max-snippet:-1","max-image-preview":"max-image-preview:large","max-video-preview":"max-video-preview:-1"},"canonical":"https:\/\/www.impulsoenergia.eu\/pt-pt\/25-anos-de-aguasdepontapreta-sustentabilidade-inovacao-cabo-verde-app\/","og_locale":"pt_PT","og_type":"article","og_title":"25 Anos da APP: Cobertura na M\u00eddia - Impulso Energ\u00eda","og_description":"25 anos da APP: hist\u00f3ria, sustentabilidade, confer\u00eancia sobre reutiliza\u00e7\u00e3o da \u00e1gua e cobertura na m\u00eddia local","og_url":"https:\/\/www.impulsoenergia.eu\/pt-pt\/25-anos-de-aguasdepontapreta-sustentabilidade-inovacao-cabo-verde-app\/","og_site_name":"Impulso Energ\u00eda","article_published_time":"2025-05-20T11:03:06+00:00","og_image":[{"width":1024,"height":768,"url":"https:\/\/www.impulsoenergia.eu\/custom\/uploads\/2025\/05\/PHOTO-2025-05-18-15-32-25-copy-1024x768.jpg","type":"image\/jpeg"}],"author":"mariana","twitter_card":"summary_large_image","twitter_misc":{"Written by":"mariana","Est. reading time":"4 minutes"},"schema":{"@context":"https:\/\/schema.org","@graph":[{"@type":"Article","@id":"https:\/\/www.impulsoenergia.eu\/pt-pt\/25-anos-de-aguasdepontapreta-sustentabilidade-inovacao-cabo-verde-app\/#article","isPartOf":{"@id":"https:\/\/www.impulsoenergia.eu\/pt-pt\/25-anos-de-aguasdepontapreta-sustentabilidade-inovacao-cabo-verde-app\/"},"author":{"name":"mariana","@id":"https:\/\/www.impulsoenergia.eu\/#\/schema\/person\/e583955678f0a64694f6b34c7d147ad4"},"headline":"25 Anos da APP: Cobertura na M\u00eddia","datePublished":"2025-05-20T11:03:06+00:00","mainEntityOfPage":{"@id":"https:\/\/www.impulsoenergia.eu\/pt-pt\/25-anos-de-aguasdepontapreta-sustentabilidade-inovacao-cabo-verde-app\/"},"wordCount":611,"publisher":{"@id":"https:\/\/www.impulsoenergia.eu\/#organization"},"image":{"@id":"https:\/\/www.impulsoenergia.eu\/pt-pt\/25-anos-de-aguasdepontapreta-sustentabilidade-inovacao-cabo-verde-app\/#primaryimage"},"thumbnailUrl":"https:\/\/www.impulsoenergia.eu\/custom\/uploads\/2025\/05\/PHOTO-2025-05-18-15-32-25-copy.jpg","articleSection":["Noticias APP"],"inLanguage":"pt-PT"},{"@type":"WebPage","@id":"https:\/\/www.impulsoenergia.eu\/pt-pt\/25-anos-de-aguasdepontapreta-sustentabilidade-inovacao-cabo-verde-app\/","url":"https:\/\/www.impulsoenergia.eu\/pt-pt\/25-anos-de-aguasdepontapreta-sustentabilidade-inovacao-cabo-verde-app\/","name":"25 Anos da APP: Cobertura na M\u00eddia - Impulso Energ\u00eda","isPartOf":{"@id":"https:\/\/www.impulsoenergia.eu\/#website"},"primaryImageOfPage":{"@id":"https:\/\/www.impulsoenergia.eu\/pt-pt\/25-anos-de-aguasdepontapreta-sustentabilidade-inovacao-cabo-verde-app\/#primaryimage"},"image":{"@id":"https:\/\/www.impulsoenergia.eu\/pt-pt\/25-anos-de-aguasdepontapreta-sustentabilidade-inovacao-cabo-verde-app\/#primaryimage"},"thumbnailUrl":"https:\/\/www.impulsoenergia.eu\/custom\/uploads\/2025\/05\/PHOTO-2025-05-18-15-32-25-copy.jpg","datePublished":"2025-05-20T11:03:06+00:00","description":"25 anos da APP: hist\u00f3ria, sustentabilidade, confer\u00eancia sobre reutiliza\u00e7\u00e3o da \u00e1gua e cobertura na m\u00eddia local","breadcrumb":{"@id":"https:\/\/www.impulsoenergia.eu\/pt-pt\/25-anos-de-aguasdepontapreta-sustentabilidade-inovacao-cabo-verde-app\/#breadcrumb"},"inLanguage":"pt-PT","potentialAction":[{"@type":"ReadAction","target":["https:\/\/www.impulsoenergia.eu\/pt-pt\/25-anos-de-aguasdepontapreta-sustentabilidade-inovacao-cabo-verde-app\/"]}]},{"@type":"ImageObject","inLanguage":"pt-PT","@id":"https:\/\/www.impulsoenergia.eu\/pt-pt\/25-anos-de-aguasdepontapreta-sustentabilidade-inovacao-cabo-verde-app\/#primaryimage","url":"https:\/\/www.impulsoenergia.eu\/custom\/uploads\/2025\/05\/PHOTO-2025-05-18-15-32-25-copy.jpg","contentUrl":"https:\/\/www.impulsoenergia.eu\/custom\/uploads\/2025\/05\/PHOTO-2025-05-18-15-32-25-copy.jpg","width":2500,"height":1875,"caption":"Aguas de Ponta Preta 25 a\u00f1os"},{"@type":"BreadcrumbList","@id":"https:\/\/www.impulsoenergia.eu\/pt-pt\/25-anos-de-aguasdepontapreta-sustentabilidade-inovacao-cabo-verde-app\/#breadcrumb","itemListElement":[{"@type":"ListItem","position":1,"name":"Portada","item":"https:\/\/www.impulsoenergia.eu\/pt-pt\/"},{"@type":"ListItem","position":2,"name":"25 Anos da APP: Cobertura na M\u00eddia"}]},{"@type":"WebSite","@id":"https:\/\/www.impulsoenergia.eu\/#website","url":"https:\/\/www.impulsoenergia.eu\/","name":"Impulso Energ\u00eda","description":"Desarrollo e inversi\u00f3n en los sectores de la energ\u00eda y el agua","publisher":{"@id":"https:\/\/www.impulsoenergia.eu\/#organization"},"potentialAction":[{"@type":"SearchAction","target":{"@type":"EntryPoint","urlTemplate":"https:\/\/www.impulsoenergia.eu\/?s={search_term_string}"},"query-input":{"@type":"PropertyValueSpecification","valueRequired":true,"valueName":"search_term_string"}}],"inLanguage":"pt-PT"},{"@type":"Organization","@id":"https:\/\/www.impulsoenergia.eu\/#organization","name":"Impulso Energ\u00eda","url":"https:\/\/www.impulsoenergia.eu\/","logo":{"@type":"ImageObject","inLanguage":"pt-PT","@id":"https:\/\/www.impulsoenergia.eu\/#\/schema\/logo\/image\/","url":"https:\/\/www.impulsoenergia.eu\/custom\/uploads\/2022\/09\/logo-impulso.jpg","contentUrl":"https:\/\/www.impulsoenergia.eu\/custom\/uploads\/2022\/09\/logo-impulso.jpg","width":232,"height":75,"caption":"Impulso Energ\u00eda"},"image":{"@id":"https:\/\/www.impulsoenergia.eu\/#\/schema\/logo\/image\/"}},{"@type":"Person","@id":"https:\/\/www.impulsoenergia.eu\/#\/schema\/person\/e583955678f0a64694f6b34c7d147ad4","name":"mariana","image":{"@type":"ImageObject","inLanguage":"pt-PT","@id":"https:\/\/www.impulsoenergia.eu\/#\/schema\/person\/image\/","url":"https:\/\/secure.gravatar.com\/avatar\/22f14bf6d28fc4a5972fd4fda110270f8a2632aa691ec6aabd56edead8aa750e?s=96&d=mm&r=g","contentUrl":"https:\/\/secure.gravatar.com\/avatar\/22f14bf6d28fc4a5972fd4fda110270f8a2632aa691ec6aabd56edead8aa750e?s=96&d=mm&r=g","caption":"mariana"},"url":"https:\/\/www.impulsoenergia.eu\/pt-pt\/author\/mariana\/"}]}},"_links":{"self":[{"href":"https:\/\/www.impulsoenergia.eu\/pt-pt\/wp-json\/wp\/v2\/posts\/1615","targetHints":{"allow":["GET"]}}],"collection":[{"href":"https:\/\/www.impulsoenergia.eu\/pt-pt\/wp-json\/wp\/v2\/posts"}],"about":[{"href":"https:\/\/www.impulsoenergia.eu\/pt-pt\/wp-json\/wp\/v2\/types\/post"}],"author":[{"embeddable":true,"href":"https:\/\/www.impulsoenergia.eu\/pt-pt\/wp-json\/wp\/v2\/users\/2"}],"replies":[{"embeddable":true,"href":"https:\/\/www.impulsoenergia.eu\/pt-pt\/wp-json\/wp\/v2\/comments?post=1615"}],"version-history":[{"count":1,"href":"https:\/\/www.impulsoenergia.eu\/pt-pt\/wp-json\/wp\/v2\/posts\/1615\/revisions"}],"predecessor-version":[{"id":1616,"href":"https:\/\/www.impulsoenergia.eu\/pt-pt\/wp-json\/wp\/v2\/posts\/1615\/revisions\/1616"}],"wp:featuredmedia":[{"embeddable":true,"href":"https:\/\/www.impulsoenergia.eu\/pt-pt\/wp-json\/wp\/v2\/media\/1598"}],"wp:attachment":[{"href":"https:\/\/www.impulsoenergia.eu\/pt-pt\/wp-json\/wp\/v2\/media?parent=1615"}],"wp:term":[{"taxonomy":"category","embeddable":true,"href":"https:\/\/www.impulsoenergia.eu\/pt-pt\/wp-json\/wp\/v2\/categories?post=1615"}],"curies":[{"name":"wp","href":"https:\/\/api.w.org\/{rel}","templated":true}]}}