{"id":1579,"date":"2025-05-19T10:26:33","date_gmt":"2025-05-19T10:26:33","guid":{"rendered":"https:\/\/www.impulsoenergia.eu\/?p=1579"},"modified":"2025-05-20T12:03:49","modified_gmt":"2025-05-20T12:03:49","slug":"aguas-de-ponta-preta-25-anos-liderando-solucoes-sustentaveis","status":"publish","type":"post","link":"https:\/\/www.impulsoenergia.eu\/pt-pt\/aguas-de-ponta-preta-25-anos-liderando-solucoes-sustentaveis\/","title":{"rendered":"\u00c1guas de Ponta Preta: 25 anos liderando solu\u00e7\u00f5es sustent\u00e1veis"},"content":{"rendered":"<h1 style=\"text-align: center;\">\u00c1gua, Energia e Mobilidade em Cabo Verde<\/h1>\n<p class=\"\" data-start=\"236\" data-end=\"630\">Em 2025, a <strong>\u00c1guas de Ponta Preta (APP)<\/strong> celebra 25 anos de opera\u00e7\u00e3o cont\u00ednua na ilha do Sal, Cabo Verde. Esta data marca um quarto de s\u00e9culo de compromisso com a presta\u00e7\u00e3o de servi\u00e7os essenciais em um ambiente insular, onde os desafios de acesso \u00e0 \u00e1gua, energia e saneamento exigem solu\u00e7\u00f5es t\u00e9cnicas robustas, sustent\u00e1veis e adaptadas ao territ\u00f3rio.<\/p>\n<p class=\"\" data-start=\"632\" data-end=\"890\">Fundada no ano 2000, a APP nasceu para atender \u00e0s necessidades b\u00e1sicas da Urbaniza\u00e7\u00e3o de Ponta Preta. Desde ent\u00e3o, cresceu at\u00e9 se tornar a <strong>principal utility privada de \u00e1gua e energia do pa\u00eds<\/strong>, operando sob uma l\u00f3gica de gest\u00e3o integrada e inova\u00e7\u00e3o permanente.<\/p>\n<p class=\"\" data-start=\"892\" data-end=\"1108\">Como parte do <strong>Grupo Impulso<\/strong>, a APP tem liderado processos de transforma\u00e7\u00e3o tecnol\u00f3gica, efici\u00eancia operacional e responsabilidade ambiental, consolidando-se como um agente chave na transi\u00e7\u00e3o energ\u00e9tica de Cabo Verde.<\/p>\n<div id=\"attachment_1583\" style=\"width: 622px\" class=\"wp-caption aligncenter\"><img loading=\"lazy\" decoding=\"async\" aria-describedby=\"caption-attachment-1583\" class=\" wp-image-1583\" src=\"https:\/\/www.impulsoenergia.eu\/custom\/uploads\/2025\/05\/APP-25_ANUNCIO-228x300.jpg\" alt=\"\" width=\"612\" height=\"805\" srcset=\"https:\/\/www.impulsoenergia.eu\/custom\/uploads\/2025\/05\/APP-25_ANUNCIO-228x300.jpg 228w, https:\/\/www.impulsoenergia.eu\/custom\/uploads\/2025\/05\/APP-25_ANUNCIO-779x1024.jpg 779w, https:\/\/www.impulsoenergia.eu\/custom\/uploads\/2025\/05\/APP-25_ANUNCIO-768x1009.jpg 768w, https:\/\/www.impulsoenergia.eu\/custom\/uploads\/2025\/05\/APP-25_ANUNCIO.jpg 800w\" sizes=\"auto, (max-width: 612px) 100vw, 612px\" \/><p id=\"caption-attachment-1583\" class=\"wp-caption-text\">25 anos de \u00c1guas de Ponta Preta<\/p><\/div>\n<h2 data-start=\"892\" data-end=\"1108\"><strong data-start=\"1226\" data-end=\"1273\">Uma opera\u00e7\u00e3o integrada com base tecnol\u00f3gica<\/strong><\/h2>\n<p class=\"\" data-start=\"1275\" data-end=\"1520\">A estrat\u00e9gia da APP concentra-se na <a href=\"https:\/\/aguaspp.com\/agua-e-energia\/\">gest\u00e3o integrada dos ciclos da \u00e1gua e da energia<\/a>, desenvolvendo solu\u00e7\u00f5es que combinam efici\u00eancia t\u00e9cnica, viabilidade econ\u00f4mica e sustentabilidade ambiental. Entre suas principais \u00e1reas de atua\u00e7\u00e3o destacam-se:<\/p>\n<h3 data-start=\"1522\" data-end=\"1882\"><strong data-start=\"1522\" data-end=\"1565\">Produ\u00e7\u00e3o e distribui\u00e7\u00e3o de \u00e1gua pot\u00e1vel<\/strong><\/h3>\n<p data-start=\"1522\" data-end=\"1882\">A APP opera uma central de <strong>dessaliniza\u00e7\u00e3o de \u00e1gua do mar<\/strong> com tecnologia de <strong>osmose inversa e recupera\u00e7\u00e3o de energia por c\u00e2maras isob\u00e1ricas<\/strong>, alcan\u00e7ando uma capacidade de produ\u00e7\u00e3o de at\u00e9 <strong>3.000 m\u00b3\/dia<\/strong>. Esse sistema garante um fornecimento cont\u00ednuo e eficiente em um ambiente naturalmente limitado em recursos h\u00eddricos.<\/p>\n<h3 data-start=\"1884\" data-end=\"2227\"><strong data-start=\"1884\" data-end=\"1932\">Tratamento e reutiliza\u00e7\u00e3o de \u00e1guas residuais<\/strong><\/h3>\n<p class=\"\" data-start=\"1884\" data-end=\"2227\">A empresa gere um <a href=\"https:\/\/www.impulsoenergia.eu\/proyectos\/estacion-de-tratamiento-de-aguas-residuales-etar-de-santa-maria-isla-de-sal-cabo-verde\/\">sistema de tratamento em tr\u00eas fases (prim\u00e1ria, secund\u00e1ria e terci\u00e1ria)<\/a>, que permite a <strong>reutiliza\u00e7\u00e3o da \u00e1gua tratada<\/strong> para irriga\u00e7\u00e3o de jardins ornamentais, com capacidade de <strong>1.000 m\u00b3\/dia<\/strong>, promovendo a <strong>economia circular da \u00e1gua<\/strong> e reduzindo a press\u00e3o sobre os recursos naturais.<\/p>\n<h3 data-start=\"2229\" data-end=\"2590\"><strong data-start=\"2229\" data-end=\"2275\">Gera\u00e7\u00e3o e distribui\u00e7\u00e3o de energia el\u00e9trica<\/strong><\/h3>\n<p class=\"\" data-start=\"2229\" data-end=\"2590\">Por meio da sua divis\u00e3o <a href=\"http:\/\/www.impulsosolar.com\">APP Solar<\/a>, a empresa opera <strong>centrais el\u00e9tricas distribu\u00eddas<\/strong> com capacidade instalada de <strong>7,6 MW,<\/strong> integrando fontes convencionais (fuel\u00f3leo e gas\u00f3leo) com <strong>energia solar fotovoltaica<\/strong>. Esta abordagem h\u00edbrida representa um passo fundamental para a <strong>descarboniza\u00e7\u00e3o do sistema energ\u00e9tico insular<\/strong>.<\/p>\n<h3 data-start=\"2592\" data-end=\"2935\"><strong data-start=\"2592\" data-end=\"2635\">Infraestrutura para mobilidade el\u00e9trica<\/strong><\/h3>\n<p class=\"\" data-start=\"2592\" data-end=\"2935\">Atrav\u00e9s da <a href=\"https:\/\/x.com\/tecvSA\">TECV (Trac\u00e7\u00f5es El\u00e9tricas de Cabo Verde)<\/a>, a APP desenvolveu uma <strong>rede nacional de esta\u00e7\u00f5es de carregamento para ve\u00edculos el\u00e9tricos<\/strong>, com cobertura em todas as ilhas habitadas. A rede \u00e9 gerida por uma <strong>plataforma inteligente de autogest\u00e3o<\/strong>, promovendo uma mobilidade mais limpa e sustent\u00e1vel.<\/p>\n<h3 data-start=\"2937\" data-end=\"3167\"><strong data-start=\"2937\" data-end=\"2987\">Servi\u00e7os complementares com efici\u00eancia h\u00eddrica<\/strong><\/h3>\n<p class=\"\" data-start=\"2937\" data-end=\"3167\">Em colabora\u00e7\u00e3o com a <a href=\"https:\/\/aguaspp.com\/lavandaria\/\">NETSAL<\/a>, a APP gere uma <strong>unidade de lavandaria industrial<\/strong> na ilha do Sal, operando com crit\u00e9rios de efici\u00eancia no uso da \u00e1gua e padr\u00f5es de controle ambiental.<\/p>\n<h2 data-start=\"3174\" data-end=\"3216\"><strong data-start=\"3178\" data-end=\"3216\">Compromisso com a sustentabilidade<\/strong><\/h2>\n<p class=\"\" data-start=\"3218\" data-end=\"3367\">Para al\u00e9m da sua atividade operacional, a APP tem-se destacado pela promo\u00e7\u00e3o de projetos estrat\u00e9gicos com alto impacto ambiental e social, incluindo:<\/p>\n<ul data-start=\"3369\" data-end=\"3930\">\n<li class=\"\" data-start=\"3369\" data-end=\"3539\">\n<p class=\"\" data-start=\"3371\" data-end=\"3539\"><strong>Implementa\u00e7\u00e3o de centrais solares<\/strong> com certifica\u00e7\u00e3o para o <strong>Mercado de Carbono<\/strong>, sendo o <a href=\"https:\/\/registry.goldstandard.org\/projects?q=&amp;page=1&amp;is_certified_design=true&amp;countries=CV\">primeiro projeto no pa\u00eds<\/a> a obter essa valida\u00e7\u00e3o internacional com energia solar.<\/p>\n<\/li>\n<li class=\"\" data-start=\"3540\" data-end=\"3739\">\n<p class=\"\" data-start=\"3542\" data-end=\"3739\"><strong>Colabora\u00e7\u00e3o com o Governo de Cabo Verde<\/strong> para a instala\u00e7\u00e3o e opera\u00e7\u00e3o de <a href=\"https:\/\/www.impulsoenergia.eu\/premios-internacionales-movilidad-2025-caboverde\/\"><strong>40 esta\u00e7\u00f5es p\u00fablicas de carregamento el\u00e9trico<\/strong>, no \u00e2mbito do projeto<strong> ProMEC<\/strong><\/a> (Promo\u00e7\u00e3o da Mobilidade El\u00e9trica em Cabo Verde).<\/p>\n<\/li>\n<li class=\"\" data-start=\"3740\" data-end=\"3930\">\n<p class=\"\" data-start=\"3742\" data-end=\"3930\"><strong>Elabora\u00e7\u00e3o de <a href=\"https:\/\/aguaspp.com\/wp-content\/uploads\/2024\/04\/plano.pdf\">um Plano de Igualdade e Equidade de G\u00eanero<\/a><\/strong>, promovendo condi\u00e7\u00f5es equitativas de acesso a oportunidades, recursos e servi\u00e7os, tanto no ambiente de trabalho como na comunidade.<\/p>\n<\/li>\n<\/ul>\n<h3 data-start=\"3937\" data-end=\"4010\"><\/h3>\n<h2 data-start=\"3937\" data-end=\"4010\"><strong data-start=\"3941\" data-end=\"4010\">Uma vis\u00e3o compartilhada: construir o futuro a partir do essencial<\/strong><\/h2>\n<p class=\"\" data-start=\"4012\" data-end=\"4272\">Desde o <strong>Grupo Impulso<\/strong>, celebramos este marco com orgulho. A APP representa um modelo de gest\u00e3o que alia <strong>tecnologia, sustentabilidade e impacto local<\/strong>, alinhado com a nossa vis\u00e3o de promover solu\u00e7\u00f5es integradas para o desenvolvimento de territ\u00f3rios sustent\u00e1veis.<\/p>\n<h1 data-start=\"4274\" data-end=\"4366\"><strong data-start=\"4274\" data-end=\"4366\">\u00c1guas de Ponta Preta, 25 anos liderando o presente e construindo o futuro de Cabo Verde.<\/strong><\/h1>\n<p class=\"\" data-start=\"4368\" data-end=\"4447\">Saiba mais sobre a atividade da APP no seu perfil no <a href=\"https:\/\/x.com\/AguasPontaPreta\">Twitter<\/a> e no <a href=\"https:\/\/aguaspp.com\/\">site oficial<\/a>.<\/p>\n<p class=\"\" data-start=\"1110\" data-end=\"1215\">\n","protected":false},"excerpt":{"rendered":"<p>\u00c1gua, Energia e Mobilidade em Cabo Verde Em 2025, a \u00c1guas de Ponta Preta (APP) celebra 25 anos de opera\u00e7\u00e3o [&hellip;]<\/p>\n","protected":false},"author":2,"featured_media":1580,"comment_status":"closed","ping_status":"closed","sticky":false,"template":"","format":"standard","meta":{"_acf_changed":false,"footnotes":""},"categories":[61],"class_list":["post-1579","post","type-post","status-publish","format-standard","has-post-thumbnail","hentry","category-app-pt-pt"],"acf":[],"yoast_head":"<!-- This site is optimized with the Yoast SEO plugin v25.6 - https:\/\/yoast.com\/wordpress\/plugins\/seo\/ -->\n<title>\u00c1guas de Ponta Preta: 25 anos liderando solu\u00e7\u00f5es sustent\u00e1veis - Impulso Energ\u00eda<\/title>\n<meta name=\"description\" content=\"A APP celebra 25 anos como a principal utility privada de Cabo Verde, integrando \u00e1gua, energia e mobilidade sustent\u00e1vel com solu\u00e7\u00f5es inovadoras.\" \/>\n<meta name=\"robots\" content=\"index, follow, max-snippet:-1, max-image-preview:large, max-video-preview:-1\" \/>\n<link rel=\"canonical\" href=\"https:\/\/www.impulsoenergia.eu\/pt-pt\/aguas-de-ponta-preta-25-anos-liderando-solucoes-sustentaveis\/\" \/>\n<meta property=\"og:locale\" content=\"pt_PT\" \/>\n<meta property=\"og:type\" content=\"article\" \/>\n<meta property=\"og:title\" content=\"\u00c1guas de Ponta Preta: 25 anos liderando solu\u00e7\u00f5es sustent\u00e1veis - Impulso Energ\u00eda\" \/>\n<meta property=\"og:description\" content=\"A APP celebra 25 anos como a principal utility privada de Cabo Verde, integrando \u00e1gua, energia e mobilidade sustent\u00e1vel com solu\u00e7\u00f5es inovadoras.\" \/>\n<meta property=\"og:url\" content=\"https:\/\/www.impulsoenergia.eu\/pt-pt\/aguas-de-ponta-preta-25-anos-liderando-solucoes-sustentaveis\/\" \/>\n<meta property=\"og:site_name\" content=\"Impulso Energ\u00eda\" \/>\n<meta property=\"article:published_time\" content=\"2025-05-19T10:26:33+00:00\" \/>\n<meta property=\"article:modified_time\" content=\"2025-05-20T12:03:49+00:00\" \/>\n<meta property=\"og:image\" content=\"https:\/\/www.impulsoenergia.eu\/custom\/uploads\/2025\/05\/APP-25_ANUNCIO.jpg\" \/>\n\t<meta property=\"og:image:width\" content=\"800\" \/>\n\t<meta property=\"og:image:height\" content=\"1051\" \/>\n\t<meta property=\"og:image:type\" content=\"image\/jpeg\" \/>\n<meta name=\"author\" content=\"mariana\" \/>\n<meta name=\"twitter:card\" content=\"summary_large_image\" \/>\n<meta name=\"twitter:label1\" content=\"Written by\" \/>\n\t<meta name=\"twitter:data1\" content=\"mariana\" \/>\n\t<meta name=\"twitter:label2\" content=\"Est. reading time\" \/>\n\t<meta name=\"twitter:data2\" content=\"4 minutes\" \/>\n<script type=\"application\/ld+json\" class=\"yoast-schema-graph\">{\"@context\":\"https:\/\/schema.org\",\"@graph\":[{\"@type\":\"Article\",\"@id\":\"https:\/\/www.impulsoenergia.eu\/pt-pt\/aguas-de-ponta-preta-25-anos-liderando-solucoes-sustentaveis\/#article\",\"isPartOf\":{\"@id\":\"https:\/\/www.impulsoenergia.eu\/pt-pt\/aguas-de-ponta-preta-25-anos-liderando-solucoes-sustentaveis\/\"},\"author\":{\"name\":\"mariana\",\"@id\":\"https:\/\/www.impulsoenergia.eu\/#\/schema\/person\/e583955678f0a64694f6b34c7d147ad4\"},\"headline\":\"\u00c1guas de Ponta Preta: 25 anos liderando solu\u00e7\u00f5es sustent\u00e1veis\",\"datePublished\":\"2025-05-19T10:26:33+00:00\",\"dateModified\":\"2025-05-20T12:03:49+00:00\",\"mainEntityOfPage\":{\"@id\":\"https:\/\/www.impulsoenergia.eu\/pt-pt\/aguas-de-ponta-preta-25-anos-liderando-solucoes-sustentaveis\/\"},\"wordCount\":721,\"publisher\":{\"@id\":\"https:\/\/www.impulsoenergia.eu\/#organization\"},\"image\":{\"@id\":\"https:\/\/www.impulsoenergia.eu\/pt-pt\/aguas-de-ponta-preta-25-anos-liderando-solucoes-sustentaveis\/#primaryimage\"},\"thumbnailUrl\":\"https:\/\/www.impulsoenergia.eu\/custom\/uploads\/2025\/05\/APP-25_ANUNCIO.jpg\",\"articleSection\":[\"Noticias APP\"],\"inLanguage\":\"pt-PT\"},{\"@type\":\"WebPage\",\"@id\":\"https:\/\/www.impulsoenergia.eu\/pt-pt\/aguas-de-ponta-preta-25-anos-liderando-solucoes-sustentaveis\/\",\"url\":\"https:\/\/www.impulsoenergia.eu\/pt-pt\/aguas-de-ponta-preta-25-anos-liderando-solucoes-sustentaveis\/\",\"name\":\"\u00c1guas de Ponta Preta: 25 anos liderando solu\u00e7\u00f5es sustent\u00e1veis - Impulso Energ\u00eda\",\"isPartOf\":{\"@id\":\"https:\/\/www.impulsoenergia.eu\/#website\"},\"primaryImageOfPage\":{\"@id\":\"https:\/\/www.impulsoenergia.eu\/pt-pt\/aguas-de-ponta-preta-25-anos-liderando-solucoes-sustentaveis\/#primaryimage\"},\"image\":{\"@id\":\"https:\/\/www.impulsoenergia.eu\/pt-pt\/aguas-de-ponta-preta-25-anos-liderando-solucoes-sustentaveis\/#primaryimage\"},\"thumbnailUrl\":\"https:\/\/www.impulsoenergia.eu\/custom\/uploads\/2025\/05\/APP-25_ANUNCIO.jpg\",\"datePublished\":\"2025-05-19T10:26:33+00:00\",\"dateModified\":\"2025-05-20T12:03:49+00:00\",\"description\":\"A APP celebra 25 anos como a principal utility privada de Cabo Verde, integrando \u00e1gua, energia e mobilidade sustent\u00e1vel com solu\u00e7\u00f5es inovadoras.\",\"breadcrumb\":{\"@id\":\"https:\/\/www.impulsoenergia.eu\/pt-pt\/aguas-de-ponta-preta-25-anos-liderando-solucoes-sustentaveis\/#breadcrumb\"},\"inLanguage\":\"pt-PT\",\"potentialAction\":[{\"@type\":\"ReadAction\",\"target\":[\"https:\/\/www.impulsoenergia.eu\/pt-pt\/aguas-de-ponta-preta-25-anos-liderando-solucoes-sustentaveis\/\"]}]},{\"@type\":\"ImageObject\",\"inLanguage\":\"pt-PT\",\"@id\":\"https:\/\/www.impulsoenergia.eu\/pt-pt\/aguas-de-ponta-preta-25-anos-liderando-solucoes-sustentaveis\/#primaryimage\",\"url\":\"https:\/\/www.impulsoenergia.eu\/custom\/uploads\/2025\/05\/APP-25_ANUNCIO.jpg\",\"contentUrl\":\"https:\/\/www.impulsoenergia.eu\/custom\/uploads\/2025\/05\/APP-25_ANUNCIO.jpg\",\"width\":800,\"height\":1051,\"caption\":\"25 a\u00f1os de \u00c1guas de Ponta Preta\"},{\"@type\":\"BreadcrumbList\",\"@id\":\"https:\/\/www.impulsoenergia.eu\/pt-pt\/aguas-de-ponta-preta-25-anos-liderando-solucoes-sustentaveis\/#breadcrumb\",\"itemListElement\":[{\"@type\":\"ListItem\",\"position\":1,\"name\":\"Portada\",\"item\":\"https:\/\/www.impulsoenergia.eu\/pt-pt\/\"},{\"@type\":\"ListItem\",\"position\":2,\"name\":\"\u00c1guas de Ponta Preta: 25 anos liderando solu\u00e7\u00f5es sustent\u00e1veis\"}]},{\"@type\":\"WebSite\",\"@id\":\"https:\/\/www.impulsoenergia.eu\/#website\",\"url\":\"https:\/\/www.impulsoenergia.eu\/\",\"name\":\"Impulso Energ\u00eda\",\"description\":\"Desarrollo e inversi\u00f3n en los sectores de la energ\u00eda y el agua\",\"publisher\":{\"@id\":\"https:\/\/www.impulsoenergia.eu\/#organization\"},\"potentialAction\":[{\"@type\":\"SearchAction\",\"target\":{\"@type\":\"EntryPoint\",\"urlTemplate\":\"https:\/\/www.impulsoenergia.eu\/?s={search_term_string}\"},\"query-input\":{\"@type\":\"PropertyValueSpecification\",\"valueRequired\":true,\"valueName\":\"search_term_string\"}}],\"inLanguage\":\"pt-PT\"},{\"@type\":\"Organization\",\"@id\":\"https:\/\/www.impulsoenergia.eu\/#organization\",\"name\":\"Impulso Energ\u00eda\",\"url\":\"https:\/\/www.impulsoenergia.eu\/\",\"logo\":{\"@type\":\"ImageObject\",\"inLanguage\":\"pt-PT\",\"@id\":\"https:\/\/www.impulsoenergia.eu\/#\/schema\/logo\/image\/\",\"url\":\"https:\/\/www.impulsoenergia.eu\/custom\/uploads\/2022\/09\/logo-impulso.jpg\",\"contentUrl\":\"https:\/\/www.impulsoenergia.eu\/custom\/uploads\/2022\/09\/logo-impulso.jpg\",\"width\":232,\"height\":75,\"caption\":\"Impulso Energ\u00eda\"},\"image\":{\"@id\":\"https:\/\/www.impulsoenergia.eu\/#\/schema\/logo\/image\/\"}},{\"@type\":\"Person\",\"@id\":\"https:\/\/www.impulsoenergia.eu\/#\/schema\/person\/e583955678f0a64694f6b34c7d147ad4\",\"name\":\"mariana\",\"image\":{\"@type\":\"ImageObject\",\"inLanguage\":\"pt-PT\",\"@id\":\"https:\/\/www.impulsoenergia.eu\/#\/schema\/person\/image\/\",\"url\":\"https:\/\/secure.gravatar.com\/avatar\/22f14bf6d28fc4a5972fd4fda110270f8a2632aa691ec6aabd56edead8aa750e?s=96&d=mm&r=g\",\"contentUrl\":\"https:\/\/secure.gravatar.com\/avatar\/22f14bf6d28fc4a5972fd4fda110270f8a2632aa691ec6aabd56edead8aa750e?s=96&d=mm&r=g\",\"caption\":\"mariana\"},\"url\":\"https:\/\/www.impulsoenergia.eu\/pt-pt\/author\/mariana\/\"}]}<\/script>\n<!-- \/ Yoast SEO plugin. -->","yoast_head_json":{"title":"\u00c1guas de Ponta Preta: 25 anos liderando solu\u00e7\u00f5es sustent\u00e1veis - Impulso Energ\u00eda","description":"A APP celebra 25 anos como a principal utility privada de Cabo Verde, integrando \u00e1gua, energia e mobilidade sustent\u00e1vel com solu\u00e7\u00f5es inovadoras.","robots":{"index":"index","follow":"follow","max-snippet":"max-snippet:-1","max-image-preview":"max-image-preview:large","max-video-preview":"max-video-preview:-1"},"canonical":"https:\/\/www.impulsoenergia.eu\/pt-pt\/aguas-de-ponta-preta-25-anos-liderando-solucoes-sustentaveis\/","og_locale":"pt_PT","og_type":"article","og_title":"\u00c1guas de Ponta Preta: 25 anos liderando solu\u00e7\u00f5es sustent\u00e1veis - Impulso Energ\u00eda","og_description":"A APP celebra 25 anos como a principal utility privada de Cabo Verde, integrando \u00e1gua, energia e mobilidade sustent\u00e1vel com solu\u00e7\u00f5es inovadoras.","og_url":"https:\/\/www.impulsoenergia.eu\/pt-pt\/aguas-de-ponta-preta-25-anos-liderando-solucoes-sustentaveis\/","og_site_name":"Impulso Energ\u00eda","article_published_time":"2025-05-19T10:26:33+00:00","article_modified_time":"2025-05-20T12:03:49+00:00","og_image":[{"width":800,"height":1051,"url":"https:\/\/www.impulsoenergia.eu\/custom\/uploads\/2025\/05\/APP-25_ANUNCIO.jpg","type":"image\/jpeg"}],"author":"mariana","twitter_card":"summary_large_image","twitter_misc":{"Written by":"mariana","Est. reading time":"4 minutes"},"schema":{"@context":"https:\/\/schema.org","@graph":[{"@type":"Article","@id":"https:\/\/www.impulsoenergia.eu\/pt-pt\/aguas-de-ponta-preta-25-anos-liderando-solucoes-sustentaveis\/#article","isPartOf":{"@id":"https:\/\/www.impulsoenergia.eu\/pt-pt\/aguas-de-ponta-preta-25-anos-liderando-solucoes-sustentaveis\/"},"author":{"name":"mariana","@id":"https:\/\/www.impulsoenergia.eu\/#\/schema\/person\/e583955678f0a64694f6b34c7d147ad4"},"headline":"\u00c1guas de Ponta Preta: 25 anos liderando solu\u00e7\u00f5es sustent\u00e1veis","datePublished":"2025-05-19T10:26:33+00:00","dateModified":"2025-05-20T12:03:49+00:00","mainEntityOfPage":{"@id":"https:\/\/www.impulsoenergia.eu\/pt-pt\/aguas-de-ponta-preta-25-anos-liderando-solucoes-sustentaveis\/"},"wordCount":721,"publisher":{"@id":"https:\/\/www.impulsoenergia.eu\/#organization"},"image":{"@id":"https:\/\/www.impulsoenergia.eu\/pt-pt\/aguas-de-ponta-preta-25-anos-liderando-solucoes-sustentaveis\/#primaryimage"},"thumbnailUrl":"https:\/\/www.impulsoenergia.eu\/custom\/uploads\/2025\/05\/APP-25_ANUNCIO.jpg","articleSection":["Noticias APP"],"inLanguage":"pt-PT"},{"@type":"WebPage","@id":"https:\/\/www.impulsoenergia.eu\/pt-pt\/aguas-de-ponta-preta-25-anos-liderando-solucoes-sustentaveis\/","url":"https:\/\/www.impulsoenergia.eu\/pt-pt\/aguas-de-ponta-preta-25-anos-liderando-solucoes-sustentaveis\/","name":"\u00c1guas de Ponta Preta: 25 anos liderando solu\u00e7\u00f5es sustent\u00e1veis - Impulso Energ\u00eda","isPartOf":{"@id":"https:\/\/www.impulsoenergia.eu\/#website"},"primaryImageOfPage":{"@id":"https:\/\/www.impulsoenergia.eu\/pt-pt\/aguas-de-ponta-preta-25-anos-liderando-solucoes-sustentaveis\/#primaryimage"},"image":{"@id":"https:\/\/www.impulsoenergia.eu\/pt-pt\/aguas-de-ponta-preta-25-anos-liderando-solucoes-sustentaveis\/#primaryimage"},"thumbnailUrl":"https:\/\/www.impulsoenergia.eu\/custom\/uploads\/2025\/05\/APP-25_ANUNCIO.jpg","datePublished":"2025-05-19T10:26:33+00:00","dateModified":"2025-05-20T12:03:49+00:00","description":"A APP celebra 25 anos como a principal utility privada de Cabo Verde, integrando \u00e1gua, energia e mobilidade sustent\u00e1vel com solu\u00e7\u00f5es inovadoras.","breadcrumb":{"@id":"https:\/\/www.impulsoenergia.eu\/pt-pt\/aguas-de-ponta-preta-25-anos-liderando-solucoes-sustentaveis\/#breadcrumb"},"inLanguage":"pt-PT","potentialAction":[{"@type":"ReadAction","target":["https:\/\/www.impulsoenergia.eu\/pt-pt\/aguas-de-ponta-preta-25-anos-liderando-solucoes-sustentaveis\/"]}]},{"@type":"ImageObject","inLanguage":"pt-PT","@id":"https:\/\/www.impulsoenergia.eu\/pt-pt\/aguas-de-ponta-preta-25-anos-liderando-solucoes-sustentaveis\/#primaryimage","url":"https:\/\/www.impulsoenergia.eu\/custom\/uploads\/2025\/05\/APP-25_ANUNCIO.jpg","contentUrl":"https:\/\/www.impulsoenergia.eu\/custom\/uploads\/2025\/05\/APP-25_ANUNCIO.jpg","width":800,"height":1051,"caption":"25 a\u00f1os de \u00c1guas de Ponta Preta"},{"@type":"BreadcrumbList","@id":"https:\/\/www.impulsoenergia.eu\/pt-pt\/aguas-de-ponta-preta-25-anos-liderando-solucoes-sustentaveis\/#breadcrumb","itemListElement":[{"@type":"ListItem","position":1,"name":"Portada","item":"https:\/\/www.impulsoenergia.eu\/pt-pt\/"},{"@type":"ListItem","position":2,"name":"\u00c1guas de Ponta Preta: 25 anos liderando solu\u00e7\u00f5es sustent\u00e1veis"}]},{"@type":"WebSite","@id":"https:\/\/www.impulsoenergia.eu\/#website","url":"https:\/\/www.impulsoenergia.eu\/","name":"Impulso Energ\u00eda","description":"Desarrollo e inversi\u00f3n en los sectores de la energ\u00eda y el agua","publisher":{"@id":"https:\/\/www.impulsoenergia.eu\/#organization"},"potentialAction":[{"@type":"SearchAction","target":{"@type":"EntryPoint","urlTemplate":"https:\/\/www.impulsoenergia.eu\/?s={search_term_string}"},"query-input":{"@type":"PropertyValueSpecification","valueRequired":true,"valueName":"search_term_string"}}],"inLanguage":"pt-PT"},{"@type":"Organization","@id":"https:\/\/www.impulsoenergia.eu\/#organization","name":"Impulso Energ\u00eda","url":"https:\/\/www.impulsoenergia.eu\/","logo":{"@type":"ImageObject","inLanguage":"pt-PT","@id":"https:\/\/www.impulsoenergia.eu\/#\/schema\/logo\/image\/","url":"https:\/\/www.impulsoenergia.eu\/custom\/uploads\/2022\/09\/logo-impulso.jpg","contentUrl":"https:\/\/www.impulsoenergia.eu\/custom\/uploads\/2022\/09\/logo-impulso.jpg","width":232,"height":75,"caption":"Impulso Energ\u00eda"},"image":{"@id":"https:\/\/www.impulsoenergia.eu\/#\/schema\/logo\/image\/"}},{"@type":"Person","@id":"https:\/\/www.impulsoenergia.eu\/#\/schema\/person\/e583955678f0a64694f6b34c7d147ad4","name":"mariana","image":{"@type":"ImageObject","inLanguage":"pt-PT","@id":"https:\/\/www.impulsoenergia.eu\/#\/schema\/person\/image\/","url":"https:\/\/secure.gravatar.com\/avatar\/22f14bf6d28fc4a5972fd4fda110270f8a2632aa691ec6aabd56edead8aa750e?s=96&d=mm&r=g","contentUrl":"https:\/\/secure.gravatar.com\/avatar\/22f14bf6d28fc4a5972fd4fda110270f8a2632aa691ec6aabd56edead8aa750e?s=96&d=mm&r=g","caption":"mariana"},"url":"https:\/\/www.impulsoenergia.eu\/pt-pt\/author\/mariana\/"}]}},"_links":{"self":[{"href":"https:\/\/www.impulsoenergia.eu\/pt-pt\/wp-json\/wp\/v2\/posts\/1579","targetHints":{"allow":["GET"]}}],"collection":[{"href":"https:\/\/www.impulsoenergia.eu\/pt-pt\/wp-json\/wp\/v2\/posts"}],"about":[{"href":"https:\/\/www.impulsoenergia.eu\/pt-pt\/wp-json\/wp\/v2\/types\/post"}],"author":[{"embeddable":true,"href":"https:\/\/www.impulsoenergia.eu\/pt-pt\/wp-json\/wp\/v2\/users\/2"}],"replies":[{"embeddable":true,"href":"https:\/\/www.impulsoenergia.eu\/pt-pt\/wp-json\/wp\/v2\/comments?post=1579"}],"version-history":[{"count":4,"href":"https:\/\/www.impulsoenergia.eu\/pt-pt\/wp-json\/wp\/v2\/posts\/1579\/revisions"}],"predecessor-version":[{"id":1592,"href":"https:\/\/www.impulsoenergia.eu\/pt-pt\/wp-json\/wp\/v2\/posts\/1579\/revisions\/1592"}],"wp:featuredmedia":[{"embeddable":true,"href":"https:\/\/www.impulsoenergia.eu\/pt-pt\/wp-json\/wp\/v2\/media\/1580"}],"wp:attachment":[{"href":"https:\/\/www.impulsoenergia.eu\/pt-pt\/wp-json\/wp\/v2\/media?parent=1579"}],"wp:term":[{"taxonomy":"category","embeddable":true,"href":"https:\/\/www.impulsoenergia.eu\/pt-pt\/wp-json\/wp\/v2\/categories?post=1579"}],"curies":[{"name":"wp","href":"https:\/\/api.w.org\/{rel}","templated":true}]}}