{"id":1572,"date":"2025-05-19T10:03:51","date_gmt":"2025-05-19T10:03:51","guid":{"rendered":"https:\/\/www.impulsoenergia.eu\/?p=1572"},"modified":"2026-02-19T11:03:01","modified_gmt":"2026-02-19T11:03:01","slug":"premios-internacionais-de-mobilidade-2025","status":"publish","type":"post","link":"https:\/\/www.impulsoenergia.eu\/pt-pt\/premios-internacionais-de-mobilidade-2025\/","title":{"rendered":"Pr\u00e9mios Internacionais de Mobilidade 2025"},"content":{"rendered":"<h1 style=\"text-align: center;\"><strong>Pr\u00e9mio Especial Internacional:<\/strong><\/h1>\n<h1 style=\"text-align: center;\"><strong>Rep\u00fablica de Cabo Verde<\/strong><\/h1>\n<p><img loading=\"lazy\" decoding=\"async\" class=\"alignnone wp-image-1569 aligncenter\" src=\"https:\/\/www.impulsoenergia.eu\/custom\/uploads\/2025\/05\/Premios-movilidad-2025-1-300x150.jpg\" alt=\"\" width=\"780\" height=\"390\" srcset=\"https:\/\/www.impulsoenergia.eu\/custom\/uploads\/2025\/05\/Premios-movilidad-2025-1-300x150.jpg 300w, https:\/\/www.impulsoenergia.eu\/custom\/uploads\/2025\/05\/Premios-movilidad-2025-1-1024x513.jpg 1024w, https:\/\/www.impulsoenergia.eu\/custom\/uploads\/2025\/05\/Premios-movilidad-2025-1-768x385.jpg 768w, https:\/\/www.impulsoenergia.eu\/custom\/uploads\/2025\/05\/Premios-movilidad-2025-1-1536x770.jpg 1536w, https:\/\/www.impulsoenergia.eu\/custom\/uploads\/2025\/05\/Premios-movilidad-2025-1.jpg 2048w\" sizes=\"auto, (max-width: 780px) 100vw, 780px\" \/><\/p>\n<p>&nbsp;<\/p>\n<p class=\"\" data-start=\"214\" data-end=\"491\">Na 5\u00aa edi\u00e7\u00e3o dos Pr\u00e9mios Internacionais de Mobilidade, foi reconhecido o trabalho do Grupo IMPULSO atrav\u00e9s da sua subsidi\u00e1ria <a href=\"https:\/\/x.com\/tecvSA\"><strong data-start=\"340\" data-end=\"382\">Tra\u00e7\u00f5es El\u00e9tricas de Cabo Verde (TECV)<\/strong><\/a>, com o <strong data-start=\"390\" data-end=\"423\">Pr\u00e9mio Especial Internacional<\/strong> pela sua contribui\u00e7\u00e3o para a mobilidade sustent\u00e1vel no arquip\u00e9lago.<\/p>\n<p class=\"\" data-start=\"493\" data-end=\"872\">Atualmente, Cabo Verde conta com uma <strong data-start=\"530\" data-end=\"589\">rede nacional de 110 carregadores de ve\u00edculos el\u00e9tricos<\/strong> distribu\u00eddos pelas suas <strong data-start=\"614\" data-end=\"635\">9 ilhas habitadas<\/strong>. Esta infraestrutura, pioneira na regi\u00e3o, integra-se no projeto <strong data-start=\"700\" data-end=\"710\">ProMEC<\/strong>, promovido pelo Governo cabo-verdiano com o apoio da <strong data-start=\"764\" data-end=\"771\">GIZ<\/strong> e da <strong data-start=\"777\" data-end=\"807\">Mitigation Action Facility<\/strong>, e \u00e9 gerida tecnologicamente atrav\u00e9s da plataforma <strong data-start=\"859\" data-end=\"871\">EVcharge<\/strong>.<\/p>\n<p class=\"\" data-start=\"874\" data-end=\"934\">Saiba mais sobre os pr\u00e9mios desta edi\u00e7\u00e3o de 2025 <a href=\"https:\/\/www.movilidadsostenible.com.es\/la-5a-edicion-de-los-premios-internacionales-de-movilidad-destaca-la-innovacion-la-tecnologia-y-el-impulso-a-la-movilidad-compartida-y-saludable\/\">neste link<\/a>.<\/p>\n<p data-start=\"874\" data-end=\"934\">\n<p data-start=\"874\" data-end=\"934\">Cobertura medi\u00e1tica: <a href=\"https:\/\/www.movilidadsostenible.com.es\/proyecto-cabo-verde-premiado-5-edicion-premios-movilidad\/\">Empresas por la movilidad sostenible\u00a0<\/a><\/p>\n","protected":false},"excerpt":{"rendered":"<p>Pr\u00e9mio Especial Internacional: Rep\u00fablica de Cabo Verde &nbsp; Na 5\u00aa edi\u00e7\u00e3o dos Pr\u00e9mios Internacionais de Mobilidade, foi reconhecido o trabalho [&hellip;]<\/p>\n","protected":false},"author":2,"featured_media":1569,"comment_status":"closed","ping_status":"closed","sticky":false,"template":"","format":"standard","meta":{"_acf_changed":false,"footnotes":""},"categories":[61],"class_list":["post-1572","post","type-post","status-publish","format-standard","has-post-thumbnail","hentry","category-app-pt-pt"],"acf":[],"yoast_head":"<!-- This site is optimized with the Yoast SEO plugin v25.6 - https:\/\/yoast.com\/wordpress\/plugins\/seo\/ -->\n<title>Pr\u00e9mios Internacionais de Mobilidade 2025 - Impulso Energ\u00eda<\/title>\n<meta name=\"description\" content=\"Esta edi\u00e7\u00e3o premiou a iniciativa executada pelo GRUPO IMPULSO e pela TECV pelo seu contributo para a mobilidade sustent\u00e1vel em Cabo Verde.\" \/>\n<meta name=\"robots\" content=\"index, follow, max-snippet:-1, max-image-preview:large, max-video-preview:-1\" \/>\n<link rel=\"canonical\" href=\"https:\/\/www.impulsoenergia.eu\/pt-pt\/premios-internacionais-de-mobilidade-2025\/\" \/>\n<meta property=\"og:locale\" content=\"pt_PT\" \/>\n<meta property=\"og:type\" content=\"article\" \/>\n<meta property=\"og:title\" content=\"Pr\u00e9mios Internacionais de Mobilidade 2025 - Impulso Energ\u00eda\" \/>\n<meta property=\"og:description\" content=\"Esta edi\u00e7\u00e3o premiou a iniciativa executada pelo GRUPO IMPULSO e pela TECV pelo seu contributo para a mobilidade sustent\u00e1vel em Cabo Verde.\" \/>\n<meta property=\"og:url\" content=\"https:\/\/www.impulsoenergia.eu\/pt-pt\/premios-internacionais-de-mobilidade-2025\/\" \/>\n<meta property=\"og:site_name\" content=\"Impulso Energ\u00eda\" \/>\n<meta property=\"article:published_time\" content=\"2025-05-19T10:03:51+00:00\" \/>\n<meta property=\"article:modified_time\" content=\"2026-02-19T11:03:01+00:00\" \/>\n<meta property=\"og:image\" content=\"https:\/\/www.impulsoenergia.eu\/custom\/uploads\/2025\/05\/Premios-movilidad-2025-1.jpg\" \/>\n\t<meta property=\"og:image:width\" content=\"2048\" \/>\n\t<meta property=\"og:image:height\" content=\"1026\" \/>\n\t<meta property=\"og:image:type\" content=\"image\/jpeg\" \/>\n<meta name=\"author\" content=\"mariana\" \/>\n<meta name=\"twitter:card\" content=\"summary_large_image\" \/>\n<meta name=\"twitter:label1\" content=\"Written by\" \/>\n\t<meta name=\"twitter:data1\" content=\"mariana\" \/>\n\t<meta name=\"twitter:label2\" content=\"Est. reading time\" \/>\n\t<meta name=\"twitter:data2\" content=\"1 minute\" \/>\n<script type=\"application\/ld+json\" class=\"yoast-schema-graph\">{\"@context\":\"https:\/\/schema.org\",\"@graph\":[{\"@type\":\"Article\",\"@id\":\"https:\/\/www.impulsoenergia.eu\/pt-pt\/premios-internacionais-de-mobilidade-2025\/#article\",\"isPartOf\":{\"@id\":\"https:\/\/www.impulsoenergia.eu\/pt-pt\/premios-internacionais-de-mobilidade-2025\/\"},\"author\":{\"name\":\"mariana\",\"@id\":\"https:\/\/www.impulsoenergia.eu\/#\/schema\/person\/e583955678f0a64694f6b34c7d147ad4\"},\"headline\":\"Pr\u00e9mios Internacionais de Mobilidade 2025\",\"datePublished\":\"2025-05-19T10:03:51+00:00\",\"dateModified\":\"2026-02-19T11:03:01+00:00\",\"mainEntityOfPage\":{\"@id\":\"https:\/\/www.impulsoenergia.eu\/pt-pt\/premios-internacionais-de-mobilidade-2025\/\"},\"wordCount\":136,\"publisher\":{\"@id\":\"https:\/\/www.impulsoenergia.eu\/#organization\"},\"image\":{\"@id\":\"https:\/\/www.impulsoenergia.eu\/pt-pt\/premios-internacionais-de-mobilidade-2025\/#primaryimage\"},\"thumbnailUrl\":\"https:\/\/www.impulsoenergia.eu\/custom\/uploads\/2025\/05\/Premios-movilidad-2025-1.jpg\",\"articleSection\":[\"Noticias APP\"],\"inLanguage\":\"pt-PT\"},{\"@type\":\"WebPage\",\"@id\":\"https:\/\/www.impulsoenergia.eu\/pt-pt\/premios-internacionais-de-mobilidade-2025\/\",\"url\":\"https:\/\/www.impulsoenergia.eu\/pt-pt\/premios-internacionais-de-mobilidade-2025\/\",\"name\":\"Pr\u00e9mios Internacionais de Mobilidade 2025 - Impulso Energ\u00eda\",\"isPartOf\":{\"@id\":\"https:\/\/www.impulsoenergia.eu\/#website\"},\"primaryImageOfPage\":{\"@id\":\"https:\/\/www.impulsoenergia.eu\/pt-pt\/premios-internacionais-de-mobilidade-2025\/#primaryimage\"},\"image\":{\"@id\":\"https:\/\/www.impulsoenergia.eu\/pt-pt\/premios-internacionais-de-mobilidade-2025\/#primaryimage\"},\"thumbnailUrl\":\"https:\/\/www.impulsoenergia.eu\/custom\/uploads\/2025\/05\/Premios-movilidad-2025-1.jpg\",\"datePublished\":\"2025-05-19T10:03:51+00:00\",\"dateModified\":\"2026-02-19T11:03:01+00:00\",\"description\":\"Esta edi\u00e7\u00e3o premiou a iniciativa executada pelo GRUPO IMPULSO e pela TECV pelo seu contributo para a mobilidade sustent\u00e1vel em Cabo Verde.\",\"breadcrumb\":{\"@id\":\"https:\/\/www.impulsoenergia.eu\/pt-pt\/premios-internacionais-de-mobilidade-2025\/#breadcrumb\"},\"inLanguage\":\"pt-PT\",\"potentialAction\":[{\"@type\":\"ReadAction\",\"target\":[\"https:\/\/www.impulsoenergia.eu\/pt-pt\/premios-internacionais-de-mobilidade-2025\/\"]}]},{\"@type\":\"ImageObject\",\"inLanguage\":\"pt-PT\",\"@id\":\"https:\/\/www.impulsoenergia.eu\/pt-pt\/premios-internacionais-de-mobilidade-2025\/#primaryimage\",\"url\":\"https:\/\/www.impulsoenergia.eu\/custom\/uploads\/2025\/05\/Premios-movilidad-2025-1.jpg\",\"contentUrl\":\"https:\/\/www.impulsoenergia.eu\/custom\/uploads\/2025\/05\/Premios-movilidad-2025-1.jpg\",\"width\":2048,\"height\":1026},{\"@type\":\"BreadcrumbList\",\"@id\":\"https:\/\/www.impulsoenergia.eu\/pt-pt\/premios-internacionais-de-mobilidade-2025\/#breadcrumb\",\"itemListElement\":[{\"@type\":\"ListItem\",\"position\":1,\"name\":\"Portada\",\"item\":\"https:\/\/www.impulsoenergia.eu\/pt-pt\/\"},{\"@type\":\"ListItem\",\"position\":2,\"name\":\"Pr\u00e9mios Internacionais de Mobilidade 2025\"}]},{\"@type\":\"WebSite\",\"@id\":\"https:\/\/www.impulsoenergia.eu\/#website\",\"url\":\"https:\/\/www.impulsoenergia.eu\/\",\"name\":\"Impulso Energ\u00eda\",\"description\":\"Desarrollo e inversi\u00f3n en los sectores de la energ\u00eda y el agua\",\"publisher\":{\"@id\":\"https:\/\/www.impulsoenergia.eu\/#organization\"},\"potentialAction\":[{\"@type\":\"SearchAction\",\"target\":{\"@type\":\"EntryPoint\",\"urlTemplate\":\"https:\/\/www.impulsoenergia.eu\/?s={search_term_string}\"},\"query-input\":{\"@type\":\"PropertyValueSpecification\",\"valueRequired\":true,\"valueName\":\"search_term_string\"}}],\"inLanguage\":\"pt-PT\"},{\"@type\":\"Organization\",\"@id\":\"https:\/\/www.impulsoenergia.eu\/#organization\",\"name\":\"Impulso Energ\u00eda\",\"url\":\"https:\/\/www.impulsoenergia.eu\/\",\"logo\":{\"@type\":\"ImageObject\",\"inLanguage\":\"pt-PT\",\"@id\":\"https:\/\/www.impulsoenergia.eu\/#\/schema\/logo\/image\/\",\"url\":\"https:\/\/www.impulsoenergia.eu\/custom\/uploads\/2022\/09\/logo-impulso.jpg\",\"contentUrl\":\"https:\/\/www.impulsoenergia.eu\/custom\/uploads\/2022\/09\/logo-impulso.jpg\",\"width\":232,\"height\":75,\"caption\":\"Impulso Energ\u00eda\"},\"image\":{\"@id\":\"https:\/\/www.impulsoenergia.eu\/#\/schema\/logo\/image\/\"}},{\"@type\":\"Person\",\"@id\":\"https:\/\/www.impulsoenergia.eu\/#\/schema\/person\/e583955678f0a64694f6b34c7d147ad4\",\"name\":\"mariana\",\"image\":{\"@type\":\"ImageObject\",\"inLanguage\":\"pt-PT\",\"@id\":\"https:\/\/www.impulsoenergia.eu\/#\/schema\/person\/image\/\",\"url\":\"https:\/\/secure.gravatar.com\/avatar\/22f14bf6d28fc4a5972fd4fda110270f8a2632aa691ec6aabd56edead8aa750e?s=96&d=mm&r=g\",\"contentUrl\":\"https:\/\/secure.gravatar.com\/avatar\/22f14bf6d28fc4a5972fd4fda110270f8a2632aa691ec6aabd56edead8aa750e?s=96&d=mm&r=g\",\"caption\":\"mariana\"},\"url\":\"https:\/\/www.impulsoenergia.eu\/pt-pt\/author\/mariana\/\"}]}<\/script>\n<!-- \/ Yoast SEO plugin. -->","yoast_head_json":{"title":"Pr\u00e9mios Internacionais de Mobilidade 2025 - Impulso Energ\u00eda","description":"Esta edi\u00e7\u00e3o premiou a iniciativa executada pelo GRUPO IMPULSO e pela TECV pelo seu contributo para a mobilidade sustent\u00e1vel em Cabo Verde.","robots":{"index":"index","follow":"follow","max-snippet":"max-snippet:-1","max-image-preview":"max-image-preview:large","max-video-preview":"max-video-preview:-1"},"canonical":"https:\/\/www.impulsoenergia.eu\/pt-pt\/premios-internacionais-de-mobilidade-2025\/","og_locale":"pt_PT","og_type":"article","og_title":"Pr\u00e9mios Internacionais de Mobilidade 2025 - Impulso Energ\u00eda","og_description":"Esta edi\u00e7\u00e3o premiou a iniciativa executada pelo GRUPO IMPULSO e pela TECV pelo seu contributo para a mobilidade sustent\u00e1vel em Cabo Verde.","og_url":"https:\/\/www.impulsoenergia.eu\/pt-pt\/premios-internacionais-de-mobilidade-2025\/","og_site_name":"Impulso Energ\u00eda","article_published_time":"2025-05-19T10:03:51+00:00","article_modified_time":"2026-02-19T11:03:01+00:00","og_image":[{"width":2048,"height":1026,"url":"https:\/\/www.impulsoenergia.eu\/custom\/uploads\/2025\/05\/Premios-movilidad-2025-1.jpg","type":"image\/jpeg"}],"author":"mariana","twitter_card":"summary_large_image","twitter_misc":{"Written by":"mariana","Est. reading time":"1 minute"},"schema":{"@context":"https:\/\/schema.org","@graph":[{"@type":"Article","@id":"https:\/\/www.impulsoenergia.eu\/pt-pt\/premios-internacionais-de-mobilidade-2025\/#article","isPartOf":{"@id":"https:\/\/www.impulsoenergia.eu\/pt-pt\/premios-internacionais-de-mobilidade-2025\/"},"author":{"name":"mariana","@id":"https:\/\/www.impulsoenergia.eu\/#\/schema\/person\/e583955678f0a64694f6b34c7d147ad4"},"headline":"Pr\u00e9mios Internacionais de Mobilidade 2025","datePublished":"2025-05-19T10:03:51+00:00","dateModified":"2026-02-19T11:03:01+00:00","mainEntityOfPage":{"@id":"https:\/\/www.impulsoenergia.eu\/pt-pt\/premios-internacionais-de-mobilidade-2025\/"},"wordCount":136,"publisher":{"@id":"https:\/\/www.impulsoenergia.eu\/#organization"},"image":{"@id":"https:\/\/www.impulsoenergia.eu\/pt-pt\/premios-internacionais-de-mobilidade-2025\/#primaryimage"},"thumbnailUrl":"https:\/\/www.impulsoenergia.eu\/custom\/uploads\/2025\/05\/Premios-movilidad-2025-1.jpg","articleSection":["Noticias APP"],"inLanguage":"pt-PT"},{"@type":"WebPage","@id":"https:\/\/www.impulsoenergia.eu\/pt-pt\/premios-internacionais-de-mobilidade-2025\/","url":"https:\/\/www.impulsoenergia.eu\/pt-pt\/premios-internacionais-de-mobilidade-2025\/","name":"Pr\u00e9mios Internacionais de Mobilidade 2025 - Impulso Energ\u00eda","isPartOf":{"@id":"https:\/\/www.impulsoenergia.eu\/#website"},"primaryImageOfPage":{"@id":"https:\/\/www.impulsoenergia.eu\/pt-pt\/premios-internacionais-de-mobilidade-2025\/#primaryimage"},"image":{"@id":"https:\/\/www.impulsoenergia.eu\/pt-pt\/premios-internacionais-de-mobilidade-2025\/#primaryimage"},"thumbnailUrl":"https:\/\/www.impulsoenergia.eu\/custom\/uploads\/2025\/05\/Premios-movilidad-2025-1.jpg","datePublished":"2025-05-19T10:03:51+00:00","dateModified":"2026-02-19T11:03:01+00:00","description":"Esta edi\u00e7\u00e3o premiou a iniciativa executada pelo GRUPO IMPULSO e pela TECV pelo seu contributo para a mobilidade sustent\u00e1vel em Cabo Verde.","breadcrumb":{"@id":"https:\/\/www.impulsoenergia.eu\/pt-pt\/premios-internacionais-de-mobilidade-2025\/#breadcrumb"},"inLanguage":"pt-PT","potentialAction":[{"@type":"ReadAction","target":["https:\/\/www.impulsoenergia.eu\/pt-pt\/premios-internacionais-de-mobilidade-2025\/"]}]},{"@type":"ImageObject","inLanguage":"pt-PT","@id":"https:\/\/www.impulsoenergia.eu\/pt-pt\/premios-internacionais-de-mobilidade-2025\/#primaryimage","url":"https:\/\/www.impulsoenergia.eu\/custom\/uploads\/2025\/05\/Premios-movilidad-2025-1.jpg","contentUrl":"https:\/\/www.impulsoenergia.eu\/custom\/uploads\/2025\/05\/Premios-movilidad-2025-1.jpg","width":2048,"height":1026},{"@type":"BreadcrumbList","@id":"https:\/\/www.impulsoenergia.eu\/pt-pt\/premios-internacionais-de-mobilidade-2025\/#breadcrumb","itemListElement":[{"@type":"ListItem","position":1,"name":"Portada","item":"https:\/\/www.impulsoenergia.eu\/pt-pt\/"},{"@type":"ListItem","position":2,"name":"Pr\u00e9mios Internacionais de Mobilidade 2025"}]},{"@type":"WebSite","@id":"https:\/\/www.impulsoenergia.eu\/#website","url":"https:\/\/www.impulsoenergia.eu\/","name":"Impulso Energ\u00eda","description":"Desarrollo e inversi\u00f3n en los sectores de la energ\u00eda y el agua","publisher":{"@id":"https:\/\/www.impulsoenergia.eu\/#organization"},"potentialAction":[{"@type":"SearchAction","target":{"@type":"EntryPoint","urlTemplate":"https:\/\/www.impulsoenergia.eu\/?s={search_term_string}"},"query-input":{"@type":"PropertyValueSpecification","valueRequired":true,"valueName":"search_term_string"}}],"inLanguage":"pt-PT"},{"@type":"Organization","@id":"https:\/\/www.impulsoenergia.eu\/#organization","name":"Impulso Energ\u00eda","url":"https:\/\/www.impulsoenergia.eu\/","logo":{"@type":"ImageObject","inLanguage":"pt-PT","@id":"https:\/\/www.impulsoenergia.eu\/#\/schema\/logo\/image\/","url":"https:\/\/www.impulsoenergia.eu\/custom\/uploads\/2022\/09\/logo-impulso.jpg","contentUrl":"https:\/\/www.impulsoenergia.eu\/custom\/uploads\/2022\/09\/logo-impulso.jpg","width":232,"height":75,"caption":"Impulso Energ\u00eda"},"image":{"@id":"https:\/\/www.impulsoenergia.eu\/#\/schema\/logo\/image\/"}},{"@type":"Person","@id":"https:\/\/www.impulsoenergia.eu\/#\/schema\/person\/e583955678f0a64694f6b34c7d147ad4","name":"mariana","image":{"@type":"ImageObject","inLanguage":"pt-PT","@id":"https:\/\/www.impulsoenergia.eu\/#\/schema\/person\/image\/","url":"https:\/\/secure.gravatar.com\/avatar\/22f14bf6d28fc4a5972fd4fda110270f8a2632aa691ec6aabd56edead8aa750e?s=96&d=mm&r=g","contentUrl":"https:\/\/secure.gravatar.com\/avatar\/22f14bf6d28fc4a5972fd4fda110270f8a2632aa691ec6aabd56edead8aa750e?s=96&d=mm&r=g","caption":"mariana"},"url":"https:\/\/www.impulsoenergia.eu\/pt-pt\/author\/mariana\/"}]}},"_links":{"self":[{"href":"https:\/\/www.impulsoenergia.eu\/pt-pt\/wp-json\/wp\/v2\/posts\/1572","targetHints":{"allow":["GET"]}}],"collection":[{"href":"https:\/\/www.impulsoenergia.eu\/pt-pt\/wp-json\/wp\/v2\/posts"}],"about":[{"href":"https:\/\/www.impulsoenergia.eu\/pt-pt\/wp-json\/wp\/v2\/types\/post"}],"author":[{"embeddable":true,"href":"https:\/\/www.impulsoenergia.eu\/pt-pt\/wp-json\/wp\/v2\/users\/2"}],"replies":[{"embeddable":true,"href":"https:\/\/www.impulsoenergia.eu\/pt-pt\/wp-json\/wp\/v2\/comments?post=1572"}],"version-history":[{"count":5,"href":"https:\/\/www.impulsoenergia.eu\/pt-pt\/wp-json\/wp\/v2\/posts\/1572\/revisions"}],"predecessor-version":[{"id":1895,"href":"https:\/\/www.impulsoenergia.eu\/pt-pt\/wp-json\/wp\/v2\/posts\/1572\/revisions\/1895"}],"wp:featuredmedia":[{"embeddable":true,"href":"https:\/\/www.impulsoenergia.eu\/pt-pt\/wp-json\/wp\/v2\/media\/1569"}],"wp:attachment":[{"href":"https:\/\/www.impulsoenergia.eu\/pt-pt\/wp-json\/wp\/v2\/media?parent=1572"}],"wp:term":[{"taxonomy":"category","embeddable":true,"href":"https:\/\/www.impulsoenergia.eu\/pt-pt\/wp-json\/wp\/v2\/categories?post=1572"}],"curies":[{"name":"wp","href":"https:\/\/api.w.org\/{rel}","templated":true}]}}