{"id":1518,"date":"2019-02-07T20:19:22","date_gmt":"2019-02-07T20:19:22","guid":{"rendered":"https:\/\/www.impulsoenergia.eu\/ceremonia-de-presentacion-de-la-carta-politica-de-movilidad-electrica-y-los-primeros-vehiculos-100-electricos\/"},"modified":"2024-02-23T09:48:35","modified_gmt":"2024-02-23T09:48:35","slug":"ceremonia-de-presentacion-de-la-carta-politica-de-movilidad-electrica-y-los-primeros-vehiculos-100-electricos","status":"publish","type":"post","link":"https:\/\/www.impulsoenergia.eu\/pt-pt\/ceremonia-de-presentacion-de-la-carta-politica-de-movilidad-electrica-y-los-primeros-vehiculos-100-electricos\/","title":{"rendered":"Cerim\u00f4nia de apresenta\u00e7\u00e3o da Carta Pol\u00edtica de Mobilidade El\u00e9trica e dos primeiros ve\u00edculos 100% el\u00e9tricos"},"content":{"rendered":"<p>A Carta de Pol\u00edtica de Mobilidade El\u00e9trica foi apresentada em 7 de fevereiro de 2019, no Centro de Energias Renov\u00e1veis e Manuten\u00e7\u00e3o Industrial (CERMI). O evento contou com a participa\u00e7\u00e3o do Primeiro Ministro, Ulisses Correia Silva, e a presen\u00e7a do Ministro da Ind\u00fastria, Com\u00e9rcio e Energia, Eng. Alexandre Monteiro, a Encarregada de Neg\u00f3cios do Gr\u00e3o-Ducado do Luxemburgo, Ang\u00e8le Da Cruz, o Embaixador da Uni\u00e3o Europeia, o Embaixador da Espanha, o Diretor Executivo da ECREEE e diversas entidades e personalidades de Cabo Verde e da CEDEAO.<\/p>\n<p>Cabo Verde adquiriu 7 ve\u00edculos 100% el\u00e9tricos, uma parceria entre a Coopera\u00e7\u00e3o de Luxemburgo e as concession\u00e1rias Electra, Aguas de Ponta Preta (APP) e ECREEE (financiado pela Uni\u00e3o Europeia e GIZ). Esses ve\u00edculos s\u00e3o uma experi\u00eancia piloto para a Mobilidade El\u00e9trica no pa\u00eds.<\/p>\n<p>At\u00e9 2030, a CPME prev\u00ea uma infraestrutura nacional de carregamento totalmente implementada, a integra\u00e7\u00e3o de 100% da frota da administra\u00e7\u00e3o p\u00fablica com ve\u00edculos el\u00e9tricos. A carta tamb\u00e9m prev\u00ea que Cabo Verde ter\u00e1 apenas ve\u00edculos el\u00e9tricos em funcionamento em suas estradas at\u00e9 2050.<\/p>\n<p><iframe loading=\"lazy\" title=\"YouTube video player\" src=\"https:\/\/www.youtube.com\/embed\/DENSySN9CJs\" width=\"750\" height=\"520\" frameborder=\"0\" allowfullscreen=\"allowfullscreen\"><\/iframe><\/p>\n","protected":false},"excerpt":{"rendered":"<p>A Carta de Pol\u00edtica de Mobilidade El\u00e9trica foi apresentada em 7 de fevereiro de 2019, no Centro de Energias Renov\u00e1veis [&hellip;]<\/p>\n","protected":false},"author":1,"featured_media":1316,"comment_status":"closed","ping_status":"closed","sticky":false,"template":"","format":"standard","meta":{"_acf_changed":false,"footnotes":""},"categories":[61],"class_list":["post-1518","post","type-post","status-publish","format-standard","has-post-thumbnail","hentry","category-app-pt-pt"],"acf":[],"yoast_head":"<!-- This site is optimized with the Yoast SEO plugin v25.6 - https:\/\/yoast.com\/wordpress\/plugins\/seo\/ -->\n<title>Cerim\u00f4nia de apresenta\u00e7\u00e3o da Carta Pol\u00edtica de Mobilidade El\u00e9trica e dos primeiros ve\u00edculos 100% el\u00e9tricos - Impulso Energ\u00eda<\/title>\n<meta name=\"description\" content=\"Cerim\u00f4nia de apresenta\u00e7\u00e3o da Carta Pol\u00edtica de Mobilidade El\u00e9trica e dos primeiros ve\u00edculos 100% el\u00e9tricos\" \/>\n<meta name=\"robots\" content=\"index, follow, max-snippet:-1, max-image-preview:large, max-video-preview:-1\" \/>\n<link rel=\"canonical\" href=\"https:\/\/www.impulsoenergia.eu\/pt-pt\/ceremonia-de-presentacion-de-la-carta-politica-de-movilidad-electrica-y-los-primeros-vehiculos-100-electricos\/\" \/>\n<meta property=\"og:locale\" content=\"pt_PT\" \/>\n<meta property=\"og:type\" content=\"article\" \/>\n<meta property=\"og:title\" content=\"Cerim\u00f4nia de apresenta\u00e7\u00e3o da Carta Pol\u00edtica de Mobilidade El\u00e9trica e dos primeiros ve\u00edculos 100% el\u00e9tricos - Impulso Energ\u00eda\" \/>\n<meta property=\"og:description\" content=\"Cerim\u00f4nia de apresenta\u00e7\u00e3o da Carta Pol\u00edtica de Mobilidade El\u00e9trica e dos primeiros ve\u00edculos 100% el\u00e9tricos\" \/>\n<meta property=\"og:url\" content=\"https:\/\/www.impulsoenergia.eu\/pt-pt\/ceremonia-de-presentacion-de-la-carta-politica-de-movilidad-electrica-y-los-primeros-vehiculos-100-electricos\/\" \/>\n<meta property=\"og:site_name\" content=\"Impulso Energ\u00eda\" \/>\n<meta property=\"article:published_time\" content=\"2019-02-07T20:19:22+00:00\" \/>\n<meta property=\"article:modified_time\" content=\"2024-02-23T09:48:35+00:00\" \/>\n<meta property=\"og:image\" content=\"https:\/\/www.impulsoenergia.eu\/custom\/uploads\/2021\/10\/cpme.jpg\" \/>\n\t<meta property=\"og:image:width\" content=\"1586\" \/>\n\t<meta property=\"og:image:height\" content=\"646\" \/>\n\t<meta property=\"og:image:type\" content=\"image\/jpeg\" \/>\n<meta name=\"author\" content=\"impulso\" \/>\n<meta name=\"twitter:card\" content=\"summary_large_image\" \/>\n<meta name=\"twitter:label1\" content=\"Written by\" \/>\n\t<meta name=\"twitter:data1\" content=\"impulso\" \/>\n\t<meta name=\"twitter:label2\" content=\"Est. reading time\" \/>\n\t<meta name=\"twitter:data2\" content=\"1 minute\" \/>\n<script type=\"application\/ld+json\" class=\"yoast-schema-graph\">{\"@context\":\"https:\/\/schema.org\",\"@graph\":[{\"@type\":\"Article\",\"@id\":\"https:\/\/www.impulsoenergia.eu\/pt-pt\/ceremonia-de-presentacion-de-la-carta-politica-de-movilidad-electrica-y-los-primeros-vehiculos-100-electricos\/#article\",\"isPartOf\":{\"@id\":\"https:\/\/www.impulsoenergia.eu\/pt-pt\/ceremonia-de-presentacion-de-la-carta-politica-de-movilidad-electrica-y-los-primeros-vehiculos-100-electricos\/\"},\"author\":{\"name\":\"impulso\",\"@id\":\"https:\/\/www.impulsoenergia.eu\/#\/schema\/person\/a4800b7d1e4a7865a27c03f63acc5859\"},\"headline\":\"Cerim\u00f4nia de apresenta\u00e7\u00e3o da Carta Pol\u00edtica de Mobilidade El\u00e9trica e dos primeiros ve\u00edculos 100% el\u00e9tricos\",\"datePublished\":\"2019-02-07T20:19:22+00:00\",\"dateModified\":\"2024-02-23T09:48:35+00:00\",\"mainEntityOfPage\":{\"@id\":\"https:\/\/www.impulsoenergia.eu\/pt-pt\/ceremonia-de-presentacion-de-la-carta-politica-de-movilidad-electrica-y-los-primeros-vehiculos-100-electricos\/\"},\"wordCount\":213,\"publisher\":{\"@id\":\"https:\/\/www.impulsoenergia.eu\/#organization\"},\"image\":{\"@id\":\"https:\/\/www.impulsoenergia.eu\/pt-pt\/ceremonia-de-presentacion-de-la-carta-politica-de-movilidad-electrica-y-los-primeros-vehiculos-100-electricos\/#primaryimage\"},\"thumbnailUrl\":\"https:\/\/www.impulsoenergia.eu\/custom\/uploads\/2021\/10\/cpme.jpg\",\"articleSection\":[\"Noticias APP\"],\"inLanguage\":\"pt-PT\"},{\"@type\":\"WebPage\",\"@id\":\"https:\/\/www.impulsoenergia.eu\/pt-pt\/ceremonia-de-presentacion-de-la-carta-politica-de-movilidad-electrica-y-los-primeros-vehiculos-100-electricos\/\",\"url\":\"https:\/\/www.impulsoenergia.eu\/pt-pt\/ceremonia-de-presentacion-de-la-carta-politica-de-movilidad-electrica-y-los-primeros-vehiculos-100-electricos\/\",\"name\":\"Cerim\u00f4nia de apresenta\u00e7\u00e3o da Carta Pol\u00edtica de Mobilidade El\u00e9trica e dos primeiros ve\u00edculos 100% el\u00e9tricos - Impulso Energ\u00eda\",\"isPartOf\":{\"@id\":\"https:\/\/www.impulsoenergia.eu\/#website\"},\"primaryImageOfPage\":{\"@id\":\"https:\/\/www.impulsoenergia.eu\/pt-pt\/ceremonia-de-presentacion-de-la-carta-politica-de-movilidad-electrica-y-los-primeros-vehiculos-100-electricos\/#primaryimage\"},\"image\":{\"@id\":\"https:\/\/www.impulsoenergia.eu\/pt-pt\/ceremonia-de-presentacion-de-la-carta-politica-de-movilidad-electrica-y-los-primeros-vehiculos-100-electricos\/#primaryimage\"},\"thumbnailUrl\":\"https:\/\/www.impulsoenergia.eu\/custom\/uploads\/2021\/10\/cpme.jpg\",\"datePublished\":\"2019-02-07T20:19:22+00:00\",\"dateModified\":\"2024-02-23T09:48:35+00:00\",\"description\":\"Cerim\u00f4nia de apresenta\u00e7\u00e3o da Carta Pol\u00edtica de Mobilidade El\u00e9trica e dos primeiros ve\u00edculos 100% el\u00e9tricos\",\"breadcrumb\":{\"@id\":\"https:\/\/www.impulsoenergia.eu\/pt-pt\/ceremonia-de-presentacion-de-la-carta-politica-de-movilidad-electrica-y-los-primeros-vehiculos-100-electricos\/#breadcrumb\"},\"inLanguage\":\"pt-PT\",\"potentialAction\":[{\"@type\":\"ReadAction\",\"target\":[\"https:\/\/www.impulsoenergia.eu\/pt-pt\/ceremonia-de-presentacion-de-la-carta-politica-de-movilidad-electrica-y-los-primeros-vehiculos-100-electricos\/\"]}]},{\"@type\":\"ImageObject\",\"inLanguage\":\"pt-PT\",\"@id\":\"https:\/\/www.impulsoenergia.eu\/pt-pt\/ceremonia-de-presentacion-de-la-carta-politica-de-movilidad-electrica-y-los-primeros-vehiculos-100-electricos\/#primaryimage\",\"url\":\"https:\/\/www.impulsoenergia.eu\/custom\/uploads\/2021\/10\/cpme.jpg\",\"contentUrl\":\"https:\/\/www.impulsoenergia.eu\/custom\/uploads\/2021\/10\/cpme.jpg\",\"width\":1586,\"height\":646},{\"@type\":\"BreadcrumbList\",\"@id\":\"https:\/\/www.impulsoenergia.eu\/pt-pt\/ceremonia-de-presentacion-de-la-carta-politica-de-movilidad-electrica-y-los-primeros-vehiculos-100-electricos\/#breadcrumb\",\"itemListElement\":[{\"@type\":\"ListItem\",\"position\":1,\"name\":\"Portada\",\"item\":\"https:\/\/www.impulsoenergia.eu\/pt-pt\/\"},{\"@type\":\"ListItem\",\"position\":2,\"name\":\"Cerim\u00f4nia de apresenta\u00e7\u00e3o da Carta Pol\u00edtica de Mobilidade El\u00e9trica e dos primeiros ve\u00edculos 100% el\u00e9tricos\"}]},{\"@type\":\"WebSite\",\"@id\":\"https:\/\/www.impulsoenergia.eu\/#website\",\"url\":\"https:\/\/www.impulsoenergia.eu\/\",\"name\":\"Impulso Energ\u00eda\",\"description\":\"Desarrollo e inversi\u00f3n en los sectores de la energ\u00eda y el agua\",\"publisher\":{\"@id\":\"https:\/\/www.impulsoenergia.eu\/#organization\"},\"potentialAction\":[{\"@type\":\"SearchAction\",\"target\":{\"@type\":\"EntryPoint\",\"urlTemplate\":\"https:\/\/www.impulsoenergia.eu\/?s={search_term_string}\"},\"query-input\":{\"@type\":\"PropertyValueSpecification\",\"valueRequired\":true,\"valueName\":\"search_term_string\"}}],\"inLanguage\":\"pt-PT\"},{\"@type\":\"Organization\",\"@id\":\"https:\/\/www.impulsoenergia.eu\/#organization\",\"name\":\"Impulso Energ\u00eda\",\"url\":\"https:\/\/www.impulsoenergia.eu\/\",\"logo\":{\"@type\":\"ImageObject\",\"inLanguage\":\"pt-PT\",\"@id\":\"https:\/\/www.impulsoenergia.eu\/#\/schema\/logo\/image\/\",\"url\":\"https:\/\/www.impulsoenergia.eu\/custom\/uploads\/2022\/09\/logo-impulso.jpg\",\"contentUrl\":\"https:\/\/www.impulsoenergia.eu\/custom\/uploads\/2022\/09\/logo-impulso.jpg\",\"width\":232,\"height\":75,\"caption\":\"Impulso Energ\u00eda\"},\"image\":{\"@id\":\"https:\/\/www.impulsoenergia.eu\/#\/schema\/logo\/image\/\"}},{\"@type\":\"Person\",\"@id\":\"https:\/\/www.impulsoenergia.eu\/#\/schema\/person\/a4800b7d1e4a7865a27c03f63acc5859\",\"name\":\"impulso\",\"image\":{\"@type\":\"ImageObject\",\"inLanguage\":\"pt-PT\",\"@id\":\"https:\/\/www.impulsoenergia.eu\/#\/schema\/person\/image\/\",\"url\":\"https:\/\/secure.gravatar.com\/avatar\/fe57a3f139ea81c65a338e37a8064b4e80844f839737532820c9107eb9e1966f?s=96&d=mm&r=g\",\"contentUrl\":\"https:\/\/secure.gravatar.com\/avatar\/fe57a3f139ea81c65a338e37a8064b4e80844f839737532820c9107eb9e1966f?s=96&d=mm&r=g\",\"caption\":\"impulso\"},\"url\":\"https:\/\/www.impulsoenergia.eu\/pt-pt\/author\/impulso\/\"}]}<\/script>\n<!-- \/ Yoast SEO plugin. -->","yoast_head_json":{"title":"Cerim\u00f4nia de apresenta\u00e7\u00e3o da Carta Pol\u00edtica de Mobilidade El\u00e9trica e dos primeiros ve\u00edculos 100% el\u00e9tricos - Impulso Energ\u00eda","description":"Cerim\u00f4nia de apresenta\u00e7\u00e3o da Carta Pol\u00edtica de Mobilidade El\u00e9trica e dos primeiros ve\u00edculos 100% el\u00e9tricos","robots":{"index":"index","follow":"follow","max-snippet":"max-snippet:-1","max-image-preview":"max-image-preview:large","max-video-preview":"max-video-preview:-1"},"canonical":"https:\/\/www.impulsoenergia.eu\/pt-pt\/ceremonia-de-presentacion-de-la-carta-politica-de-movilidad-electrica-y-los-primeros-vehiculos-100-electricos\/","og_locale":"pt_PT","og_type":"article","og_title":"Cerim\u00f4nia de apresenta\u00e7\u00e3o da Carta Pol\u00edtica de Mobilidade El\u00e9trica e dos primeiros ve\u00edculos 100% el\u00e9tricos - Impulso Energ\u00eda","og_description":"Cerim\u00f4nia de apresenta\u00e7\u00e3o da Carta Pol\u00edtica de Mobilidade El\u00e9trica e dos primeiros ve\u00edculos 100% el\u00e9tricos","og_url":"https:\/\/www.impulsoenergia.eu\/pt-pt\/ceremonia-de-presentacion-de-la-carta-politica-de-movilidad-electrica-y-los-primeros-vehiculos-100-electricos\/","og_site_name":"Impulso Energ\u00eda","article_published_time":"2019-02-07T20:19:22+00:00","article_modified_time":"2024-02-23T09:48:35+00:00","og_image":[{"width":1586,"height":646,"url":"https:\/\/www.impulsoenergia.eu\/custom\/uploads\/2021\/10\/cpme.jpg","type":"image\/jpeg"}],"author":"impulso","twitter_card":"summary_large_image","twitter_misc":{"Written by":"impulso","Est. reading time":"1 minute"},"schema":{"@context":"https:\/\/schema.org","@graph":[{"@type":"Article","@id":"https:\/\/www.impulsoenergia.eu\/pt-pt\/ceremonia-de-presentacion-de-la-carta-politica-de-movilidad-electrica-y-los-primeros-vehiculos-100-electricos\/#article","isPartOf":{"@id":"https:\/\/www.impulsoenergia.eu\/pt-pt\/ceremonia-de-presentacion-de-la-carta-politica-de-movilidad-electrica-y-los-primeros-vehiculos-100-electricos\/"},"author":{"name":"impulso","@id":"https:\/\/www.impulsoenergia.eu\/#\/schema\/person\/a4800b7d1e4a7865a27c03f63acc5859"},"headline":"Cerim\u00f4nia de apresenta\u00e7\u00e3o da Carta Pol\u00edtica de Mobilidade El\u00e9trica e dos primeiros ve\u00edculos 100% el\u00e9tricos","datePublished":"2019-02-07T20:19:22+00:00","dateModified":"2024-02-23T09:48:35+00:00","mainEntityOfPage":{"@id":"https:\/\/www.impulsoenergia.eu\/pt-pt\/ceremonia-de-presentacion-de-la-carta-politica-de-movilidad-electrica-y-los-primeros-vehiculos-100-electricos\/"},"wordCount":213,"publisher":{"@id":"https:\/\/www.impulsoenergia.eu\/#organization"},"image":{"@id":"https:\/\/www.impulsoenergia.eu\/pt-pt\/ceremonia-de-presentacion-de-la-carta-politica-de-movilidad-electrica-y-los-primeros-vehiculos-100-electricos\/#primaryimage"},"thumbnailUrl":"https:\/\/www.impulsoenergia.eu\/custom\/uploads\/2021\/10\/cpme.jpg","articleSection":["Noticias APP"],"inLanguage":"pt-PT"},{"@type":"WebPage","@id":"https:\/\/www.impulsoenergia.eu\/pt-pt\/ceremonia-de-presentacion-de-la-carta-politica-de-movilidad-electrica-y-los-primeros-vehiculos-100-electricos\/","url":"https:\/\/www.impulsoenergia.eu\/pt-pt\/ceremonia-de-presentacion-de-la-carta-politica-de-movilidad-electrica-y-los-primeros-vehiculos-100-electricos\/","name":"Cerim\u00f4nia de apresenta\u00e7\u00e3o da Carta Pol\u00edtica de Mobilidade El\u00e9trica e dos primeiros ve\u00edculos 100% el\u00e9tricos - Impulso Energ\u00eda","isPartOf":{"@id":"https:\/\/www.impulsoenergia.eu\/#website"},"primaryImageOfPage":{"@id":"https:\/\/www.impulsoenergia.eu\/pt-pt\/ceremonia-de-presentacion-de-la-carta-politica-de-movilidad-electrica-y-los-primeros-vehiculos-100-electricos\/#primaryimage"},"image":{"@id":"https:\/\/www.impulsoenergia.eu\/pt-pt\/ceremonia-de-presentacion-de-la-carta-politica-de-movilidad-electrica-y-los-primeros-vehiculos-100-electricos\/#primaryimage"},"thumbnailUrl":"https:\/\/www.impulsoenergia.eu\/custom\/uploads\/2021\/10\/cpme.jpg","datePublished":"2019-02-07T20:19:22+00:00","dateModified":"2024-02-23T09:48:35+00:00","description":"Cerim\u00f4nia de apresenta\u00e7\u00e3o da Carta Pol\u00edtica de Mobilidade El\u00e9trica e dos primeiros ve\u00edculos 100% el\u00e9tricos","breadcrumb":{"@id":"https:\/\/www.impulsoenergia.eu\/pt-pt\/ceremonia-de-presentacion-de-la-carta-politica-de-movilidad-electrica-y-los-primeros-vehiculos-100-electricos\/#breadcrumb"},"inLanguage":"pt-PT","potentialAction":[{"@type":"ReadAction","target":["https:\/\/www.impulsoenergia.eu\/pt-pt\/ceremonia-de-presentacion-de-la-carta-politica-de-movilidad-electrica-y-los-primeros-vehiculos-100-electricos\/"]}]},{"@type":"ImageObject","inLanguage":"pt-PT","@id":"https:\/\/www.impulsoenergia.eu\/pt-pt\/ceremonia-de-presentacion-de-la-carta-politica-de-movilidad-electrica-y-los-primeros-vehiculos-100-electricos\/#primaryimage","url":"https:\/\/www.impulsoenergia.eu\/custom\/uploads\/2021\/10\/cpme.jpg","contentUrl":"https:\/\/www.impulsoenergia.eu\/custom\/uploads\/2021\/10\/cpme.jpg","width":1586,"height":646},{"@type":"BreadcrumbList","@id":"https:\/\/www.impulsoenergia.eu\/pt-pt\/ceremonia-de-presentacion-de-la-carta-politica-de-movilidad-electrica-y-los-primeros-vehiculos-100-electricos\/#breadcrumb","itemListElement":[{"@type":"ListItem","position":1,"name":"Portada","item":"https:\/\/www.impulsoenergia.eu\/pt-pt\/"},{"@type":"ListItem","position":2,"name":"Cerim\u00f4nia de apresenta\u00e7\u00e3o da Carta Pol\u00edtica de Mobilidade El\u00e9trica e dos primeiros ve\u00edculos 100% el\u00e9tricos"}]},{"@type":"WebSite","@id":"https:\/\/www.impulsoenergia.eu\/#website","url":"https:\/\/www.impulsoenergia.eu\/","name":"Impulso Energ\u00eda","description":"Desarrollo e inversi\u00f3n en los sectores de la energ\u00eda y el agua","publisher":{"@id":"https:\/\/www.impulsoenergia.eu\/#organization"},"potentialAction":[{"@type":"SearchAction","target":{"@type":"EntryPoint","urlTemplate":"https:\/\/www.impulsoenergia.eu\/?s={search_term_string}"},"query-input":{"@type":"PropertyValueSpecification","valueRequired":true,"valueName":"search_term_string"}}],"inLanguage":"pt-PT"},{"@type":"Organization","@id":"https:\/\/www.impulsoenergia.eu\/#organization","name":"Impulso Energ\u00eda","url":"https:\/\/www.impulsoenergia.eu\/","logo":{"@type":"ImageObject","inLanguage":"pt-PT","@id":"https:\/\/www.impulsoenergia.eu\/#\/schema\/logo\/image\/","url":"https:\/\/www.impulsoenergia.eu\/custom\/uploads\/2022\/09\/logo-impulso.jpg","contentUrl":"https:\/\/www.impulsoenergia.eu\/custom\/uploads\/2022\/09\/logo-impulso.jpg","width":232,"height":75,"caption":"Impulso Energ\u00eda"},"image":{"@id":"https:\/\/www.impulsoenergia.eu\/#\/schema\/logo\/image\/"}},{"@type":"Person","@id":"https:\/\/www.impulsoenergia.eu\/#\/schema\/person\/a4800b7d1e4a7865a27c03f63acc5859","name":"impulso","image":{"@type":"ImageObject","inLanguage":"pt-PT","@id":"https:\/\/www.impulsoenergia.eu\/#\/schema\/person\/image\/","url":"https:\/\/secure.gravatar.com\/avatar\/fe57a3f139ea81c65a338e37a8064b4e80844f839737532820c9107eb9e1966f?s=96&d=mm&r=g","contentUrl":"https:\/\/secure.gravatar.com\/avatar\/fe57a3f139ea81c65a338e37a8064b4e80844f839737532820c9107eb9e1966f?s=96&d=mm&r=g","caption":"impulso"},"url":"https:\/\/www.impulsoenergia.eu\/pt-pt\/author\/impulso\/"}]}},"_links":{"self":[{"href":"https:\/\/www.impulsoenergia.eu\/pt-pt\/wp-json\/wp\/v2\/posts\/1518","targetHints":{"allow":["GET"]}}],"collection":[{"href":"https:\/\/www.impulsoenergia.eu\/pt-pt\/wp-json\/wp\/v2\/posts"}],"about":[{"href":"https:\/\/www.impulsoenergia.eu\/pt-pt\/wp-json\/wp\/v2\/types\/post"}],"author":[{"embeddable":true,"href":"https:\/\/www.impulsoenergia.eu\/pt-pt\/wp-json\/wp\/v2\/users\/1"}],"replies":[{"embeddable":true,"href":"https:\/\/www.impulsoenergia.eu\/pt-pt\/wp-json\/wp\/v2\/comments?post=1518"}],"version-history":[{"count":2,"href":"https:\/\/www.impulsoenergia.eu\/pt-pt\/wp-json\/wp\/v2\/posts\/1518\/revisions"}],"predecessor-version":[{"id":1520,"href":"https:\/\/www.impulsoenergia.eu\/pt-pt\/wp-json\/wp\/v2\/posts\/1518\/revisions\/1520"}],"wp:featuredmedia":[{"embeddable":true,"href":"https:\/\/www.impulsoenergia.eu\/pt-pt\/wp-json\/wp\/v2\/media\/1316"}],"wp:attachment":[{"href":"https:\/\/www.impulsoenergia.eu\/pt-pt\/wp-json\/wp\/v2\/media?parent=1518"}],"wp:term":[{"taxonomy":"category","embeddable":true,"href":"https:\/\/www.impulsoenergia.eu\/pt-pt\/wp-json\/wp\/v2\/categories?post=1518"}],"curies":[{"name":"wp","href":"https:\/\/api.w.org\/{rel}","templated":true}]}}