{"id":1490,"date":"2021-10-13T14:12:32","date_gmt":"2021-10-13T14:12:32","guid":{"rendered":"https:\/\/www.impulsoenergia.eu\/el-ministro-de-agricultura-y-ambiente-visito-las-obras-de-ampliacion-de-la-edar-de-santa-maria-reportaje-tcv\/"},"modified":"2024-02-22T10:00:29","modified_gmt":"2024-02-22T10:00:29","slug":"el-ministro-de-agricultura-y-ambiente-visito-las-obras-de-ampliacion-de-la-edar-de-santa-maria-reportaje-tcv","status":"publish","type":"post","link":"https:\/\/www.impulsoenergia.eu\/pt-pt\/el-ministro-de-agricultura-y-ambiente-visito-las-obras-de-ampliacion-de-la-edar-de-santa-maria-reportaje-tcv\/","title":{"rendered":"O Ministro da Agricultura e Ambiente visitou as obras de amplia\u00e7\u00e3o da EDAR de Santa Maria. Reportagem TCV"},"content":{"rendered":"<p>Gilberto Silva, Ministro da Agricultura e Ambiente de Cabo Verde, visitou a Ilha do Sal para acompanhar a evolu\u00e7\u00e3o das obras de melhoria do sistema de saneamento de \u00e1guas residuais de Santa Maria<\/p>\n<p><iframe loading=\"lazy\" title=\"YouTube video player\" src=\"https:\/\/www.youtube.com\/embed\/56XlC6sdOas\" width=\"750\" height=\"520\" frameborder=\"0\" allowfullscreen=\"allowfullscreen\"><\/iframe><\/p>\n","protected":false},"excerpt":{"rendered":"<p>Gilberto Silva, Ministro da Agricultura e Ambiente de Cabo Verde, visitou a Ilha do Sal para acompanhar a evolu\u00e7\u00e3o das [&hellip;]<\/p>\n","protected":false},"author":1,"featured_media":1315,"comment_status":"closed","ping_status":"closed","sticky":false,"template":"","format":"standard","meta":{"_acf_changed":false,"footnotes":""},"categories":[61],"class_list":["post-1490","post","type-post","status-publish","format-standard","has-post-thumbnail","hentry","category-app-pt-pt"],"acf":[],"yoast_head":"<!-- This site is optimized with the Yoast SEO plugin v25.6 - https:\/\/yoast.com\/wordpress\/plugins\/seo\/ -->\n<title>O Ministro da Agricultura e Ambiente visitou as obras de amplia\u00e7\u00e3o da EDAR de Santa Maria. Reportagem TCV - Impulso Energ\u00eda<\/title>\n<meta name=\"description\" content=\"Gilberto Silva, Ministro da Agricultura e Ambiente de Cabo Verde, visitou a Ilha do Sal para acompanhar a evolu\u00e7\u00e3o das obras de melhoria do sistema de saneamento de \u00e1guas residuais de Santa Maria.\" \/>\n<meta name=\"robots\" content=\"index, follow, max-snippet:-1, max-image-preview:large, max-video-preview:-1\" \/>\n<link rel=\"canonical\" href=\"https:\/\/www.impulsoenergia.eu\/pt-pt\/el-ministro-de-agricultura-y-ambiente-visito-las-obras-de-ampliacion-de-la-edar-de-santa-maria-reportaje-tcv\/\" \/>\n<meta property=\"og:locale\" content=\"pt_PT\" \/>\n<meta property=\"og:type\" content=\"article\" \/>\n<meta property=\"og:title\" content=\"O Ministro da Agricultura e Ambiente visitou as obras de amplia\u00e7\u00e3o da EDAR de Santa Maria. Reportagem TCV - Impulso Energ\u00eda\" \/>\n<meta property=\"og:description\" content=\"Gilberto Silva, Ministro da Agricultura e Ambiente de Cabo Verde, visitou a Ilha do Sal para acompanhar a evolu\u00e7\u00e3o das obras de melhoria do sistema de saneamento de \u00e1guas residuais de Santa Maria.\" \/>\n<meta property=\"og:url\" content=\"https:\/\/www.impulsoenergia.eu\/pt-pt\/el-ministro-de-agricultura-y-ambiente-visito-las-obras-de-ampliacion-de-la-edar-de-santa-maria-reportaje-tcv\/\" \/>\n<meta property=\"og:site_name\" content=\"Impulso Energ\u00eda\" \/>\n<meta property=\"article:published_time\" content=\"2021-10-13T14:12:32+00:00\" \/>\n<meta property=\"article:modified_time\" content=\"2024-02-22T10:00:29+00:00\" \/>\n<meta property=\"og:image\" content=\"https:\/\/www.impulsoenergia.eu\/custom\/uploads\/2021\/10\/FBaQw72WYAEioeR.jpg\" \/>\n\t<meta property=\"og:image:width\" content=\"1600\" \/>\n\t<meta property=\"og:image:height\" content=\"716\" \/>\n\t<meta property=\"og:image:type\" content=\"image\/jpeg\" \/>\n<meta name=\"author\" content=\"impulso\" \/>\n<meta name=\"twitter:card\" content=\"summary_large_image\" \/>\n<meta name=\"twitter:label1\" content=\"Written by\" \/>\n\t<meta name=\"twitter:data1\" content=\"impulso\" \/>\n\t<meta name=\"twitter:label2\" content=\"Est. reading time\" \/>\n\t<meta name=\"twitter:data2\" content=\"1 minute\" \/>\n<script type=\"application\/ld+json\" class=\"yoast-schema-graph\">{\"@context\":\"https:\/\/schema.org\",\"@graph\":[{\"@type\":\"Article\",\"@id\":\"https:\/\/www.impulsoenergia.eu\/pt-pt\/el-ministro-de-agricultura-y-ambiente-visito-las-obras-de-ampliacion-de-la-edar-de-santa-maria-reportaje-tcv\/#article\",\"isPartOf\":{\"@id\":\"https:\/\/www.impulsoenergia.eu\/pt-pt\/el-ministro-de-agricultura-y-ambiente-visito-las-obras-de-ampliacion-de-la-edar-de-santa-maria-reportaje-tcv\/\"},\"author\":{\"name\":\"impulso\",\"@id\":\"https:\/\/www.impulsoenergia.eu\/#\/schema\/person\/a4800b7d1e4a7865a27c03f63acc5859\"},\"headline\":\"O Ministro da Agricultura e Ambiente visitou as obras de amplia\u00e7\u00e3o da EDAR de Santa Maria. Reportagem TCV\",\"datePublished\":\"2021-10-13T14:12:32+00:00\",\"dateModified\":\"2024-02-22T10:00:29+00:00\",\"mainEntityOfPage\":{\"@id\":\"https:\/\/www.impulsoenergia.eu\/pt-pt\/el-ministro-de-agricultura-y-ambiente-visito-las-obras-de-ampliacion-de-la-edar-de-santa-maria-reportaje-tcv\/\"},\"wordCount\":53,\"publisher\":{\"@id\":\"https:\/\/www.impulsoenergia.eu\/#organization\"},\"image\":{\"@id\":\"https:\/\/www.impulsoenergia.eu\/pt-pt\/el-ministro-de-agricultura-y-ambiente-visito-las-obras-de-ampliacion-de-la-edar-de-santa-maria-reportaje-tcv\/#primaryimage\"},\"thumbnailUrl\":\"https:\/\/www.impulsoenergia.eu\/custom\/uploads\/2021\/10\/FBaQw72WYAEioeR.jpg\",\"articleSection\":[\"Noticias APP\"],\"inLanguage\":\"pt-PT\"},{\"@type\":\"WebPage\",\"@id\":\"https:\/\/www.impulsoenergia.eu\/pt-pt\/el-ministro-de-agricultura-y-ambiente-visito-las-obras-de-ampliacion-de-la-edar-de-santa-maria-reportaje-tcv\/\",\"url\":\"https:\/\/www.impulsoenergia.eu\/pt-pt\/el-ministro-de-agricultura-y-ambiente-visito-las-obras-de-ampliacion-de-la-edar-de-santa-maria-reportaje-tcv\/\",\"name\":\"O Ministro da Agricultura e Ambiente visitou as obras de amplia\u00e7\u00e3o da EDAR de Santa Maria. Reportagem TCV - Impulso Energ\u00eda\",\"isPartOf\":{\"@id\":\"https:\/\/www.impulsoenergia.eu\/#website\"},\"primaryImageOfPage\":{\"@id\":\"https:\/\/www.impulsoenergia.eu\/pt-pt\/el-ministro-de-agricultura-y-ambiente-visito-las-obras-de-ampliacion-de-la-edar-de-santa-maria-reportaje-tcv\/#primaryimage\"},\"image\":{\"@id\":\"https:\/\/www.impulsoenergia.eu\/pt-pt\/el-ministro-de-agricultura-y-ambiente-visito-las-obras-de-ampliacion-de-la-edar-de-santa-maria-reportaje-tcv\/#primaryimage\"},\"thumbnailUrl\":\"https:\/\/www.impulsoenergia.eu\/custom\/uploads\/2021\/10\/FBaQw72WYAEioeR.jpg\",\"datePublished\":\"2021-10-13T14:12:32+00:00\",\"dateModified\":\"2024-02-22T10:00:29+00:00\",\"description\":\"Gilberto Silva, Ministro da Agricultura e Ambiente de Cabo Verde, visitou a Ilha do Sal para acompanhar a evolu\u00e7\u00e3o das obras de melhoria do sistema de saneamento de \u00e1guas residuais de Santa Maria.\",\"breadcrumb\":{\"@id\":\"https:\/\/www.impulsoenergia.eu\/pt-pt\/el-ministro-de-agricultura-y-ambiente-visito-las-obras-de-ampliacion-de-la-edar-de-santa-maria-reportaje-tcv\/#breadcrumb\"},\"inLanguage\":\"pt-PT\",\"potentialAction\":[{\"@type\":\"ReadAction\",\"target\":[\"https:\/\/www.impulsoenergia.eu\/pt-pt\/el-ministro-de-agricultura-y-ambiente-visito-las-obras-de-ampliacion-de-la-edar-de-santa-maria-reportaje-tcv\/\"]}]},{\"@type\":\"ImageObject\",\"inLanguage\":\"pt-PT\",\"@id\":\"https:\/\/www.impulsoenergia.eu\/pt-pt\/el-ministro-de-agricultura-y-ambiente-visito-las-obras-de-ampliacion-de-la-edar-de-santa-maria-reportaje-tcv\/#primaryimage\",\"url\":\"https:\/\/www.impulsoenergia.eu\/custom\/uploads\/2021\/10\/FBaQw72WYAEioeR.jpg\",\"contentUrl\":\"https:\/\/www.impulsoenergia.eu\/custom\/uploads\/2021\/10\/FBaQw72WYAEioeR.jpg\",\"width\":1600,\"height\":716},{\"@type\":\"BreadcrumbList\",\"@id\":\"https:\/\/www.impulsoenergia.eu\/pt-pt\/el-ministro-de-agricultura-y-ambiente-visito-las-obras-de-ampliacion-de-la-edar-de-santa-maria-reportaje-tcv\/#breadcrumb\",\"itemListElement\":[{\"@type\":\"ListItem\",\"position\":1,\"name\":\"Portada\",\"item\":\"https:\/\/www.impulsoenergia.eu\/pt-pt\/\"},{\"@type\":\"ListItem\",\"position\":2,\"name\":\"O Ministro da Agricultura e Ambiente visitou as obras de amplia\u00e7\u00e3o da EDAR de Santa Maria. Reportagem TCV\"}]},{\"@type\":\"WebSite\",\"@id\":\"https:\/\/www.impulsoenergia.eu\/#website\",\"url\":\"https:\/\/www.impulsoenergia.eu\/\",\"name\":\"Impulso Energ\u00eda\",\"description\":\"Desarrollo e inversi\u00f3n en los sectores de la energ\u00eda y el agua\",\"publisher\":{\"@id\":\"https:\/\/www.impulsoenergia.eu\/#organization\"},\"potentialAction\":[{\"@type\":\"SearchAction\",\"target\":{\"@type\":\"EntryPoint\",\"urlTemplate\":\"https:\/\/www.impulsoenergia.eu\/?s={search_term_string}\"},\"query-input\":{\"@type\":\"PropertyValueSpecification\",\"valueRequired\":true,\"valueName\":\"search_term_string\"}}],\"inLanguage\":\"pt-PT\"},{\"@type\":\"Organization\",\"@id\":\"https:\/\/www.impulsoenergia.eu\/#organization\",\"name\":\"Impulso Energ\u00eda\",\"url\":\"https:\/\/www.impulsoenergia.eu\/\",\"logo\":{\"@type\":\"ImageObject\",\"inLanguage\":\"pt-PT\",\"@id\":\"https:\/\/www.impulsoenergia.eu\/#\/schema\/logo\/image\/\",\"url\":\"https:\/\/www.impulsoenergia.eu\/custom\/uploads\/2022\/09\/logo-impulso.jpg\",\"contentUrl\":\"https:\/\/www.impulsoenergia.eu\/custom\/uploads\/2022\/09\/logo-impulso.jpg\",\"width\":232,\"height\":75,\"caption\":\"Impulso Energ\u00eda\"},\"image\":{\"@id\":\"https:\/\/www.impulsoenergia.eu\/#\/schema\/logo\/image\/\"}},{\"@type\":\"Person\",\"@id\":\"https:\/\/www.impulsoenergia.eu\/#\/schema\/person\/a4800b7d1e4a7865a27c03f63acc5859\",\"name\":\"impulso\",\"image\":{\"@type\":\"ImageObject\",\"inLanguage\":\"pt-PT\",\"@id\":\"https:\/\/www.impulsoenergia.eu\/#\/schema\/person\/image\/\",\"url\":\"https:\/\/secure.gravatar.com\/avatar\/fe57a3f139ea81c65a338e37a8064b4e80844f839737532820c9107eb9e1966f?s=96&d=mm&r=g\",\"contentUrl\":\"https:\/\/secure.gravatar.com\/avatar\/fe57a3f139ea81c65a338e37a8064b4e80844f839737532820c9107eb9e1966f?s=96&d=mm&r=g\",\"caption\":\"impulso\"},\"url\":\"https:\/\/www.impulsoenergia.eu\/pt-pt\/author\/impulso\/\"}]}<\/script>\n<!-- \/ Yoast SEO plugin. -->","yoast_head_json":{"title":"O Ministro da Agricultura e Ambiente visitou as obras de amplia\u00e7\u00e3o da EDAR de Santa Maria. Reportagem TCV - Impulso Energ\u00eda","description":"Gilberto Silva, Ministro da Agricultura e Ambiente de Cabo Verde, visitou a Ilha do Sal para acompanhar a evolu\u00e7\u00e3o das obras de melhoria do sistema de saneamento de \u00e1guas residuais de Santa Maria.","robots":{"index":"index","follow":"follow","max-snippet":"max-snippet:-1","max-image-preview":"max-image-preview:large","max-video-preview":"max-video-preview:-1"},"canonical":"https:\/\/www.impulsoenergia.eu\/pt-pt\/el-ministro-de-agricultura-y-ambiente-visito-las-obras-de-ampliacion-de-la-edar-de-santa-maria-reportaje-tcv\/","og_locale":"pt_PT","og_type":"article","og_title":"O Ministro da Agricultura e Ambiente visitou as obras de amplia\u00e7\u00e3o da EDAR de Santa Maria. Reportagem TCV - Impulso Energ\u00eda","og_description":"Gilberto Silva, Ministro da Agricultura e Ambiente de Cabo Verde, visitou a Ilha do Sal para acompanhar a evolu\u00e7\u00e3o das obras de melhoria do sistema de saneamento de \u00e1guas residuais de Santa Maria.","og_url":"https:\/\/www.impulsoenergia.eu\/pt-pt\/el-ministro-de-agricultura-y-ambiente-visito-las-obras-de-ampliacion-de-la-edar-de-santa-maria-reportaje-tcv\/","og_site_name":"Impulso Energ\u00eda","article_published_time":"2021-10-13T14:12:32+00:00","article_modified_time":"2024-02-22T10:00:29+00:00","og_image":[{"width":1600,"height":716,"url":"https:\/\/www.impulsoenergia.eu\/custom\/uploads\/2021\/10\/FBaQw72WYAEioeR.jpg","type":"image\/jpeg"}],"author":"impulso","twitter_card":"summary_large_image","twitter_misc":{"Written by":"impulso","Est. reading time":"1 minute"},"schema":{"@context":"https:\/\/schema.org","@graph":[{"@type":"Article","@id":"https:\/\/www.impulsoenergia.eu\/pt-pt\/el-ministro-de-agricultura-y-ambiente-visito-las-obras-de-ampliacion-de-la-edar-de-santa-maria-reportaje-tcv\/#article","isPartOf":{"@id":"https:\/\/www.impulsoenergia.eu\/pt-pt\/el-ministro-de-agricultura-y-ambiente-visito-las-obras-de-ampliacion-de-la-edar-de-santa-maria-reportaje-tcv\/"},"author":{"name":"impulso","@id":"https:\/\/www.impulsoenergia.eu\/#\/schema\/person\/a4800b7d1e4a7865a27c03f63acc5859"},"headline":"O Ministro da Agricultura e Ambiente visitou as obras de amplia\u00e7\u00e3o da EDAR de Santa Maria. Reportagem TCV","datePublished":"2021-10-13T14:12:32+00:00","dateModified":"2024-02-22T10:00:29+00:00","mainEntityOfPage":{"@id":"https:\/\/www.impulsoenergia.eu\/pt-pt\/el-ministro-de-agricultura-y-ambiente-visito-las-obras-de-ampliacion-de-la-edar-de-santa-maria-reportaje-tcv\/"},"wordCount":53,"publisher":{"@id":"https:\/\/www.impulsoenergia.eu\/#organization"},"image":{"@id":"https:\/\/www.impulsoenergia.eu\/pt-pt\/el-ministro-de-agricultura-y-ambiente-visito-las-obras-de-ampliacion-de-la-edar-de-santa-maria-reportaje-tcv\/#primaryimage"},"thumbnailUrl":"https:\/\/www.impulsoenergia.eu\/custom\/uploads\/2021\/10\/FBaQw72WYAEioeR.jpg","articleSection":["Noticias APP"],"inLanguage":"pt-PT"},{"@type":"WebPage","@id":"https:\/\/www.impulsoenergia.eu\/pt-pt\/el-ministro-de-agricultura-y-ambiente-visito-las-obras-de-ampliacion-de-la-edar-de-santa-maria-reportaje-tcv\/","url":"https:\/\/www.impulsoenergia.eu\/pt-pt\/el-ministro-de-agricultura-y-ambiente-visito-las-obras-de-ampliacion-de-la-edar-de-santa-maria-reportaje-tcv\/","name":"O Ministro da Agricultura e Ambiente visitou as obras de amplia\u00e7\u00e3o da EDAR de Santa Maria. Reportagem TCV - Impulso Energ\u00eda","isPartOf":{"@id":"https:\/\/www.impulsoenergia.eu\/#website"},"primaryImageOfPage":{"@id":"https:\/\/www.impulsoenergia.eu\/pt-pt\/el-ministro-de-agricultura-y-ambiente-visito-las-obras-de-ampliacion-de-la-edar-de-santa-maria-reportaje-tcv\/#primaryimage"},"image":{"@id":"https:\/\/www.impulsoenergia.eu\/pt-pt\/el-ministro-de-agricultura-y-ambiente-visito-las-obras-de-ampliacion-de-la-edar-de-santa-maria-reportaje-tcv\/#primaryimage"},"thumbnailUrl":"https:\/\/www.impulsoenergia.eu\/custom\/uploads\/2021\/10\/FBaQw72WYAEioeR.jpg","datePublished":"2021-10-13T14:12:32+00:00","dateModified":"2024-02-22T10:00:29+00:00","description":"Gilberto Silva, Ministro da Agricultura e Ambiente de Cabo Verde, visitou a Ilha do Sal para acompanhar a evolu\u00e7\u00e3o das obras de melhoria do sistema de saneamento de \u00e1guas residuais de Santa Maria.","breadcrumb":{"@id":"https:\/\/www.impulsoenergia.eu\/pt-pt\/el-ministro-de-agricultura-y-ambiente-visito-las-obras-de-ampliacion-de-la-edar-de-santa-maria-reportaje-tcv\/#breadcrumb"},"inLanguage":"pt-PT","potentialAction":[{"@type":"ReadAction","target":["https:\/\/www.impulsoenergia.eu\/pt-pt\/el-ministro-de-agricultura-y-ambiente-visito-las-obras-de-ampliacion-de-la-edar-de-santa-maria-reportaje-tcv\/"]}]},{"@type":"ImageObject","inLanguage":"pt-PT","@id":"https:\/\/www.impulsoenergia.eu\/pt-pt\/el-ministro-de-agricultura-y-ambiente-visito-las-obras-de-ampliacion-de-la-edar-de-santa-maria-reportaje-tcv\/#primaryimage","url":"https:\/\/www.impulsoenergia.eu\/custom\/uploads\/2021\/10\/FBaQw72WYAEioeR.jpg","contentUrl":"https:\/\/www.impulsoenergia.eu\/custom\/uploads\/2021\/10\/FBaQw72WYAEioeR.jpg","width":1600,"height":716},{"@type":"BreadcrumbList","@id":"https:\/\/www.impulsoenergia.eu\/pt-pt\/el-ministro-de-agricultura-y-ambiente-visito-las-obras-de-ampliacion-de-la-edar-de-santa-maria-reportaje-tcv\/#breadcrumb","itemListElement":[{"@type":"ListItem","position":1,"name":"Portada","item":"https:\/\/www.impulsoenergia.eu\/pt-pt\/"},{"@type":"ListItem","position":2,"name":"O Ministro da Agricultura e Ambiente visitou as obras de amplia\u00e7\u00e3o da EDAR de Santa Maria. Reportagem TCV"}]},{"@type":"WebSite","@id":"https:\/\/www.impulsoenergia.eu\/#website","url":"https:\/\/www.impulsoenergia.eu\/","name":"Impulso Energ\u00eda","description":"Desarrollo e inversi\u00f3n en los sectores de la energ\u00eda y el agua","publisher":{"@id":"https:\/\/www.impulsoenergia.eu\/#organization"},"potentialAction":[{"@type":"SearchAction","target":{"@type":"EntryPoint","urlTemplate":"https:\/\/www.impulsoenergia.eu\/?s={search_term_string}"},"query-input":{"@type":"PropertyValueSpecification","valueRequired":true,"valueName":"search_term_string"}}],"inLanguage":"pt-PT"},{"@type":"Organization","@id":"https:\/\/www.impulsoenergia.eu\/#organization","name":"Impulso Energ\u00eda","url":"https:\/\/www.impulsoenergia.eu\/","logo":{"@type":"ImageObject","inLanguage":"pt-PT","@id":"https:\/\/www.impulsoenergia.eu\/#\/schema\/logo\/image\/","url":"https:\/\/www.impulsoenergia.eu\/custom\/uploads\/2022\/09\/logo-impulso.jpg","contentUrl":"https:\/\/www.impulsoenergia.eu\/custom\/uploads\/2022\/09\/logo-impulso.jpg","width":232,"height":75,"caption":"Impulso Energ\u00eda"},"image":{"@id":"https:\/\/www.impulsoenergia.eu\/#\/schema\/logo\/image\/"}},{"@type":"Person","@id":"https:\/\/www.impulsoenergia.eu\/#\/schema\/person\/a4800b7d1e4a7865a27c03f63acc5859","name":"impulso","image":{"@type":"ImageObject","inLanguage":"pt-PT","@id":"https:\/\/www.impulsoenergia.eu\/#\/schema\/person\/image\/","url":"https:\/\/secure.gravatar.com\/avatar\/fe57a3f139ea81c65a338e37a8064b4e80844f839737532820c9107eb9e1966f?s=96&d=mm&r=g","contentUrl":"https:\/\/secure.gravatar.com\/avatar\/fe57a3f139ea81c65a338e37a8064b4e80844f839737532820c9107eb9e1966f?s=96&d=mm&r=g","caption":"impulso"},"url":"https:\/\/www.impulsoenergia.eu\/pt-pt\/author\/impulso\/"}]}},"_links":{"self":[{"href":"https:\/\/www.impulsoenergia.eu\/pt-pt\/wp-json\/wp\/v2\/posts\/1490","targetHints":{"allow":["GET"]}}],"collection":[{"href":"https:\/\/www.impulsoenergia.eu\/pt-pt\/wp-json\/wp\/v2\/posts"}],"about":[{"href":"https:\/\/www.impulsoenergia.eu\/pt-pt\/wp-json\/wp\/v2\/types\/post"}],"author":[{"embeddable":true,"href":"https:\/\/www.impulsoenergia.eu\/pt-pt\/wp-json\/wp\/v2\/users\/1"}],"replies":[{"embeddable":true,"href":"https:\/\/www.impulsoenergia.eu\/pt-pt\/wp-json\/wp\/v2\/comments?post=1490"}],"version-history":[{"count":2,"href":"https:\/\/www.impulsoenergia.eu\/pt-pt\/wp-json\/wp\/v2\/posts\/1490\/revisions"}],"predecessor-version":[{"id":1492,"href":"https:\/\/www.impulsoenergia.eu\/pt-pt\/wp-json\/wp\/v2\/posts\/1490\/revisions\/1492"}],"wp:featuredmedia":[{"embeddable":true,"href":"https:\/\/www.impulsoenergia.eu\/pt-pt\/wp-json\/wp\/v2\/media\/1315"}],"wp:attachment":[{"href":"https:\/\/www.impulsoenergia.eu\/pt-pt\/wp-json\/wp\/v2\/media?parent=1490"}],"wp:term":[{"taxonomy":"category","embeddable":true,"href":"https:\/\/www.impulsoenergia.eu\/pt-pt\/wp-json\/wp\/v2\/categories?post=1490"}],"curies":[{"name":"wp","href":"https:\/\/api.w.org\/{rel}","templated":true}]}}