{"id":1483,"date":"2022-05-31T22:44:26","date_gmt":"2022-05-31T22:44:26","guid":{"rendered":"https:\/\/www.impulsoenergia.eu\/el-periodista-victor-sousa-conversa-con-randi-graca-sobre-energias-renovables\/"},"modified":"2024-02-22T09:55:08","modified_gmt":"2024-02-22T09:55:08","slug":"el-periodista-victor-sousa-conversa-con-randi-graca-sobre-energias-renovables","status":"publish","type":"post","link":"https:\/\/www.impulsoenergia.eu\/pt-pt\/el-periodista-victor-sousa-conversa-con-randi-graca-sobre-energias-renovables\/","title":{"rendered":"O jornalista V\u00edctor Sousa conversa com Randi Gra\u00e7a sobre Energias Renov\u00e1veis"},"content":{"rendered":"<p>V\u00edctor Sousa, jornalista do canal RTC &#8211; R\u00e1dio Televis\u00e3o Cabo-verdiana, entrevista Randi Gra\u00e7a, coordenador de mobilidade el\u00e9trica da \u00c1guas de Ponta Petra, sobre Energias Renov\u00e1veis.<\/p>\n<p>Gra\u00e7a explicou que a experi\u00eancia em mobilidade el\u00e9trica da \u00c1guas de Ponta Petro come\u00e7ou em 2019 com a aquisi\u00e7\u00e3o de 7 modelos BMW E3, aos quais se juntaram dois novos modelos NV200 da marca Nissan. Randi Gra\u00e7a tamb\u00e9m destacou os excelentes resultados da implementa\u00e7\u00e3o, tanto em efici\u00eancia energ\u00e9tica quanto na redu\u00e7\u00e3o dos custos operacionais em compara\u00e7\u00e3o com os carros a combust\u00e3o.<\/p>\n<p><iframe loading=\"lazy\" title=\"YouTube video player\" src=\"https:\/\/www.youtube.com\/embed\/JaY331h4uTo\" width=\"640\" height=\"480\" frameborder=\"0\" allowfullscreen=\"allowfullscreen\"><\/iframe><\/p>\n","protected":false},"excerpt":{"rendered":"<p>V\u00edctor Sousa, jornalista do canal RTC &#8211; R\u00e1dio Televis\u00e3o Cabo-verdiana, entrevista Randi Gra\u00e7a, coordenador de mobilidade el\u00e9trica da \u00c1guas de [&hellip;]<\/p>\n","protected":false},"author":1,"featured_media":1347,"comment_status":"closed","ping_status":"closed","sticky":false,"template":"","format":"standard","meta":{"_acf_changed":false,"footnotes":""},"categories":[61],"class_list":["post-1483","post","type-post","status-publish","format-standard","has-post-thumbnail","hentry","category-app-pt-pt"],"acf":[],"yoast_head":"<!-- This site is optimized with the Yoast SEO plugin v25.6 - https:\/\/yoast.com\/wordpress\/plugins\/seo\/ -->\n<title>O jornalista V\u00edctor Sousa conversa com Randi Gra\u00e7a sobre Energias Renov\u00e1veis - Impulso Energ\u00eda<\/title>\n<meta name=\"description\" content=\"O jornalista V\u00edctor Sousa conversa com Randi Gra\u00e7a, coordenador de mobilidade el\u00e9trica da \u00c1guas de Ponta Petra, sobre Energias Renov\u00e1veis.\" \/>\n<meta name=\"robots\" content=\"index, follow, max-snippet:-1, max-image-preview:large, max-video-preview:-1\" \/>\n<link rel=\"canonical\" href=\"https:\/\/www.impulsoenergia.eu\/pt-pt\/el-periodista-victor-sousa-conversa-con-randi-graca-sobre-energias-renovables\/\" \/>\n<meta property=\"og:locale\" content=\"pt_PT\" \/>\n<meta property=\"og:type\" content=\"article\" \/>\n<meta property=\"og:title\" content=\"O jornalista V\u00edctor Sousa conversa com Randi Gra\u00e7a sobre Energias Renov\u00e1veis - Impulso Energ\u00eda\" \/>\n<meta property=\"og:description\" content=\"O jornalista V\u00edctor Sousa conversa com Randi Gra\u00e7a, coordenador de mobilidade el\u00e9trica da \u00c1guas de Ponta Petra, sobre Energias Renov\u00e1veis.\" \/>\n<meta property=\"og:url\" content=\"https:\/\/www.impulsoenergia.eu\/pt-pt\/el-periodista-victor-sousa-conversa-con-randi-graca-sobre-energias-renovables\/\" \/>\n<meta property=\"og:site_name\" content=\"Impulso Energ\u00eda\" \/>\n<meta property=\"article:published_time\" content=\"2022-05-31T22:44:26+00:00\" \/>\n<meta property=\"article:modified_time\" content=\"2024-02-22T09:55:08+00:00\" \/>\n<meta property=\"og:image\" content=\"https:\/\/www.impulsoenergia.eu\/custom\/uploads\/2022\/05\/randi.jpg\" \/>\n\t<meta property=\"og:image:width\" content=\"1390\" \/>\n\t<meta property=\"og:image:height\" content=\"683\" \/>\n\t<meta property=\"og:image:type\" content=\"image\/jpeg\" \/>\n<meta name=\"author\" content=\"impulso\" \/>\n<meta name=\"twitter:card\" content=\"summary_large_image\" \/>\n<meta name=\"twitter:label1\" content=\"Written by\" \/>\n\t<meta name=\"twitter:data1\" content=\"impulso\" \/>\n\t<meta name=\"twitter:label2\" content=\"Est. reading time\" \/>\n\t<meta name=\"twitter:data2\" content=\"1 minute\" \/>\n<script type=\"application\/ld+json\" class=\"yoast-schema-graph\">{\"@context\":\"https:\/\/schema.org\",\"@graph\":[{\"@type\":\"Article\",\"@id\":\"https:\/\/www.impulsoenergia.eu\/pt-pt\/el-periodista-victor-sousa-conversa-con-randi-graca-sobre-energias-renovables\/#article\",\"isPartOf\":{\"@id\":\"https:\/\/www.impulsoenergia.eu\/pt-pt\/el-periodista-victor-sousa-conversa-con-randi-graca-sobre-energias-renovables\/\"},\"author\":{\"name\":\"impulso\",\"@id\":\"https:\/\/www.impulsoenergia.eu\/#\/schema\/person\/a4800b7d1e4a7865a27c03f63acc5859\"},\"headline\":\"O jornalista V\u00edctor Sousa conversa com Randi Gra\u00e7a sobre Energias Renov\u00e1veis\",\"datePublished\":\"2022-05-31T22:44:26+00:00\",\"dateModified\":\"2024-02-22T09:55:08+00:00\",\"mainEntityOfPage\":{\"@id\":\"https:\/\/www.impulsoenergia.eu\/pt-pt\/el-periodista-victor-sousa-conversa-con-randi-graca-sobre-energias-renovables\/\"},\"wordCount\":117,\"publisher\":{\"@id\":\"https:\/\/www.impulsoenergia.eu\/#organization\"},\"image\":{\"@id\":\"https:\/\/www.impulsoenergia.eu\/pt-pt\/el-periodista-victor-sousa-conversa-con-randi-graca-sobre-energias-renovables\/#primaryimage\"},\"thumbnailUrl\":\"https:\/\/www.impulsoenergia.eu\/custom\/uploads\/2022\/05\/randi.jpg\",\"articleSection\":[\"Noticias APP\"],\"inLanguage\":\"pt-PT\"},{\"@type\":\"WebPage\",\"@id\":\"https:\/\/www.impulsoenergia.eu\/pt-pt\/el-periodista-victor-sousa-conversa-con-randi-graca-sobre-energias-renovables\/\",\"url\":\"https:\/\/www.impulsoenergia.eu\/pt-pt\/el-periodista-victor-sousa-conversa-con-randi-graca-sobre-energias-renovables\/\",\"name\":\"O jornalista V\u00edctor Sousa conversa com Randi Gra\u00e7a sobre Energias Renov\u00e1veis - Impulso Energ\u00eda\",\"isPartOf\":{\"@id\":\"https:\/\/www.impulsoenergia.eu\/#website\"},\"primaryImageOfPage\":{\"@id\":\"https:\/\/www.impulsoenergia.eu\/pt-pt\/el-periodista-victor-sousa-conversa-con-randi-graca-sobre-energias-renovables\/#primaryimage\"},\"image\":{\"@id\":\"https:\/\/www.impulsoenergia.eu\/pt-pt\/el-periodista-victor-sousa-conversa-con-randi-graca-sobre-energias-renovables\/#primaryimage\"},\"thumbnailUrl\":\"https:\/\/www.impulsoenergia.eu\/custom\/uploads\/2022\/05\/randi.jpg\",\"datePublished\":\"2022-05-31T22:44:26+00:00\",\"dateModified\":\"2024-02-22T09:55:08+00:00\",\"description\":\"O jornalista V\u00edctor Sousa conversa com Randi Gra\u00e7a, coordenador de mobilidade el\u00e9trica da \u00c1guas de Ponta Petra, sobre Energias Renov\u00e1veis.\",\"breadcrumb\":{\"@id\":\"https:\/\/www.impulsoenergia.eu\/pt-pt\/el-periodista-victor-sousa-conversa-con-randi-graca-sobre-energias-renovables\/#breadcrumb\"},\"inLanguage\":\"pt-PT\",\"potentialAction\":[{\"@type\":\"ReadAction\",\"target\":[\"https:\/\/www.impulsoenergia.eu\/pt-pt\/el-periodista-victor-sousa-conversa-con-randi-graca-sobre-energias-renovables\/\"]}]},{\"@type\":\"ImageObject\",\"inLanguage\":\"pt-PT\",\"@id\":\"https:\/\/www.impulsoenergia.eu\/pt-pt\/el-periodista-victor-sousa-conversa-con-randi-graca-sobre-energias-renovables\/#primaryimage\",\"url\":\"https:\/\/www.impulsoenergia.eu\/custom\/uploads\/2022\/05\/randi.jpg\",\"contentUrl\":\"https:\/\/www.impulsoenergia.eu\/custom\/uploads\/2022\/05\/randi.jpg\",\"width\":1390,\"height\":683},{\"@type\":\"BreadcrumbList\",\"@id\":\"https:\/\/www.impulsoenergia.eu\/pt-pt\/el-periodista-victor-sousa-conversa-con-randi-graca-sobre-energias-renovables\/#breadcrumb\",\"itemListElement\":[{\"@type\":\"ListItem\",\"position\":1,\"name\":\"Portada\",\"item\":\"https:\/\/www.impulsoenergia.eu\/pt-pt\/\"},{\"@type\":\"ListItem\",\"position\":2,\"name\":\"O jornalista V\u00edctor Sousa conversa com Randi Gra\u00e7a sobre Energias Renov\u00e1veis\"}]},{\"@type\":\"WebSite\",\"@id\":\"https:\/\/www.impulsoenergia.eu\/#website\",\"url\":\"https:\/\/www.impulsoenergia.eu\/\",\"name\":\"Impulso Energ\u00eda\",\"description\":\"Desarrollo e inversi\u00f3n en los sectores de la energ\u00eda y el agua\",\"publisher\":{\"@id\":\"https:\/\/www.impulsoenergia.eu\/#organization\"},\"potentialAction\":[{\"@type\":\"SearchAction\",\"target\":{\"@type\":\"EntryPoint\",\"urlTemplate\":\"https:\/\/www.impulsoenergia.eu\/?s={search_term_string}\"},\"query-input\":{\"@type\":\"PropertyValueSpecification\",\"valueRequired\":true,\"valueName\":\"search_term_string\"}}],\"inLanguage\":\"pt-PT\"},{\"@type\":\"Organization\",\"@id\":\"https:\/\/www.impulsoenergia.eu\/#organization\",\"name\":\"Impulso Energ\u00eda\",\"url\":\"https:\/\/www.impulsoenergia.eu\/\",\"logo\":{\"@type\":\"ImageObject\",\"inLanguage\":\"pt-PT\",\"@id\":\"https:\/\/www.impulsoenergia.eu\/#\/schema\/logo\/image\/\",\"url\":\"https:\/\/www.impulsoenergia.eu\/custom\/uploads\/2022\/09\/logo-impulso.jpg\",\"contentUrl\":\"https:\/\/www.impulsoenergia.eu\/custom\/uploads\/2022\/09\/logo-impulso.jpg\",\"width\":232,\"height\":75,\"caption\":\"Impulso Energ\u00eda\"},\"image\":{\"@id\":\"https:\/\/www.impulsoenergia.eu\/#\/schema\/logo\/image\/\"}},{\"@type\":\"Person\",\"@id\":\"https:\/\/www.impulsoenergia.eu\/#\/schema\/person\/a4800b7d1e4a7865a27c03f63acc5859\",\"name\":\"impulso\",\"image\":{\"@type\":\"ImageObject\",\"inLanguage\":\"pt-PT\",\"@id\":\"https:\/\/www.impulsoenergia.eu\/#\/schema\/person\/image\/\",\"url\":\"https:\/\/secure.gravatar.com\/avatar\/fe57a3f139ea81c65a338e37a8064b4e80844f839737532820c9107eb9e1966f?s=96&d=mm&r=g\",\"contentUrl\":\"https:\/\/secure.gravatar.com\/avatar\/fe57a3f139ea81c65a338e37a8064b4e80844f839737532820c9107eb9e1966f?s=96&d=mm&r=g\",\"caption\":\"impulso\"},\"url\":\"https:\/\/www.impulsoenergia.eu\/pt-pt\/author\/impulso\/\"}]}<\/script>\n<!-- \/ Yoast SEO plugin. -->","yoast_head_json":{"title":"O jornalista V\u00edctor Sousa conversa com Randi Gra\u00e7a sobre Energias Renov\u00e1veis - Impulso Energ\u00eda","description":"O jornalista V\u00edctor Sousa conversa com Randi Gra\u00e7a, coordenador de mobilidade el\u00e9trica da \u00c1guas de Ponta Petra, sobre Energias Renov\u00e1veis.","robots":{"index":"index","follow":"follow","max-snippet":"max-snippet:-1","max-image-preview":"max-image-preview:large","max-video-preview":"max-video-preview:-1"},"canonical":"https:\/\/www.impulsoenergia.eu\/pt-pt\/el-periodista-victor-sousa-conversa-con-randi-graca-sobre-energias-renovables\/","og_locale":"pt_PT","og_type":"article","og_title":"O jornalista V\u00edctor Sousa conversa com Randi Gra\u00e7a sobre Energias Renov\u00e1veis - Impulso Energ\u00eda","og_description":"O jornalista V\u00edctor Sousa conversa com Randi Gra\u00e7a, coordenador de mobilidade el\u00e9trica da \u00c1guas de Ponta Petra, sobre Energias Renov\u00e1veis.","og_url":"https:\/\/www.impulsoenergia.eu\/pt-pt\/el-periodista-victor-sousa-conversa-con-randi-graca-sobre-energias-renovables\/","og_site_name":"Impulso Energ\u00eda","article_published_time":"2022-05-31T22:44:26+00:00","article_modified_time":"2024-02-22T09:55:08+00:00","og_image":[{"width":1390,"height":683,"url":"https:\/\/www.impulsoenergia.eu\/custom\/uploads\/2022\/05\/randi.jpg","type":"image\/jpeg"}],"author":"impulso","twitter_card":"summary_large_image","twitter_misc":{"Written by":"impulso","Est. reading time":"1 minute"},"schema":{"@context":"https:\/\/schema.org","@graph":[{"@type":"Article","@id":"https:\/\/www.impulsoenergia.eu\/pt-pt\/el-periodista-victor-sousa-conversa-con-randi-graca-sobre-energias-renovables\/#article","isPartOf":{"@id":"https:\/\/www.impulsoenergia.eu\/pt-pt\/el-periodista-victor-sousa-conversa-con-randi-graca-sobre-energias-renovables\/"},"author":{"name":"impulso","@id":"https:\/\/www.impulsoenergia.eu\/#\/schema\/person\/a4800b7d1e4a7865a27c03f63acc5859"},"headline":"O jornalista V\u00edctor Sousa conversa com Randi Gra\u00e7a sobre Energias Renov\u00e1veis","datePublished":"2022-05-31T22:44:26+00:00","dateModified":"2024-02-22T09:55:08+00:00","mainEntityOfPage":{"@id":"https:\/\/www.impulsoenergia.eu\/pt-pt\/el-periodista-victor-sousa-conversa-con-randi-graca-sobre-energias-renovables\/"},"wordCount":117,"publisher":{"@id":"https:\/\/www.impulsoenergia.eu\/#organization"},"image":{"@id":"https:\/\/www.impulsoenergia.eu\/pt-pt\/el-periodista-victor-sousa-conversa-con-randi-graca-sobre-energias-renovables\/#primaryimage"},"thumbnailUrl":"https:\/\/www.impulsoenergia.eu\/custom\/uploads\/2022\/05\/randi.jpg","articleSection":["Noticias APP"],"inLanguage":"pt-PT"},{"@type":"WebPage","@id":"https:\/\/www.impulsoenergia.eu\/pt-pt\/el-periodista-victor-sousa-conversa-con-randi-graca-sobre-energias-renovables\/","url":"https:\/\/www.impulsoenergia.eu\/pt-pt\/el-periodista-victor-sousa-conversa-con-randi-graca-sobre-energias-renovables\/","name":"O jornalista V\u00edctor Sousa conversa com Randi Gra\u00e7a sobre Energias Renov\u00e1veis - Impulso Energ\u00eda","isPartOf":{"@id":"https:\/\/www.impulsoenergia.eu\/#website"},"primaryImageOfPage":{"@id":"https:\/\/www.impulsoenergia.eu\/pt-pt\/el-periodista-victor-sousa-conversa-con-randi-graca-sobre-energias-renovables\/#primaryimage"},"image":{"@id":"https:\/\/www.impulsoenergia.eu\/pt-pt\/el-periodista-victor-sousa-conversa-con-randi-graca-sobre-energias-renovables\/#primaryimage"},"thumbnailUrl":"https:\/\/www.impulsoenergia.eu\/custom\/uploads\/2022\/05\/randi.jpg","datePublished":"2022-05-31T22:44:26+00:00","dateModified":"2024-02-22T09:55:08+00:00","description":"O jornalista V\u00edctor Sousa conversa com Randi Gra\u00e7a, coordenador de mobilidade el\u00e9trica da \u00c1guas de Ponta Petra, sobre Energias Renov\u00e1veis.","breadcrumb":{"@id":"https:\/\/www.impulsoenergia.eu\/pt-pt\/el-periodista-victor-sousa-conversa-con-randi-graca-sobre-energias-renovables\/#breadcrumb"},"inLanguage":"pt-PT","potentialAction":[{"@type":"ReadAction","target":["https:\/\/www.impulsoenergia.eu\/pt-pt\/el-periodista-victor-sousa-conversa-con-randi-graca-sobre-energias-renovables\/"]}]},{"@type":"ImageObject","inLanguage":"pt-PT","@id":"https:\/\/www.impulsoenergia.eu\/pt-pt\/el-periodista-victor-sousa-conversa-con-randi-graca-sobre-energias-renovables\/#primaryimage","url":"https:\/\/www.impulsoenergia.eu\/custom\/uploads\/2022\/05\/randi.jpg","contentUrl":"https:\/\/www.impulsoenergia.eu\/custom\/uploads\/2022\/05\/randi.jpg","width":1390,"height":683},{"@type":"BreadcrumbList","@id":"https:\/\/www.impulsoenergia.eu\/pt-pt\/el-periodista-victor-sousa-conversa-con-randi-graca-sobre-energias-renovables\/#breadcrumb","itemListElement":[{"@type":"ListItem","position":1,"name":"Portada","item":"https:\/\/www.impulsoenergia.eu\/pt-pt\/"},{"@type":"ListItem","position":2,"name":"O jornalista V\u00edctor Sousa conversa com Randi Gra\u00e7a sobre Energias Renov\u00e1veis"}]},{"@type":"WebSite","@id":"https:\/\/www.impulsoenergia.eu\/#website","url":"https:\/\/www.impulsoenergia.eu\/","name":"Impulso Energ\u00eda","description":"Desarrollo e inversi\u00f3n en los sectores de la energ\u00eda y el agua","publisher":{"@id":"https:\/\/www.impulsoenergia.eu\/#organization"},"potentialAction":[{"@type":"SearchAction","target":{"@type":"EntryPoint","urlTemplate":"https:\/\/www.impulsoenergia.eu\/?s={search_term_string}"},"query-input":{"@type":"PropertyValueSpecification","valueRequired":true,"valueName":"search_term_string"}}],"inLanguage":"pt-PT"},{"@type":"Organization","@id":"https:\/\/www.impulsoenergia.eu\/#organization","name":"Impulso Energ\u00eda","url":"https:\/\/www.impulsoenergia.eu\/","logo":{"@type":"ImageObject","inLanguage":"pt-PT","@id":"https:\/\/www.impulsoenergia.eu\/#\/schema\/logo\/image\/","url":"https:\/\/www.impulsoenergia.eu\/custom\/uploads\/2022\/09\/logo-impulso.jpg","contentUrl":"https:\/\/www.impulsoenergia.eu\/custom\/uploads\/2022\/09\/logo-impulso.jpg","width":232,"height":75,"caption":"Impulso Energ\u00eda"},"image":{"@id":"https:\/\/www.impulsoenergia.eu\/#\/schema\/logo\/image\/"}},{"@type":"Person","@id":"https:\/\/www.impulsoenergia.eu\/#\/schema\/person\/a4800b7d1e4a7865a27c03f63acc5859","name":"impulso","image":{"@type":"ImageObject","inLanguage":"pt-PT","@id":"https:\/\/www.impulsoenergia.eu\/#\/schema\/person\/image\/","url":"https:\/\/secure.gravatar.com\/avatar\/fe57a3f139ea81c65a338e37a8064b4e80844f839737532820c9107eb9e1966f?s=96&d=mm&r=g","contentUrl":"https:\/\/secure.gravatar.com\/avatar\/fe57a3f139ea81c65a338e37a8064b4e80844f839737532820c9107eb9e1966f?s=96&d=mm&r=g","caption":"impulso"},"url":"https:\/\/www.impulsoenergia.eu\/pt-pt\/author\/impulso\/"}]}},"_links":{"self":[{"href":"https:\/\/www.impulsoenergia.eu\/pt-pt\/wp-json\/wp\/v2\/posts\/1483","targetHints":{"allow":["GET"]}}],"collection":[{"href":"https:\/\/www.impulsoenergia.eu\/pt-pt\/wp-json\/wp\/v2\/posts"}],"about":[{"href":"https:\/\/www.impulsoenergia.eu\/pt-pt\/wp-json\/wp\/v2\/types\/post"}],"author":[{"embeddable":true,"href":"https:\/\/www.impulsoenergia.eu\/pt-pt\/wp-json\/wp\/v2\/users\/1"}],"replies":[{"embeddable":true,"href":"https:\/\/www.impulsoenergia.eu\/pt-pt\/wp-json\/wp\/v2\/comments?post=1483"}],"version-history":[{"count":2,"href":"https:\/\/www.impulsoenergia.eu\/pt-pt\/wp-json\/wp\/v2\/posts\/1483\/revisions"}],"predecessor-version":[{"id":1485,"href":"https:\/\/www.impulsoenergia.eu\/pt-pt\/wp-json\/wp\/v2\/posts\/1483\/revisions\/1485"}],"wp:featuredmedia":[{"embeddable":true,"href":"https:\/\/www.impulsoenergia.eu\/pt-pt\/wp-json\/wp\/v2\/media\/1347"}],"wp:attachment":[{"href":"https:\/\/www.impulsoenergia.eu\/pt-pt\/wp-json\/wp\/v2\/media?parent=1483"}],"wp:term":[{"taxonomy":"category","embeddable":true,"href":"https:\/\/www.impulsoenergia.eu\/pt-pt\/wp-json\/wp\/v2\/categories?post=1483"}],"curies":[{"name":"wp","href":"https:\/\/api.w.org\/{rel}","templated":true}]}}