{"id":1478,"date":"2022-12-01T17:00:34","date_gmt":"2022-12-01T17:00:34","guid":{"rendered":"https:\/\/www.impulsoenergia.eu\/ulisses-correia-e-silva-inauguracion-obras-ampliacion-etar-de-santa-maria\/"},"modified":"2024-02-22T09:38:50","modified_gmt":"2024-02-22T09:38:50","slug":"ulisses-correia-e-silva-inauguracion-obras-ampliacion-etar-de-santa-maria","status":"publish","type":"post","link":"https:\/\/www.impulsoenergia.eu\/pt-pt\/ulisses-correia-e-silva-inauguracion-obras-ampliacion-etar-de-santa-maria\/","title":{"rendered":"Ulisses Correia e Silva preside a inaugura\u00e7\u00e3o das obras de amplia\u00e7\u00e3o da ETAR de Santa Maria. Reportagem TCV"},"content":{"rendered":"<p>O Primeiro Ministro de Cabo Verde, Ulisses Correia e Silva, presidiu em 30 de novembro a inaugura\u00e7\u00e3o das obras de expans\u00e3o da Esta\u00e7\u00e3o de Tratamento de \u00c1guas Residuais (ETAR) de Santa Maria, na Ilha do Sal (Cabo Verde).<\/p>\n<p>A popula\u00e7\u00e3o de Santa Maria continua a progredir no desenvolvimento do ciclo integral da \u00e1gua, iniciado em 2017, com o lan\u00e7amento da expans\u00e3o do sistema de saneamento atrav\u00e9s da constru\u00e7\u00e3o de uma nova Esta\u00e7\u00e3o Elevat\u00f3ria em Ponta Sin\u00f3, a amplia\u00e7\u00e3o da Esta\u00e7\u00e3o de Tratamento de \u00c1guas Residuais (ETAR), e uma nova fase de produ\u00e7\u00e3o de \u00e1gua regenerada por ultrafiltra\u00e7\u00e3o e osmose inversa destinada \u00e0 irriga\u00e7\u00e3o.<\/p>\n<p>As obras na ETAR de Santa Maria permitiram aumentar a sua capacidade de tratamento, passando de um caudal m\u00e9dio de 2.500 m3\/dia para 3.750 m3\/dia.<\/p>\n<p>&nbsp;<\/p>\n<p><iframe loading=\"lazy\" title=\"YouTube video player\" src=\"https:\/\/www.youtube.com\/embed\/Xd1EU-7xdYc\" width=\"640\" height=\"480\" frameborder=\"0\" allowfullscreen=\"allowfullscreen\"><span data-mce-type=\"bookmark\" style=\"display: inline-block; width: 0px; overflow: hidden; line-height: 0;\" class=\"mce_SELRES_start\">\ufeff<\/span><\/iframe><\/p>\n","protected":false},"excerpt":{"rendered":"<p>O Primeiro Ministro de Cabo Verde, Ulisses Correia e Silva, presidiu em 30 de novembro a inaugura\u00e7\u00e3o das obras de [&hellip;]<\/p>\n","protected":false},"author":1,"featured_media":1358,"comment_status":"closed","ping_status":"closed","sticky":false,"template":"","format":"standard","meta":{"_acf_changed":false,"footnotes":""},"categories":[61],"class_list":["post-1478","post","type-post","status-publish","format-standard","has-post-thumbnail","hentry","category-app-pt-pt"],"acf":[],"yoast_head":"<!-- This site is optimized with the Yoast SEO plugin v25.6 - https:\/\/yoast.com\/wordpress\/plugins\/seo\/ -->\n<title>Ulisses Correia e Silva preside a inaugura\u00e7\u00e3o das obras de amplia\u00e7\u00e3o da ETAR de Santa Maria. Reportagem TCV - Impulso Energ\u00eda<\/title>\n<meta name=\"description\" content=\"Ulisses Correia e Silva preside a inaugura\u00e7\u00e3o das obras de amplia\u00e7\u00e3o da Esta\u00e7\u00e3o de Tratamento de \u00c1guas Residuais (ETAR) de Santa Maria, na Ilha do Sal.\" \/>\n<meta name=\"robots\" content=\"index, follow, max-snippet:-1, max-image-preview:large, max-video-preview:-1\" \/>\n<link rel=\"canonical\" href=\"https:\/\/www.impulsoenergia.eu\/pt-pt\/ulisses-correia-e-silva-inauguracion-obras-ampliacion-etar-de-santa-maria\/\" \/>\n<meta property=\"og:locale\" content=\"pt_PT\" \/>\n<meta property=\"og:type\" content=\"article\" \/>\n<meta property=\"og:title\" content=\"Ulisses Correia e Silva preside a inaugura\u00e7\u00e3o das obras de amplia\u00e7\u00e3o da ETAR de Santa Maria. Reportagem TCV - Impulso Energ\u00eda\" \/>\n<meta property=\"og:description\" content=\"Ulisses Correia e Silva preside a inaugura\u00e7\u00e3o das obras de amplia\u00e7\u00e3o da Esta\u00e7\u00e3o de Tratamento de \u00c1guas Residuais (ETAR) de Santa Maria, na Ilha do Sal.\" \/>\n<meta property=\"og:url\" content=\"https:\/\/www.impulsoenergia.eu\/pt-pt\/ulisses-correia-e-silva-inauguracion-obras-ampliacion-etar-de-santa-maria\/\" \/>\n<meta property=\"og:site_name\" content=\"Impulso Energ\u00eda\" \/>\n<meta property=\"article:published_time\" content=\"2022-12-01T17:00:34+00:00\" \/>\n<meta property=\"article:modified_time\" content=\"2024-02-22T09:38:50+00:00\" \/>\n<meta property=\"og:image\" content=\"https:\/\/www.impulsoenergia.eu\/custom\/uploads\/2022\/12\/Fi43VuTXEAEIOnV.jpg\" \/>\n\t<meta property=\"og:image:width\" content=\"650\" \/>\n\t<meta property=\"og:image:height\" content=\"500\" \/>\n\t<meta property=\"og:image:type\" content=\"image\/jpeg\" \/>\n<meta name=\"author\" content=\"impulso\" \/>\n<meta name=\"twitter:card\" content=\"summary_large_image\" \/>\n<meta name=\"twitter:label1\" content=\"Written by\" \/>\n\t<meta name=\"twitter:data1\" content=\"impulso\" \/>\n\t<meta name=\"twitter:label2\" content=\"Est. reading time\" \/>\n\t<meta name=\"twitter:data2\" content=\"1 minute\" \/>\n<script type=\"application\/ld+json\" class=\"yoast-schema-graph\">{\"@context\":\"https:\/\/schema.org\",\"@graph\":[{\"@type\":\"Article\",\"@id\":\"https:\/\/www.impulsoenergia.eu\/pt-pt\/ulisses-correia-e-silva-inauguracion-obras-ampliacion-etar-de-santa-maria\/#article\",\"isPartOf\":{\"@id\":\"https:\/\/www.impulsoenergia.eu\/pt-pt\/ulisses-correia-e-silva-inauguracion-obras-ampliacion-etar-de-santa-maria\/\"},\"author\":{\"name\":\"impulso\",\"@id\":\"https:\/\/www.impulsoenergia.eu\/#\/schema\/person\/a4800b7d1e4a7865a27c03f63acc5859\"},\"headline\":\"Ulisses Correia e Silva preside a inaugura\u00e7\u00e3o das obras de amplia\u00e7\u00e3o da ETAR de Santa Maria. Reportagem TCV\",\"datePublished\":\"2022-12-01T17:00:34+00:00\",\"dateModified\":\"2024-02-22T09:38:50+00:00\",\"mainEntityOfPage\":{\"@id\":\"https:\/\/www.impulsoenergia.eu\/pt-pt\/ulisses-correia-e-silva-inauguracion-obras-ampliacion-etar-de-santa-maria\/\"},\"wordCount\":162,\"publisher\":{\"@id\":\"https:\/\/www.impulsoenergia.eu\/#organization\"},\"image\":{\"@id\":\"https:\/\/www.impulsoenergia.eu\/pt-pt\/ulisses-correia-e-silva-inauguracion-obras-ampliacion-etar-de-santa-maria\/#primaryimage\"},\"thumbnailUrl\":\"https:\/\/www.impulsoenergia.eu\/custom\/uploads\/2022\/12\/Fi43VuTXEAEIOnV.jpg\",\"articleSection\":[\"Noticias APP\"],\"inLanguage\":\"pt-PT\"},{\"@type\":\"WebPage\",\"@id\":\"https:\/\/www.impulsoenergia.eu\/pt-pt\/ulisses-correia-e-silva-inauguracion-obras-ampliacion-etar-de-santa-maria\/\",\"url\":\"https:\/\/www.impulsoenergia.eu\/pt-pt\/ulisses-correia-e-silva-inauguracion-obras-ampliacion-etar-de-santa-maria\/\",\"name\":\"Ulisses Correia e Silva preside a inaugura\u00e7\u00e3o das obras de amplia\u00e7\u00e3o da ETAR de Santa Maria. Reportagem TCV - Impulso Energ\u00eda\",\"isPartOf\":{\"@id\":\"https:\/\/www.impulsoenergia.eu\/#website\"},\"primaryImageOfPage\":{\"@id\":\"https:\/\/www.impulsoenergia.eu\/pt-pt\/ulisses-correia-e-silva-inauguracion-obras-ampliacion-etar-de-santa-maria\/#primaryimage\"},\"image\":{\"@id\":\"https:\/\/www.impulsoenergia.eu\/pt-pt\/ulisses-correia-e-silva-inauguracion-obras-ampliacion-etar-de-santa-maria\/#primaryimage\"},\"thumbnailUrl\":\"https:\/\/www.impulsoenergia.eu\/custom\/uploads\/2022\/12\/Fi43VuTXEAEIOnV.jpg\",\"datePublished\":\"2022-12-01T17:00:34+00:00\",\"dateModified\":\"2024-02-22T09:38:50+00:00\",\"description\":\"Ulisses Correia e Silva preside a inaugura\u00e7\u00e3o das obras de amplia\u00e7\u00e3o da Esta\u00e7\u00e3o de Tratamento de \u00c1guas Residuais (ETAR) de Santa Maria, na Ilha do Sal.\",\"breadcrumb\":{\"@id\":\"https:\/\/www.impulsoenergia.eu\/pt-pt\/ulisses-correia-e-silva-inauguracion-obras-ampliacion-etar-de-santa-maria\/#breadcrumb\"},\"inLanguage\":\"pt-PT\",\"potentialAction\":[{\"@type\":\"ReadAction\",\"target\":[\"https:\/\/www.impulsoenergia.eu\/pt-pt\/ulisses-correia-e-silva-inauguracion-obras-ampliacion-etar-de-santa-maria\/\"]}]},{\"@type\":\"ImageObject\",\"inLanguage\":\"pt-PT\",\"@id\":\"https:\/\/www.impulsoenergia.eu\/pt-pt\/ulisses-correia-e-silva-inauguracion-obras-ampliacion-etar-de-santa-maria\/#primaryimage\",\"url\":\"https:\/\/www.impulsoenergia.eu\/custom\/uploads\/2022\/12\/Fi43VuTXEAEIOnV.jpg\",\"contentUrl\":\"https:\/\/www.impulsoenergia.eu\/custom\/uploads\/2022\/12\/Fi43VuTXEAEIOnV.jpg\",\"width\":650,\"height\":500},{\"@type\":\"BreadcrumbList\",\"@id\":\"https:\/\/www.impulsoenergia.eu\/pt-pt\/ulisses-correia-e-silva-inauguracion-obras-ampliacion-etar-de-santa-maria\/#breadcrumb\",\"itemListElement\":[{\"@type\":\"ListItem\",\"position\":1,\"name\":\"Portada\",\"item\":\"https:\/\/www.impulsoenergia.eu\/pt-pt\/\"},{\"@type\":\"ListItem\",\"position\":2,\"name\":\"Ulisses Correia e Silva preside a inaugura\u00e7\u00e3o das obras de amplia\u00e7\u00e3o da ETAR de Santa Maria. Reportagem TCV\"}]},{\"@type\":\"WebSite\",\"@id\":\"https:\/\/www.impulsoenergia.eu\/#website\",\"url\":\"https:\/\/www.impulsoenergia.eu\/\",\"name\":\"Impulso Energ\u00eda\",\"description\":\"Desarrollo e inversi\u00f3n en los sectores de la energ\u00eda y el agua\",\"publisher\":{\"@id\":\"https:\/\/www.impulsoenergia.eu\/#organization\"},\"potentialAction\":[{\"@type\":\"SearchAction\",\"target\":{\"@type\":\"EntryPoint\",\"urlTemplate\":\"https:\/\/www.impulsoenergia.eu\/?s={search_term_string}\"},\"query-input\":{\"@type\":\"PropertyValueSpecification\",\"valueRequired\":true,\"valueName\":\"search_term_string\"}}],\"inLanguage\":\"pt-PT\"},{\"@type\":\"Organization\",\"@id\":\"https:\/\/www.impulsoenergia.eu\/#organization\",\"name\":\"Impulso Energ\u00eda\",\"url\":\"https:\/\/www.impulsoenergia.eu\/\",\"logo\":{\"@type\":\"ImageObject\",\"inLanguage\":\"pt-PT\",\"@id\":\"https:\/\/www.impulsoenergia.eu\/#\/schema\/logo\/image\/\",\"url\":\"https:\/\/www.impulsoenergia.eu\/custom\/uploads\/2022\/09\/logo-impulso.jpg\",\"contentUrl\":\"https:\/\/www.impulsoenergia.eu\/custom\/uploads\/2022\/09\/logo-impulso.jpg\",\"width\":232,\"height\":75,\"caption\":\"Impulso Energ\u00eda\"},\"image\":{\"@id\":\"https:\/\/www.impulsoenergia.eu\/#\/schema\/logo\/image\/\"}},{\"@type\":\"Person\",\"@id\":\"https:\/\/www.impulsoenergia.eu\/#\/schema\/person\/a4800b7d1e4a7865a27c03f63acc5859\",\"name\":\"impulso\",\"image\":{\"@type\":\"ImageObject\",\"inLanguage\":\"pt-PT\",\"@id\":\"https:\/\/www.impulsoenergia.eu\/#\/schema\/person\/image\/\",\"url\":\"https:\/\/secure.gravatar.com\/avatar\/fe57a3f139ea81c65a338e37a8064b4e80844f839737532820c9107eb9e1966f?s=96&d=mm&r=g\",\"contentUrl\":\"https:\/\/secure.gravatar.com\/avatar\/fe57a3f139ea81c65a338e37a8064b4e80844f839737532820c9107eb9e1966f?s=96&d=mm&r=g\",\"caption\":\"impulso\"},\"url\":\"https:\/\/www.impulsoenergia.eu\/pt-pt\/author\/impulso\/\"}]}<\/script>\n<!-- \/ Yoast SEO plugin. -->","yoast_head_json":{"title":"Ulisses Correia e Silva preside a inaugura\u00e7\u00e3o das obras de amplia\u00e7\u00e3o da ETAR de Santa Maria. Reportagem TCV - Impulso Energ\u00eda","description":"Ulisses Correia e Silva preside a inaugura\u00e7\u00e3o das obras de amplia\u00e7\u00e3o da Esta\u00e7\u00e3o de Tratamento de \u00c1guas Residuais (ETAR) de Santa Maria, na Ilha do Sal.","robots":{"index":"index","follow":"follow","max-snippet":"max-snippet:-1","max-image-preview":"max-image-preview:large","max-video-preview":"max-video-preview:-1"},"canonical":"https:\/\/www.impulsoenergia.eu\/pt-pt\/ulisses-correia-e-silva-inauguracion-obras-ampliacion-etar-de-santa-maria\/","og_locale":"pt_PT","og_type":"article","og_title":"Ulisses Correia e Silva preside a inaugura\u00e7\u00e3o das obras de amplia\u00e7\u00e3o da ETAR de Santa Maria. Reportagem TCV - Impulso Energ\u00eda","og_description":"Ulisses Correia e Silva preside a inaugura\u00e7\u00e3o das obras de amplia\u00e7\u00e3o da Esta\u00e7\u00e3o de Tratamento de \u00c1guas Residuais (ETAR) de Santa Maria, na Ilha do Sal.","og_url":"https:\/\/www.impulsoenergia.eu\/pt-pt\/ulisses-correia-e-silva-inauguracion-obras-ampliacion-etar-de-santa-maria\/","og_site_name":"Impulso Energ\u00eda","article_published_time":"2022-12-01T17:00:34+00:00","article_modified_time":"2024-02-22T09:38:50+00:00","og_image":[{"width":650,"height":500,"url":"https:\/\/www.impulsoenergia.eu\/custom\/uploads\/2022\/12\/Fi43VuTXEAEIOnV.jpg","type":"image\/jpeg"}],"author":"impulso","twitter_card":"summary_large_image","twitter_misc":{"Written by":"impulso","Est. reading time":"1 minute"},"schema":{"@context":"https:\/\/schema.org","@graph":[{"@type":"Article","@id":"https:\/\/www.impulsoenergia.eu\/pt-pt\/ulisses-correia-e-silva-inauguracion-obras-ampliacion-etar-de-santa-maria\/#article","isPartOf":{"@id":"https:\/\/www.impulsoenergia.eu\/pt-pt\/ulisses-correia-e-silva-inauguracion-obras-ampliacion-etar-de-santa-maria\/"},"author":{"name":"impulso","@id":"https:\/\/www.impulsoenergia.eu\/#\/schema\/person\/a4800b7d1e4a7865a27c03f63acc5859"},"headline":"Ulisses Correia e Silva preside a inaugura\u00e7\u00e3o das obras de amplia\u00e7\u00e3o da ETAR de Santa Maria. Reportagem TCV","datePublished":"2022-12-01T17:00:34+00:00","dateModified":"2024-02-22T09:38:50+00:00","mainEntityOfPage":{"@id":"https:\/\/www.impulsoenergia.eu\/pt-pt\/ulisses-correia-e-silva-inauguracion-obras-ampliacion-etar-de-santa-maria\/"},"wordCount":162,"publisher":{"@id":"https:\/\/www.impulsoenergia.eu\/#organization"},"image":{"@id":"https:\/\/www.impulsoenergia.eu\/pt-pt\/ulisses-correia-e-silva-inauguracion-obras-ampliacion-etar-de-santa-maria\/#primaryimage"},"thumbnailUrl":"https:\/\/www.impulsoenergia.eu\/custom\/uploads\/2022\/12\/Fi43VuTXEAEIOnV.jpg","articleSection":["Noticias APP"],"inLanguage":"pt-PT"},{"@type":"WebPage","@id":"https:\/\/www.impulsoenergia.eu\/pt-pt\/ulisses-correia-e-silva-inauguracion-obras-ampliacion-etar-de-santa-maria\/","url":"https:\/\/www.impulsoenergia.eu\/pt-pt\/ulisses-correia-e-silva-inauguracion-obras-ampliacion-etar-de-santa-maria\/","name":"Ulisses Correia e Silva preside a inaugura\u00e7\u00e3o das obras de amplia\u00e7\u00e3o da ETAR de Santa Maria. Reportagem TCV - Impulso Energ\u00eda","isPartOf":{"@id":"https:\/\/www.impulsoenergia.eu\/#website"},"primaryImageOfPage":{"@id":"https:\/\/www.impulsoenergia.eu\/pt-pt\/ulisses-correia-e-silva-inauguracion-obras-ampliacion-etar-de-santa-maria\/#primaryimage"},"image":{"@id":"https:\/\/www.impulsoenergia.eu\/pt-pt\/ulisses-correia-e-silva-inauguracion-obras-ampliacion-etar-de-santa-maria\/#primaryimage"},"thumbnailUrl":"https:\/\/www.impulsoenergia.eu\/custom\/uploads\/2022\/12\/Fi43VuTXEAEIOnV.jpg","datePublished":"2022-12-01T17:00:34+00:00","dateModified":"2024-02-22T09:38:50+00:00","description":"Ulisses Correia e Silva preside a inaugura\u00e7\u00e3o das obras de amplia\u00e7\u00e3o da Esta\u00e7\u00e3o de Tratamento de \u00c1guas Residuais (ETAR) de Santa Maria, na Ilha do Sal.","breadcrumb":{"@id":"https:\/\/www.impulsoenergia.eu\/pt-pt\/ulisses-correia-e-silva-inauguracion-obras-ampliacion-etar-de-santa-maria\/#breadcrumb"},"inLanguage":"pt-PT","potentialAction":[{"@type":"ReadAction","target":["https:\/\/www.impulsoenergia.eu\/pt-pt\/ulisses-correia-e-silva-inauguracion-obras-ampliacion-etar-de-santa-maria\/"]}]},{"@type":"ImageObject","inLanguage":"pt-PT","@id":"https:\/\/www.impulsoenergia.eu\/pt-pt\/ulisses-correia-e-silva-inauguracion-obras-ampliacion-etar-de-santa-maria\/#primaryimage","url":"https:\/\/www.impulsoenergia.eu\/custom\/uploads\/2022\/12\/Fi43VuTXEAEIOnV.jpg","contentUrl":"https:\/\/www.impulsoenergia.eu\/custom\/uploads\/2022\/12\/Fi43VuTXEAEIOnV.jpg","width":650,"height":500},{"@type":"BreadcrumbList","@id":"https:\/\/www.impulsoenergia.eu\/pt-pt\/ulisses-correia-e-silva-inauguracion-obras-ampliacion-etar-de-santa-maria\/#breadcrumb","itemListElement":[{"@type":"ListItem","position":1,"name":"Portada","item":"https:\/\/www.impulsoenergia.eu\/pt-pt\/"},{"@type":"ListItem","position":2,"name":"Ulisses Correia e Silva preside a inaugura\u00e7\u00e3o das obras de amplia\u00e7\u00e3o da ETAR de Santa Maria. Reportagem TCV"}]},{"@type":"WebSite","@id":"https:\/\/www.impulsoenergia.eu\/#website","url":"https:\/\/www.impulsoenergia.eu\/","name":"Impulso Energ\u00eda","description":"Desarrollo e inversi\u00f3n en los sectores de la energ\u00eda y el agua","publisher":{"@id":"https:\/\/www.impulsoenergia.eu\/#organization"},"potentialAction":[{"@type":"SearchAction","target":{"@type":"EntryPoint","urlTemplate":"https:\/\/www.impulsoenergia.eu\/?s={search_term_string}"},"query-input":{"@type":"PropertyValueSpecification","valueRequired":true,"valueName":"search_term_string"}}],"inLanguage":"pt-PT"},{"@type":"Organization","@id":"https:\/\/www.impulsoenergia.eu\/#organization","name":"Impulso Energ\u00eda","url":"https:\/\/www.impulsoenergia.eu\/","logo":{"@type":"ImageObject","inLanguage":"pt-PT","@id":"https:\/\/www.impulsoenergia.eu\/#\/schema\/logo\/image\/","url":"https:\/\/www.impulsoenergia.eu\/custom\/uploads\/2022\/09\/logo-impulso.jpg","contentUrl":"https:\/\/www.impulsoenergia.eu\/custom\/uploads\/2022\/09\/logo-impulso.jpg","width":232,"height":75,"caption":"Impulso Energ\u00eda"},"image":{"@id":"https:\/\/www.impulsoenergia.eu\/#\/schema\/logo\/image\/"}},{"@type":"Person","@id":"https:\/\/www.impulsoenergia.eu\/#\/schema\/person\/a4800b7d1e4a7865a27c03f63acc5859","name":"impulso","image":{"@type":"ImageObject","inLanguage":"pt-PT","@id":"https:\/\/www.impulsoenergia.eu\/#\/schema\/person\/image\/","url":"https:\/\/secure.gravatar.com\/avatar\/fe57a3f139ea81c65a338e37a8064b4e80844f839737532820c9107eb9e1966f?s=96&d=mm&r=g","contentUrl":"https:\/\/secure.gravatar.com\/avatar\/fe57a3f139ea81c65a338e37a8064b4e80844f839737532820c9107eb9e1966f?s=96&d=mm&r=g","caption":"impulso"},"url":"https:\/\/www.impulsoenergia.eu\/pt-pt\/author\/impulso\/"}]}},"_links":{"self":[{"href":"https:\/\/www.impulsoenergia.eu\/pt-pt\/wp-json\/wp\/v2\/posts\/1478","targetHints":{"allow":["GET"]}}],"collection":[{"href":"https:\/\/www.impulsoenergia.eu\/pt-pt\/wp-json\/wp\/v2\/posts"}],"about":[{"href":"https:\/\/www.impulsoenergia.eu\/pt-pt\/wp-json\/wp\/v2\/types\/post"}],"author":[{"embeddable":true,"href":"https:\/\/www.impulsoenergia.eu\/pt-pt\/wp-json\/wp\/v2\/users\/1"}],"replies":[{"embeddable":true,"href":"https:\/\/www.impulsoenergia.eu\/pt-pt\/wp-json\/wp\/v2\/comments?post=1478"}],"version-history":[{"count":2,"href":"https:\/\/www.impulsoenergia.eu\/pt-pt\/wp-json\/wp\/v2\/posts\/1478\/revisions"}],"predecessor-version":[{"id":1480,"href":"https:\/\/www.impulsoenergia.eu\/pt-pt\/wp-json\/wp\/v2\/posts\/1478\/revisions\/1480"}],"wp:featuredmedia":[{"embeddable":true,"href":"https:\/\/www.impulsoenergia.eu\/pt-pt\/wp-json\/wp\/v2\/media\/1358"}],"wp:attachment":[{"href":"https:\/\/www.impulsoenergia.eu\/pt-pt\/wp-json\/wp\/v2\/media?parent=1478"}],"wp:term":[{"taxonomy":"category","embeddable":true,"href":"https:\/\/www.impulsoenergia.eu\/pt-pt\/wp-json\/wp\/v2\/categories?post=1478"}],"curies":[{"name":"wp","href":"https:\/\/api.w.org\/{rel}","templated":true}]}}