{"id":707,"date":"2019-02-07T20:19:22","date_gmt":"2019-02-07T20:19:22","guid":{"rendered":"https:\/\/www.impulsoenergia.eu\/ceremonia-de-presentacion-de-la-carta-politica-de-movilidad-electrica-y-los-primeros-vehiculos-100-electricos\/"},"modified":"2019-02-07T20:19:22","modified_gmt":"2019-02-07T20:19:22","slug":"ceremonia-de-presentacion-de-la-carta-politica-de-movilidad-electrica-y-los-primeros-vehiculos-100-electricos","status":"publish","type":"post","link":"https:\/\/www.impulsoenergia.eu\/en\/ceremonia-de-presentacion-de-la-carta-politica-de-movilidad-electrica-y-los-primeros-vehiculos-100-electricos\/","title":{"rendered":"Ceremonia de presentaci\u00f3n de la Carta Pol\u00edtica de Movilidad El\u00e9ctrica y los primeros veh\u00edculos 100% el\u00e9ctricos"},"content":{"rendered":"<p>La Carta de Pol\u00edtica de Movilidad El\u00e9ctrica fue presentada el 7 de febrero de 2019, en el Centro de Energ\u00edas Renovables y Mantenimiento Industrial (CERMI). El acto cont\u00f3 con la participaci\u00f3n del Primer Ministro, Ulisses Correia Silva y la presencia del Ministro de Industria, Comercio y Energ\u00eda, Ing. Alexandre Monteiro, la Encargada de Negocios del Gran Ducado de Luxemburgo, Ang\u00e8le Da Cruz,  el Embajador de la Uni\u00f3n Europea, el Embajador de Espa\u00f1a, el Director Ejecutivo de ECREEE y diversas entidades y personalidades de Cabo Verde y la CEDEAO.  <\/p>\n<p>Cabo Verde adquiri\u00f3 7 veh\u00edculos 100% el\u00e9ctricos, una asociaci\u00f3n entre la Cooperaci\u00f3n de Luxemburgo y las concesionarias Electra, Aguas de Ponta Preta (APP) y ECREEE (financiado por la Uni\u00f3n Europea y GIZ). Estos veh\u00edculos son una experiencia piloto para la Movilidad El\u00e9ctrica del pa\u00eds.<\/p>\n<p>Para el 2030, CPME prev\u00e9 una infraestructura nacional de carga totalmente implementada, la integraci\u00f3n de la flota de la administraci\u00f3n p\u00fablica al 100% con veh\u00edculos el\u00e9ctricos. La carta tambi\u00e9n predice que Cabo Verde solo tendr\u00e1 veh\u00edculos el\u00e9ctricos en funcionamiento en sus carreteras hasta 2050.<\/p>\n<p><iframe loading=\"lazy\" width=\"750\" height=\"520\" src=\"https:\/\/www.youtube.com\/embed\/DENSySN9CJs\" title=\"YouTube video player\" frameborder=\"0\" allow=\"accelerometer; autoplay; clipboard-write; encrypted-media; gyroscope; picture-in-picture\" allowfullscreen><\/iframe><\/p>\n","protected":false},"excerpt":{"rendered":"<p>La Carta de Pol\u00edtica de Movilidad El\u00e9ctrica fue presentada el 7 de febrero de 2019, en el Centro de Energ\u00edas [&hellip;]<\/p>\n","protected":false},"author":1,"featured_media":615,"comment_status":"closed","ping_status":"closed","sticky":false,"template":"","format":"standard","meta":{"_acf_changed":false,"footnotes":""},"categories":[28],"class_list":["post-707","post","type-post","status-publish","format-standard","has-post-thumbnail","hentry","category-app-en"],"acf":[],"yoast_head":"<!-- This site is optimized with the Yoast SEO plugin v25.6 - https:\/\/yoast.com\/wordpress\/plugins\/seo\/ -->\n<title>Ceremonia de presentaci\u00f3n de la Carta Pol\u00edtica de Movilidad El\u00e9ctrica y los primeros veh\u00edculos 100% el\u00e9ctricos - Impulso Energ\u00eda<\/title>\n<meta name=\"description\" content=\"Ceremonia de presentaci\u00f3n de la Carta Pol\u00edtica de Movilidad El\u00e9ctrica y los primeros veh\u00edculos 100% el\u00e9ctricos\" \/>\n<meta name=\"robots\" content=\"index, follow, max-snippet:-1, max-image-preview:large, max-video-preview:-1\" \/>\n<link rel=\"canonical\" href=\"https:\/\/www.impulsoenergia.eu\/en\/ceremonia-de-presentacion-de-la-carta-politica-de-movilidad-electrica-y-los-primeros-vehiculos-100-electricos\/\" \/>\n<meta property=\"og:locale\" content=\"en_US\" \/>\n<meta property=\"og:type\" content=\"article\" \/>\n<meta property=\"og:title\" content=\"Ceremonia de presentaci\u00f3n de la Carta Pol\u00edtica de Movilidad El\u00e9ctrica y los primeros veh\u00edculos 100% el\u00e9ctricos - Impulso Energ\u00eda\" \/>\n<meta property=\"og:description\" content=\"Ceremonia de presentaci\u00f3n de la Carta Pol\u00edtica de Movilidad El\u00e9ctrica y los primeros veh\u00edculos 100% el\u00e9ctricos\" \/>\n<meta property=\"og:url\" content=\"https:\/\/www.impulsoenergia.eu\/en\/ceremonia-de-presentacion-de-la-carta-politica-de-movilidad-electrica-y-los-primeros-vehiculos-100-electricos\/\" \/>\n<meta property=\"og:site_name\" content=\"Impulso Energ\u00eda\" \/>\n<meta property=\"article:published_time\" content=\"2019-02-07T20:19:22+00:00\" \/>\n<meta property=\"og:image\" content=\"https:\/\/www.impulsoenergia.eu\/custom\/uploads\/2021\/10\/cpme.jpg\" \/>\n\t<meta property=\"og:image:width\" content=\"1586\" \/>\n\t<meta property=\"og:image:height\" content=\"646\" \/>\n\t<meta property=\"og:image:type\" content=\"image\/jpeg\" \/>\n<meta name=\"author\" content=\"impulso\" \/>\n<meta name=\"twitter:card\" content=\"summary_large_image\" \/>\n<meta name=\"twitter:label1\" content=\"Written by\" \/>\n\t<meta name=\"twitter:data1\" content=\"impulso\" \/>\n\t<meta name=\"twitter:label2\" content=\"Est. reading time\" \/>\n\t<meta name=\"twitter:data2\" content=\"1 minute\" \/>\n<script type=\"application\/ld+json\" class=\"yoast-schema-graph\">{\"@context\":\"https:\/\/schema.org\",\"@graph\":[{\"@type\":\"Article\",\"@id\":\"https:\/\/www.impulsoenergia.eu\/en\/ceremonia-de-presentacion-de-la-carta-politica-de-movilidad-electrica-y-los-primeros-vehiculos-100-electricos\/#article\",\"isPartOf\":{\"@id\":\"https:\/\/www.impulsoenergia.eu\/en\/ceremonia-de-presentacion-de-la-carta-politica-de-movilidad-electrica-y-los-primeros-vehiculos-100-electricos\/\"},\"author\":{\"name\":\"impulso\",\"@id\":\"https:\/\/www.impulsoenergia.eu\/#\/schema\/person\/a4800b7d1e4a7865a27c03f63acc5859\"},\"headline\":\"Ceremonia de presentaci\u00f3n de la Carta Pol\u00edtica de Movilidad El\u00e9ctrica y los primeros veh\u00edculos 100% el\u00e9ctricos\",\"datePublished\":\"2019-02-07T20:19:22+00:00\",\"mainEntityOfPage\":{\"@id\":\"https:\/\/www.impulsoenergia.eu\/en\/ceremonia-de-presentacion-de-la-carta-politica-de-movilidad-electrica-y-los-primeros-vehiculos-100-electricos\/\"},\"wordCount\":213,\"publisher\":{\"@id\":\"https:\/\/www.impulsoenergia.eu\/#organization\"},\"image\":{\"@id\":\"https:\/\/www.impulsoenergia.eu\/en\/ceremonia-de-presentacion-de-la-carta-politica-de-movilidad-electrica-y-los-primeros-vehiculos-100-electricos\/#primaryimage\"},\"thumbnailUrl\":\"https:\/\/www.impulsoenergia.eu\/custom\/uploads\/2021\/10\/cpme.jpg\",\"articleSection\":[\"APP news\"],\"inLanguage\":\"en-US\"},{\"@type\":\"WebPage\",\"@id\":\"https:\/\/www.impulsoenergia.eu\/en\/ceremonia-de-presentacion-de-la-carta-politica-de-movilidad-electrica-y-los-primeros-vehiculos-100-electricos\/\",\"url\":\"https:\/\/www.impulsoenergia.eu\/en\/ceremonia-de-presentacion-de-la-carta-politica-de-movilidad-electrica-y-los-primeros-vehiculos-100-electricos\/\",\"name\":\"Ceremonia de presentaci\u00f3n de la Carta Pol\u00edtica de Movilidad El\u00e9ctrica y los primeros veh\u00edculos 100% el\u00e9ctricos - Impulso Energ\u00eda\",\"isPartOf\":{\"@id\":\"https:\/\/www.impulsoenergia.eu\/#website\"},\"primaryImageOfPage\":{\"@id\":\"https:\/\/www.impulsoenergia.eu\/en\/ceremonia-de-presentacion-de-la-carta-politica-de-movilidad-electrica-y-los-primeros-vehiculos-100-electricos\/#primaryimage\"},\"image\":{\"@id\":\"https:\/\/www.impulsoenergia.eu\/en\/ceremonia-de-presentacion-de-la-carta-politica-de-movilidad-electrica-y-los-primeros-vehiculos-100-electricos\/#primaryimage\"},\"thumbnailUrl\":\"https:\/\/www.impulsoenergia.eu\/custom\/uploads\/2021\/10\/cpme.jpg\",\"datePublished\":\"2019-02-07T20:19:22+00:00\",\"description\":\"Ceremonia de presentaci\u00f3n de la Carta Pol\u00edtica de Movilidad El\u00e9ctrica y los primeros veh\u00edculos 100% el\u00e9ctricos\",\"breadcrumb\":{\"@id\":\"https:\/\/www.impulsoenergia.eu\/en\/ceremonia-de-presentacion-de-la-carta-politica-de-movilidad-electrica-y-los-primeros-vehiculos-100-electricos\/#breadcrumb\"},\"inLanguage\":\"en-US\",\"potentialAction\":[{\"@type\":\"ReadAction\",\"target\":[\"https:\/\/www.impulsoenergia.eu\/en\/ceremonia-de-presentacion-de-la-carta-politica-de-movilidad-electrica-y-los-primeros-vehiculos-100-electricos\/\"]}]},{\"@type\":\"ImageObject\",\"inLanguage\":\"en-US\",\"@id\":\"https:\/\/www.impulsoenergia.eu\/en\/ceremonia-de-presentacion-de-la-carta-politica-de-movilidad-electrica-y-los-primeros-vehiculos-100-electricos\/#primaryimage\",\"url\":\"https:\/\/www.impulsoenergia.eu\/custom\/uploads\/2021\/10\/cpme.jpg\",\"contentUrl\":\"https:\/\/www.impulsoenergia.eu\/custom\/uploads\/2021\/10\/cpme.jpg\",\"width\":1586,\"height\":646},{\"@type\":\"BreadcrumbList\",\"@id\":\"https:\/\/www.impulsoenergia.eu\/en\/ceremonia-de-presentacion-de-la-carta-politica-de-movilidad-electrica-y-los-primeros-vehiculos-100-electricos\/#breadcrumb\",\"itemListElement\":[{\"@type\":\"ListItem\",\"position\":1,\"name\":\"Portada\",\"item\":\"https:\/\/www.impulsoenergia.eu\/en\/\"},{\"@type\":\"ListItem\",\"position\":2,\"name\":\"Ceremonia de presentaci\u00f3n de la Carta Pol\u00edtica de Movilidad El\u00e9ctrica y los primeros veh\u00edculos 100% el\u00e9ctricos\"}]},{\"@type\":\"WebSite\",\"@id\":\"https:\/\/www.impulsoenergia.eu\/#website\",\"url\":\"https:\/\/www.impulsoenergia.eu\/\",\"name\":\"Impulso Energ\u00eda\",\"description\":\"Desarrollo e inversi\u00f3n en los sectores de la energ\u00eda y el agua\",\"publisher\":{\"@id\":\"https:\/\/www.impulsoenergia.eu\/#organization\"},\"potentialAction\":[{\"@type\":\"SearchAction\",\"target\":{\"@type\":\"EntryPoint\",\"urlTemplate\":\"https:\/\/www.impulsoenergia.eu\/?s={search_term_string}\"},\"query-input\":{\"@type\":\"PropertyValueSpecification\",\"valueRequired\":true,\"valueName\":\"search_term_string\"}}],\"inLanguage\":\"en-US\"},{\"@type\":\"Organization\",\"@id\":\"https:\/\/www.impulsoenergia.eu\/#organization\",\"name\":\"Impulso Energ\u00eda\",\"url\":\"https:\/\/www.impulsoenergia.eu\/\",\"logo\":{\"@type\":\"ImageObject\",\"inLanguage\":\"en-US\",\"@id\":\"https:\/\/www.impulsoenergia.eu\/#\/schema\/logo\/image\/\",\"url\":\"https:\/\/www.impulsoenergia.eu\/custom\/uploads\/2022\/09\/logo-impulso.jpg\",\"contentUrl\":\"https:\/\/www.impulsoenergia.eu\/custom\/uploads\/2022\/09\/logo-impulso.jpg\",\"width\":232,\"height\":75,\"caption\":\"Impulso Energ\u00eda\"},\"image\":{\"@id\":\"https:\/\/www.impulsoenergia.eu\/#\/schema\/logo\/image\/\"}},{\"@type\":\"Person\",\"@id\":\"https:\/\/www.impulsoenergia.eu\/#\/schema\/person\/a4800b7d1e4a7865a27c03f63acc5859\",\"name\":\"impulso\",\"image\":{\"@type\":\"ImageObject\",\"inLanguage\":\"en-US\",\"@id\":\"https:\/\/www.impulsoenergia.eu\/#\/schema\/person\/image\/\",\"url\":\"https:\/\/secure.gravatar.com\/avatar\/fe57a3f139ea81c65a338e37a8064b4e80844f839737532820c9107eb9e1966f?s=96&d=mm&r=g\",\"contentUrl\":\"https:\/\/secure.gravatar.com\/avatar\/fe57a3f139ea81c65a338e37a8064b4e80844f839737532820c9107eb9e1966f?s=96&d=mm&r=g\",\"caption\":\"impulso\"},\"url\":\"https:\/\/www.impulsoenergia.eu\/en\/author\/impulso\/\"}]}<\/script>\n<!-- \/ Yoast SEO plugin. -->","yoast_head_json":{"title":"Ceremonia de presentaci\u00f3n de la Carta Pol\u00edtica de Movilidad El\u00e9ctrica y los primeros veh\u00edculos 100% el\u00e9ctricos - Impulso Energ\u00eda","description":"Ceremonia de presentaci\u00f3n de la Carta Pol\u00edtica de Movilidad El\u00e9ctrica y los primeros veh\u00edculos 100% el\u00e9ctricos","robots":{"index":"index","follow":"follow","max-snippet":"max-snippet:-1","max-image-preview":"max-image-preview:large","max-video-preview":"max-video-preview:-1"},"canonical":"https:\/\/www.impulsoenergia.eu\/en\/ceremonia-de-presentacion-de-la-carta-politica-de-movilidad-electrica-y-los-primeros-vehiculos-100-electricos\/","og_locale":"en_US","og_type":"article","og_title":"Ceremonia de presentaci\u00f3n de la Carta Pol\u00edtica de Movilidad El\u00e9ctrica y los primeros veh\u00edculos 100% el\u00e9ctricos - Impulso Energ\u00eda","og_description":"Ceremonia de presentaci\u00f3n de la Carta Pol\u00edtica de Movilidad El\u00e9ctrica y los primeros veh\u00edculos 100% el\u00e9ctricos","og_url":"https:\/\/www.impulsoenergia.eu\/en\/ceremonia-de-presentacion-de-la-carta-politica-de-movilidad-electrica-y-los-primeros-vehiculos-100-electricos\/","og_site_name":"Impulso Energ\u00eda","article_published_time":"2019-02-07T20:19:22+00:00","og_image":[{"width":1586,"height":646,"url":"https:\/\/www.impulsoenergia.eu\/custom\/uploads\/2021\/10\/cpme.jpg","type":"image\/jpeg"}],"author":"impulso","twitter_card":"summary_large_image","twitter_misc":{"Written by":"impulso","Est. reading time":"1 minute"},"schema":{"@context":"https:\/\/schema.org","@graph":[{"@type":"Article","@id":"https:\/\/www.impulsoenergia.eu\/en\/ceremonia-de-presentacion-de-la-carta-politica-de-movilidad-electrica-y-los-primeros-vehiculos-100-electricos\/#article","isPartOf":{"@id":"https:\/\/www.impulsoenergia.eu\/en\/ceremonia-de-presentacion-de-la-carta-politica-de-movilidad-electrica-y-los-primeros-vehiculos-100-electricos\/"},"author":{"name":"impulso","@id":"https:\/\/www.impulsoenergia.eu\/#\/schema\/person\/a4800b7d1e4a7865a27c03f63acc5859"},"headline":"Ceremonia de presentaci\u00f3n de la Carta Pol\u00edtica de Movilidad El\u00e9ctrica y los primeros veh\u00edculos 100% el\u00e9ctricos","datePublished":"2019-02-07T20:19:22+00:00","mainEntityOfPage":{"@id":"https:\/\/www.impulsoenergia.eu\/en\/ceremonia-de-presentacion-de-la-carta-politica-de-movilidad-electrica-y-los-primeros-vehiculos-100-electricos\/"},"wordCount":213,"publisher":{"@id":"https:\/\/www.impulsoenergia.eu\/#organization"},"image":{"@id":"https:\/\/www.impulsoenergia.eu\/en\/ceremonia-de-presentacion-de-la-carta-politica-de-movilidad-electrica-y-los-primeros-vehiculos-100-electricos\/#primaryimage"},"thumbnailUrl":"https:\/\/www.impulsoenergia.eu\/custom\/uploads\/2021\/10\/cpme.jpg","articleSection":["APP news"],"inLanguage":"en-US"},{"@type":"WebPage","@id":"https:\/\/www.impulsoenergia.eu\/en\/ceremonia-de-presentacion-de-la-carta-politica-de-movilidad-electrica-y-los-primeros-vehiculos-100-electricos\/","url":"https:\/\/www.impulsoenergia.eu\/en\/ceremonia-de-presentacion-de-la-carta-politica-de-movilidad-electrica-y-los-primeros-vehiculos-100-electricos\/","name":"Ceremonia de presentaci\u00f3n de la Carta Pol\u00edtica de Movilidad El\u00e9ctrica y los primeros veh\u00edculos 100% el\u00e9ctricos - Impulso Energ\u00eda","isPartOf":{"@id":"https:\/\/www.impulsoenergia.eu\/#website"},"primaryImageOfPage":{"@id":"https:\/\/www.impulsoenergia.eu\/en\/ceremonia-de-presentacion-de-la-carta-politica-de-movilidad-electrica-y-los-primeros-vehiculos-100-electricos\/#primaryimage"},"image":{"@id":"https:\/\/www.impulsoenergia.eu\/en\/ceremonia-de-presentacion-de-la-carta-politica-de-movilidad-electrica-y-los-primeros-vehiculos-100-electricos\/#primaryimage"},"thumbnailUrl":"https:\/\/www.impulsoenergia.eu\/custom\/uploads\/2021\/10\/cpme.jpg","datePublished":"2019-02-07T20:19:22+00:00","description":"Ceremonia de presentaci\u00f3n de la Carta Pol\u00edtica de Movilidad El\u00e9ctrica y los primeros veh\u00edculos 100% el\u00e9ctricos","breadcrumb":{"@id":"https:\/\/www.impulsoenergia.eu\/en\/ceremonia-de-presentacion-de-la-carta-politica-de-movilidad-electrica-y-los-primeros-vehiculos-100-electricos\/#breadcrumb"},"inLanguage":"en-US","potentialAction":[{"@type":"ReadAction","target":["https:\/\/www.impulsoenergia.eu\/en\/ceremonia-de-presentacion-de-la-carta-politica-de-movilidad-electrica-y-los-primeros-vehiculos-100-electricos\/"]}]},{"@type":"ImageObject","inLanguage":"en-US","@id":"https:\/\/www.impulsoenergia.eu\/en\/ceremonia-de-presentacion-de-la-carta-politica-de-movilidad-electrica-y-los-primeros-vehiculos-100-electricos\/#primaryimage","url":"https:\/\/www.impulsoenergia.eu\/custom\/uploads\/2021\/10\/cpme.jpg","contentUrl":"https:\/\/www.impulsoenergia.eu\/custom\/uploads\/2021\/10\/cpme.jpg","width":1586,"height":646},{"@type":"BreadcrumbList","@id":"https:\/\/www.impulsoenergia.eu\/en\/ceremonia-de-presentacion-de-la-carta-politica-de-movilidad-electrica-y-los-primeros-vehiculos-100-electricos\/#breadcrumb","itemListElement":[{"@type":"ListItem","position":1,"name":"Portada","item":"https:\/\/www.impulsoenergia.eu\/en\/"},{"@type":"ListItem","position":2,"name":"Ceremonia de presentaci\u00f3n de la Carta Pol\u00edtica de Movilidad El\u00e9ctrica y los primeros veh\u00edculos 100% el\u00e9ctricos"}]},{"@type":"WebSite","@id":"https:\/\/www.impulsoenergia.eu\/#website","url":"https:\/\/www.impulsoenergia.eu\/","name":"Impulso Energ\u00eda","description":"Desarrollo e inversi\u00f3n en los sectores de la energ\u00eda y el agua","publisher":{"@id":"https:\/\/www.impulsoenergia.eu\/#organization"},"potentialAction":[{"@type":"SearchAction","target":{"@type":"EntryPoint","urlTemplate":"https:\/\/www.impulsoenergia.eu\/?s={search_term_string}"},"query-input":{"@type":"PropertyValueSpecification","valueRequired":true,"valueName":"search_term_string"}}],"inLanguage":"en-US"},{"@type":"Organization","@id":"https:\/\/www.impulsoenergia.eu\/#organization","name":"Impulso Energ\u00eda","url":"https:\/\/www.impulsoenergia.eu\/","logo":{"@type":"ImageObject","inLanguage":"en-US","@id":"https:\/\/www.impulsoenergia.eu\/#\/schema\/logo\/image\/","url":"https:\/\/www.impulsoenergia.eu\/custom\/uploads\/2022\/09\/logo-impulso.jpg","contentUrl":"https:\/\/www.impulsoenergia.eu\/custom\/uploads\/2022\/09\/logo-impulso.jpg","width":232,"height":75,"caption":"Impulso Energ\u00eda"},"image":{"@id":"https:\/\/www.impulsoenergia.eu\/#\/schema\/logo\/image\/"}},{"@type":"Person","@id":"https:\/\/www.impulsoenergia.eu\/#\/schema\/person\/a4800b7d1e4a7865a27c03f63acc5859","name":"impulso","image":{"@type":"ImageObject","inLanguage":"en-US","@id":"https:\/\/www.impulsoenergia.eu\/#\/schema\/person\/image\/","url":"https:\/\/secure.gravatar.com\/avatar\/fe57a3f139ea81c65a338e37a8064b4e80844f839737532820c9107eb9e1966f?s=96&d=mm&r=g","contentUrl":"https:\/\/secure.gravatar.com\/avatar\/fe57a3f139ea81c65a338e37a8064b4e80844f839737532820c9107eb9e1966f?s=96&d=mm&r=g","caption":"impulso"},"url":"https:\/\/www.impulsoenergia.eu\/en\/author\/impulso\/"}]}},"_links":{"self":[{"href":"https:\/\/www.impulsoenergia.eu\/en\/wp-json\/wp\/v2\/posts\/707","targetHints":{"allow":["GET"]}}],"collection":[{"href":"https:\/\/www.impulsoenergia.eu\/en\/wp-json\/wp\/v2\/posts"}],"about":[{"href":"https:\/\/www.impulsoenergia.eu\/en\/wp-json\/wp\/v2\/types\/post"}],"author":[{"embeddable":true,"href":"https:\/\/www.impulsoenergia.eu\/en\/wp-json\/wp\/v2\/users\/1"}],"replies":[{"embeddable":true,"href":"https:\/\/www.impulsoenergia.eu\/en\/wp-json\/wp\/v2\/comments?post=707"}],"version-history":[{"count":0,"href":"https:\/\/www.impulsoenergia.eu\/en\/wp-json\/wp\/v2\/posts\/707\/revisions"}],"wp:featuredmedia":[{"embeddable":true,"href":"https:\/\/www.impulsoenergia.eu\/en\/wp-json\/wp\/v2\/media\/615"}],"wp:attachment":[{"href":"https:\/\/www.impulsoenergia.eu\/en\/wp-json\/wp\/v2\/media?parent=707"}],"wp:term":[{"taxonomy":"category","embeddable":true,"href":"https:\/\/www.impulsoenergia.eu\/en\/wp-json\/wp\/v2\/categories?post=707"}],"curies":[{"name":"wp","href":"https:\/\/api.w.org\/{rel}","templated":true}]}}