{"id":1161,"date":"2022-12-01T17:00:34","date_gmt":"2022-12-01T17:00:34","guid":{"rendered":"https:\/\/www.impulsoenergia.eu\/ulisses-correia-e-silva-presideix-la-inauguracio-de-les-obres-dampliacio-de-la-etar-de-santa-maria-reportatge-tcv\/"},"modified":"2022-12-21T17:13:23","modified_gmt":"2022-12-21T17:13:23","slug":"ulisses-correia-e-silva-presides-over-the-inauguration-of-the-extension-works-of-the-etar-of-santa-maria-tcv-report","status":"publish","type":"post","link":"https:\/\/www.impulsoenergia.eu\/en\/ulisses-correia-e-silva-presides-over-the-inauguration-of-the-extension-works-of-the-etar-of-santa-maria-tcv-report\/","title":{"rendered":"Ulisses Correia e Silva presides over the inauguration of the extension works of the Santa Maria WWTP. TCV Report"},"content":{"rendered":"<p>The Prime Minister of Cabo Verde, Ulisses Correia e Silva, presided over the inauguration of the extension works of the Santa Maria WWTP on Isla de la Sal (Cabo Verde) on 30 November.<\/p>\n<p>The town of Santa Maria continues to make progress in the development of the integrated water cycle, which began in 2017, with the implementation of the expansion of the sanitation system with the execution of a new EE in Ponta Sin\u00f3, the expansion of the wastewater treatment plant, and a new stage of production of ultra-filtered reclaimed water and reverse osmosis for irrigation.<\/p>\n<p>The works at the Santa Maria WWTP enabled the expansion of its treatment capacity from an average flow of 2,500 m3\/day to 3,750 m3\/day.<\/p>\n<p>&nbsp;<\/p>\n<p>&nbsp;<\/p>\n<p><iframe loading=\"lazy\" title=\"YouTube video player\" src=\"https:\/\/www.youtube.com\/embed\/Xd1EU-7xdYc\" width=\"640\" height=\"480\" frameborder=\"0\" allowfullscreen=\"allowfullscreen\"><span data-mce-type=\"bookmark\" style=\"display: inline-block; width: 0px; overflow: hidden; line-height: 0;\" class=\"mce_SELRES_start\">\ufeff<\/span><\/iframe><\/p>\n","protected":false},"excerpt":{"rendered":"<p>The Prime Minister of Cabo Verde, Ulisses Correia e Silva, presided over the inauguration of the extension works of the [&hellip;]<\/p>\n","protected":false},"author":1,"featured_media":1091,"comment_status":"closed","ping_status":"closed","sticky":false,"template":"","format":"standard","meta":{"_acf_changed":false,"footnotes":""},"categories":[28],"class_list":["post-1161","post","type-post","status-publish","format-standard","has-post-thumbnail","hentry","category-app-en"],"acf":[],"yoast_head":"<!-- This site is optimized with the Yoast SEO plugin v25.6 - https:\/\/yoast.com\/wordpress\/plugins\/seo\/ -->\n<title>Ulisses Correia e Silva presides over the inauguration of the extension works of the Santa Maria WWTP. TCV Report - Impulso Energ\u00eda<\/title>\n<meta name=\"description\" content=\"Ulisses Correia e Silva presides over the inauguration of the expansion works of the WWTP of Santa Mar\u00eda on the Isla de la Sal.\" \/>\n<meta name=\"robots\" content=\"index, follow, max-snippet:-1, max-image-preview:large, max-video-preview:-1\" \/>\n<link rel=\"canonical\" href=\"https:\/\/www.impulsoenergia.eu\/en\/ulisses-correia-e-silva-presides-over-the-inauguration-of-the-extension-works-of-the-etar-of-santa-maria-tcv-report\/\" \/>\n<meta property=\"og:locale\" content=\"en_US\" \/>\n<meta property=\"og:type\" content=\"article\" \/>\n<meta property=\"og:title\" content=\"Ulisses Correia e Silva presides over the inauguration of the extension works of the Santa Maria WWTP. TCV Report - Impulso Energ\u00eda\" \/>\n<meta property=\"og:description\" content=\"Ulisses Correia e Silva presides over the inauguration of the expansion works of the WWTP of Santa Mar\u00eda on the Isla de la Sal.\" \/>\n<meta property=\"og:url\" content=\"https:\/\/www.impulsoenergia.eu\/en\/ulisses-correia-e-silva-presides-over-the-inauguration-of-the-extension-works-of-the-etar-of-santa-maria-tcv-report\/\" \/>\n<meta property=\"og:site_name\" content=\"Impulso Energ\u00eda\" \/>\n<meta property=\"article:published_time\" content=\"2022-12-01T17:00:34+00:00\" \/>\n<meta property=\"article:modified_time\" content=\"2022-12-21T17:13:23+00:00\" \/>\n<meta property=\"og:image\" content=\"https:\/\/www.impulsoenergia.eu\/custom\/uploads\/2022\/12\/Fi43VuTXEAEIOnV.jpg\" \/>\n\t<meta property=\"og:image:width\" content=\"650\" \/>\n\t<meta property=\"og:image:height\" content=\"500\" \/>\n\t<meta property=\"og:image:type\" content=\"image\/jpeg\" \/>\n<meta name=\"author\" content=\"impulso\" \/>\n<meta name=\"twitter:card\" content=\"summary_large_image\" \/>\n<meta name=\"twitter:label1\" content=\"Written by\" \/>\n\t<meta name=\"twitter:data1\" content=\"impulso\" \/>\n\t<meta name=\"twitter:label2\" content=\"Est. reading time\" \/>\n\t<meta name=\"twitter:data2\" content=\"1 minute\" \/>\n<script type=\"application\/ld+json\" class=\"yoast-schema-graph\">{\"@context\":\"https:\/\/schema.org\",\"@graph\":[{\"@type\":\"Article\",\"@id\":\"https:\/\/www.impulsoenergia.eu\/en\/ulisses-correia-e-silva-presides-over-the-inauguration-of-the-extension-works-of-the-etar-of-santa-maria-tcv-report\/#article\",\"isPartOf\":{\"@id\":\"https:\/\/www.impulsoenergia.eu\/en\/ulisses-correia-e-silva-presides-over-the-inauguration-of-the-extension-works-of-the-etar-of-santa-maria-tcv-report\/\"},\"author\":{\"name\":\"impulso\",\"@id\":\"https:\/\/www.impulsoenergia.eu\/#\/schema\/person\/a4800b7d1e4a7865a27c03f63acc5859\"},\"headline\":\"Ulisses Correia e Silva presides over the inauguration of the extension works of the Santa Maria WWTP. TCV Report\",\"datePublished\":\"2022-12-01T17:00:34+00:00\",\"dateModified\":\"2022-12-21T17:13:23+00:00\",\"mainEntityOfPage\":{\"@id\":\"https:\/\/www.impulsoenergia.eu\/en\/ulisses-correia-e-silva-presides-over-the-inauguration-of-the-extension-works-of-the-etar-of-santa-maria-tcv-report\/\"},\"wordCount\":139,\"publisher\":{\"@id\":\"https:\/\/www.impulsoenergia.eu\/#organization\"},\"image\":{\"@id\":\"https:\/\/www.impulsoenergia.eu\/en\/ulisses-correia-e-silva-presides-over-the-inauguration-of-the-extension-works-of-the-etar-of-santa-maria-tcv-report\/#primaryimage\"},\"thumbnailUrl\":\"https:\/\/www.impulsoenergia.eu\/custom\/uploads\/2022\/12\/Fi43VuTXEAEIOnV.jpg\",\"articleSection\":[\"APP news\"],\"inLanguage\":\"en-US\"},{\"@type\":\"WebPage\",\"@id\":\"https:\/\/www.impulsoenergia.eu\/en\/ulisses-correia-e-silva-presides-over-the-inauguration-of-the-extension-works-of-the-etar-of-santa-maria-tcv-report\/\",\"url\":\"https:\/\/www.impulsoenergia.eu\/en\/ulisses-correia-e-silva-presides-over-the-inauguration-of-the-extension-works-of-the-etar-of-santa-maria-tcv-report\/\",\"name\":\"Ulisses Correia e Silva presides over the inauguration of the extension works of the Santa Maria WWTP. TCV Report - Impulso Energ\u00eda\",\"isPartOf\":{\"@id\":\"https:\/\/www.impulsoenergia.eu\/#website\"},\"primaryImageOfPage\":{\"@id\":\"https:\/\/www.impulsoenergia.eu\/en\/ulisses-correia-e-silva-presides-over-the-inauguration-of-the-extension-works-of-the-etar-of-santa-maria-tcv-report\/#primaryimage\"},\"image\":{\"@id\":\"https:\/\/www.impulsoenergia.eu\/en\/ulisses-correia-e-silva-presides-over-the-inauguration-of-the-extension-works-of-the-etar-of-santa-maria-tcv-report\/#primaryimage\"},\"thumbnailUrl\":\"https:\/\/www.impulsoenergia.eu\/custom\/uploads\/2022\/12\/Fi43VuTXEAEIOnV.jpg\",\"datePublished\":\"2022-12-01T17:00:34+00:00\",\"dateModified\":\"2022-12-21T17:13:23+00:00\",\"description\":\"Ulisses Correia e Silva presides over the inauguration of the expansion works of the WWTP of Santa Mar\u00eda on the Isla de la Sal.\",\"breadcrumb\":{\"@id\":\"https:\/\/www.impulsoenergia.eu\/en\/ulisses-correia-e-silva-presides-over-the-inauguration-of-the-extension-works-of-the-etar-of-santa-maria-tcv-report\/#breadcrumb\"},\"inLanguage\":\"en-US\",\"potentialAction\":[{\"@type\":\"ReadAction\",\"target\":[\"https:\/\/www.impulsoenergia.eu\/en\/ulisses-correia-e-silva-presides-over-the-inauguration-of-the-extension-works-of-the-etar-of-santa-maria-tcv-report\/\"]}]},{\"@type\":\"ImageObject\",\"inLanguage\":\"en-US\",\"@id\":\"https:\/\/www.impulsoenergia.eu\/en\/ulisses-correia-e-silva-presides-over-the-inauguration-of-the-extension-works-of-the-etar-of-santa-maria-tcv-report\/#primaryimage\",\"url\":\"https:\/\/www.impulsoenergia.eu\/custom\/uploads\/2022\/12\/Fi43VuTXEAEIOnV.jpg\",\"contentUrl\":\"https:\/\/www.impulsoenergia.eu\/custom\/uploads\/2022\/12\/Fi43VuTXEAEIOnV.jpg\",\"width\":650,\"height\":500,\"caption\":\"Inauguraci\u00f3 Estaci\u00f3 de Tractament d\u2019Aig\u00fces Residuals (ETAR) de Santa Maria\"},{\"@type\":\"BreadcrumbList\",\"@id\":\"https:\/\/www.impulsoenergia.eu\/en\/ulisses-correia-e-silva-presides-over-the-inauguration-of-the-extension-works-of-the-etar-of-santa-maria-tcv-report\/#breadcrumb\",\"itemListElement\":[{\"@type\":\"ListItem\",\"position\":1,\"name\":\"Portada\",\"item\":\"https:\/\/www.impulsoenergia.eu\/en\/\"},{\"@type\":\"ListItem\",\"position\":2,\"name\":\"Ulisses Correia e Silva presides over the inauguration of the extension works of the Santa Maria WWTP. TCV Report\"}]},{\"@type\":\"WebSite\",\"@id\":\"https:\/\/www.impulsoenergia.eu\/#website\",\"url\":\"https:\/\/www.impulsoenergia.eu\/\",\"name\":\"Impulso Energ\u00eda\",\"description\":\"Desarrollo e inversi\u00f3n en los sectores de la energ\u00eda y el agua\",\"publisher\":{\"@id\":\"https:\/\/www.impulsoenergia.eu\/#organization\"},\"potentialAction\":[{\"@type\":\"SearchAction\",\"target\":{\"@type\":\"EntryPoint\",\"urlTemplate\":\"https:\/\/www.impulsoenergia.eu\/?s={search_term_string}\"},\"query-input\":{\"@type\":\"PropertyValueSpecification\",\"valueRequired\":true,\"valueName\":\"search_term_string\"}}],\"inLanguage\":\"en-US\"},{\"@type\":\"Organization\",\"@id\":\"https:\/\/www.impulsoenergia.eu\/#organization\",\"name\":\"Impulso Energ\u00eda\",\"url\":\"https:\/\/www.impulsoenergia.eu\/\",\"logo\":{\"@type\":\"ImageObject\",\"inLanguage\":\"en-US\",\"@id\":\"https:\/\/www.impulsoenergia.eu\/#\/schema\/logo\/image\/\",\"url\":\"https:\/\/www.impulsoenergia.eu\/custom\/uploads\/2022\/09\/logo-impulso.jpg\",\"contentUrl\":\"https:\/\/www.impulsoenergia.eu\/custom\/uploads\/2022\/09\/logo-impulso.jpg\",\"width\":232,\"height\":75,\"caption\":\"Impulso Energ\u00eda\"},\"image\":{\"@id\":\"https:\/\/www.impulsoenergia.eu\/#\/schema\/logo\/image\/\"}},{\"@type\":\"Person\",\"@id\":\"https:\/\/www.impulsoenergia.eu\/#\/schema\/person\/a4800b7d1e4a7865a27c03f63acc5859\",\"name\":\"impulso\",\"image\":{\"@type\":\"ImageObject\",\"inLanguage\":\"en-US\",\"@id\":\"https:\/\/www.impulsoenergia.eu\/#\/schema\/person\/image\/\",\"url\":\"https:\/\/secure.gravatar.com\/avatar\/fe57a3f139ea81c65a338e37a8064b4e80844f839737532820c9107eb9e1966f?s=96&d=mm&r=g\",\"contentUrl\":\"https:\/\/secure.gravatar.com\/avatar\/fe57a3f139ea81c65a338e37a8064b4e80844f839737532820c9107eb9e1966f?s=96&d=mm&r=g\",\"caption\":\"impulso\"},\"url\":\"https:\/\/www.impulsoenergia.eu\/en\/author\/impulso\/\"}]}<\/script>\n<!-- \/ Yoast SEO plugin. -->","yoast_head_json":{"title":"Ulisses Correia e Silva presides over the inauguration of the extension works of the Santa Maria WWTP. TCV Report - Impulso Energ\u00eda","description":"Ulisses Correia e Silva presides over the inauguration of the expansion works of the WWTP of Santa Mar\u00eda on the Isla de la Sal.","robots":{"index":"index","follow":"follow","max-snippet":"max-snippet:-1","max-image-preview":"max-image-preview:large","max-video-preview":"max-video-preview:-1"},"canonical":"https:\/\/www.impulsoenergia.eu\/en\/ulisses-correia-e-silva-presides-over-the-inauguration-of-the-extension-works-of-the-etar-of-santa-maria-tcv-report\/","og_locale":"en_US","og_type":"article","og_title":"Ulisses Correia e Silva presides over the inauguration of the extension works of the Santa Maria WWTP. TCV Report - Impulso Energ\u00eda","og_description":"Ulisses Correia e Silva presides over the inauguration of the expansion works of the WWTP of Santa Mar\u00eda on the Isla de la Sal.","og_url":"https:\/\/www.impulsoenergia.eu\/en\/ulisses-correia-e-silva-presides-over-the-inauguration-of-the-extension-works-of-the-etar-of-santa-maria-tcv-report\/","og_site_name":"Impulso Energ\u00eda","article_published_time":"2022-12-01T17:00:34+00:00","article_modified_time":"2022-12-21T17:13:23+00:00","og_image":[{"width":650,"height":500,"url":"https:\/\/www.impulsoenergia.eu\/custom\/uploads\/2022\/12\/Fi43VuTXEAEIOnV.jpg","type":"image\/jpeg"}],"author":"impulso","twitter_card":"summary_large_image","twitter_misc":{"Written by":"impulso","Est. reading time":"1 minute"},"schema":{"@context":"https:\/\/schema.org","@graph":[{"@type":"Article","@id":"https:\/\/www.impulsoenergia.eu\/en\/ulisses-correia-e-silva-presides-over-the-inauguration-of-the-extension-works-of-the-etar-of-santa-maria-tcv-report\/#article","isPartOf":{"@id":"https:\/\/www.impulsoenergia.eu\/en\/ulisses-correia-e-silva-presides-over-the-inauguration-of-the-extension-works-of-the-etar-of-santa-maria-tcv-report\/"},"author":{"name":"impulso","@id":"https:\/\/www.impulsoenergia.eu\/#\/schema\/person\/a4800b7d1e4a7865a27c03f63acc5859"},"headline":"Ulisses Correia e Silva presides over the inauguration of the extension works of the Santa Maria WWTP. TCV Report","datePublished":"2022-12-01T17:00:34+00:00","dateModified":"2022-12-21T17:13:23+00:00","mainEntityOfPage":{"@id":"https:\/\/www.impulsoenergia.eu\/en\/ulisses-correia-e-silva-presides-over-the-inauguration-of-the-extension-works-of-the-etar-of-santa-maria-tcv-report\/"},"wordCount":139,"publisher":{"@id":"https:\/\/www.impulsoenergia.eu\/#organization"},"image":{"@id":"https:\/\/www.impulsoenergia.eu\/en\/ulisses-correia-e-silva-presides-over-the-inauguration-of-the-extension-works-of-the-etar-of-santa-maria-tcv-report\/#primaryimage"},"thumbnailUrl":"https:\/\/www.impulsoenergia.eu\/custom\/uploads\/2022\/12\/Fi43VuTXEAEIOnV.jpg","articleSection":["APP news"],"inLanguage":"en-US"},{"@type":"WebPage","@id":"https:\/\/www.impulsoenergia.eu\/en\/ulisses-correia-e-silva-presides-over-the-inauguration-of-the-extension-works-of-the-etar-of-santa-maria-tcv-report\/","url":"https:\/\/www.impulsoenergia.eu\/en\/ulisses-correia-e-silva-presides-over-the-inauguration-of-the-extension-works-of-the-etar-of-santa-maria-tcv-report\/","name":"Ulisses Correia e Silva presides over the inauguration of the extension works of the Santa Maria WWTP. TCV Report - Impulso Energ\u00eda","isPartOf":{"@id":"https:\/\/www.impulsoenergia.eu\/#website"},"primaryImageOfPage":{"@id":"https:\/\/www.impulsoenergia.eu\/en\/ulisses-correia-e-silva-presides-over-the-inauguration-of-the-extension-works-of-the-etar-of-santa-maria-tcv-report\/#primaryimage"},"image":{"@id":"https:\/\/www.impulsoenergia.eu\/en\/ulisses-correia-e-silva-presides-over-the-inauguration-of-the-extension-works-of-the-etar-of-santa-maria-tcv-report\/#primaryimage"},"thumbnailUrl":"https:\/\/www.impulsoenergia.eu\/custom\/uploads\/2022\/12\/Fi43VuTXEAEIOnV.jpg","datePublished":"2022-12-01T17:00:34+00:00","dateModified":"2022-12-21T17:13:23+00:00","description":"Ulisses Correia e Silva presides over the inauguration of the expansion works of the WWTP of Santa Mar\u00eda on the Isla de la Sal.","breadcrumb":{"@id":"https:\/\/www.impulsoenergia.eu\/en\/ulisses-correia-e-silva-presides-over-the-inauguration-of-the-extension-works-of-the-etar-of-santa-maria-tcv-report\/#breadcrumb"},"inLanguage":"en-US","potentialAction":[{"@type":"ReadAction","target":["https:\/\/www.impulsoenergia.eu\/en\/ulisses-correia-e-silva-presides-over-the-inauguration-of-the-extension-works-of-the-etar-of-santa-maria-tcv-report\/"]}]},{"@type":"ImageObject","inLanguage":"en-US","@id":"https:\/\/www.impulsoenergia.eu\/en\/ulisses-correia-e-silva-presides-over-the-inauguration-of-the-extension-works-of-the-etar-of-santa-maria-tcv-report\/#primaryimage","url":"https:\/\/www.impulsoenergia.eu\/custom\/uploads\/2022\/12\/Fi43VuTXEAEIOnV.jpg","contentUrl":"https:\/\/www.impulsoenergia.eu\/custom\/uploads\/2022\/12\/Fi43VuTXEAEIOnV.jpg","width":650,"height":500,"caption":"Inauguraci\u00f3 Estaci\u00f3 de Tractament d\u2019Aig\u00fces Residuals (ETAR) de Santa Maria"},{"@type":"BreadcrumbList","@id":"https:\/\/www.impulsoenergia.eu\/en\/ulisses-correia-e-silva-presides-over-the-inauguration-of-the-extension-works-of-the-etar-of-santa-maria-tcv-report\/#breadcrumb","itemListElement":[{"@type":"ListItem","position":1,"name":"Portada","item":"https:\/\/www.impulsoenergia.eu\/en\/"},{"@type":"ListItem","position":2,"name":"Ulisses Correia e Silva presides over the inauguration of the extension works of the Santa Maria WWTP. TCV Report"}]},{"@type":"WebSite","@id":"https:\/\/www.impulsoenergia.eu\/#website","url":"https:\/\/www.impulsoenergia.eu\/","name":"Impulso Energ\u00eda","description":"Desarrollo e inversi\u00f3n en los sectores de la energ\u00eda y el agua","publisher":{"@id":"https:\/\/www.impulsoenergia.eu\/#organization"},"potentialAction":[{"@type":"SearchAction","target":{"@type":"EntryPoint","urlTemplate":"https:\/\/www.impulsoenergia.eu\/?s={search_term_string}"},"query-input":{"@type":"PropertyValueSpecification","valueRequired":true,"valueName":"search_term_string"}}],"inLanguage":"en-US"},{"@type":"Organization","@id":"https:\/\/www.impulsoenergia.eu\/#organization","name":"Impulso Energ\u00eda","url":"https:\/\/www.impulsoenergia.eu\/","logo":{"@type":"ImageObject","inLanguage":"en-US","@id":"https:\/\/www.impulsoenergia.eu\/#\/schema\/logo\/image\/","url":"https:\/\/www.impulsoenergia.eu\/custom\/uploads\/2022\/09\/logo-impulso.jpg","contentUrl":"https:\/\/www.impulsoenergia.eu\/custom\/uploads\/2022\/09\/logo-impulso.jpg","width":232,"height":75,"caption":"Impulso Energ\u00eda"},"image":{"@id":"https:\/\/www.impulsoenergia.eu\/#\/schema\/logo\/image\/"}},{"@type":"Person","@id":"https:\/\/www.impulsoenergia.eu\/#\/schema\/person\/a4800b7d1e4a7865a27c03f63acc5859","name":"impulso","image":{"@type":"ImageObject","inLanguage":"en-US","@id":"https:\/\/www.impulsoenergia.eu\/#\/schema\/person\/image\/","url":"https:\/\/secure.gravatar.com\/avatar\/fe57a3f139ea81c65a338e37a8064b4e80844f839737532820c9107eb9e1966f?s=96&d=mm&r=g","contentUrl":"https:\/\/secure.gravatar.com\/avatar\/fe57a3f139ea81c65a338e37a8064b4e80844f839737532820c9107eb9e1966f?s=96&d=mm&r=g","caption":"impulso"},"url":"https:\/\/www.impulsoenergia.eu\/en\/author\/impulso\/"}]}},"_links":{"self":[{"href":"https:\/\/www.impulsoenergia.eu\/en\/wp-json\/wp\/v2\/posts\/1161","targetHints":{"allow":["GET"]}}],"collection":[{"href":"https:\/\/www.impulsoenergia.eu\/en\/wp-json\/wp\/v2\/posts"}],"about":[{"href":"https:\/\/www.impulsoenergia.eu\/en\/wp-json\/wp\/v2\/types\/post"}],"author":[{"embeddable":true,"href":"https:\/\/www.impulsoenergia.eu\/en\/wp-json\/wp\/v2\/users\/1"}],"replies":[{"embeddable":true,"href":"https:\/\/www.impulsoenergia.eu\/en\/wp-json\/wp\/v2\/comments?post=1161"}],"version-history":[{"count":2,"href":"https:\/\/www.impulsoenergia.eu\/en\/wp-json\/wp\/v2\/posts\/1161\/revisions"}],"predecessor-version":[{"id":1163,"href":"https:\/\/www.impulsoenergia.eu\/en\/wp-json\/wp\/v2\/posts\/1161\/revisions\/1163"}],"wp:featuredmedia":[{"embeddable":true,"href":"https:\/\/www.impulsoenergia.eu\/en\/wp-json\/wp\/v2\/media\/1091"}],"wp:attachment":[{"href":"https:\/\/www.impulsoenergia.eu\/en\/wp-json\/wp\/v2\/media?parent=1161"}],"wp:term":[{"taxonomy":"category","embeddable":true,"href":"https:\/\/www.impulsoenergia.eu\/en\/wp-json\/wp\/v2\/categories?post=1161"}],"curies":[{"name":"wp","href":"https:\/\/api.w.org\/{rel}","templated":true}]}}