{"id":1782,"date":"2025-10-20T12:04:43","date_gmt":"2025-10-20T12:04:43","guid":{"rendered":"https:\/\/www.impulsoenergia.eu\/tv3-inundaciones-cataluna\/"},"modified":"2025-10-20T12:25:43","modified_gmt":"2025-10-20T12:25:43","slug":"tv3-inundacions-catalunya","status":"publish","type":"post","link":"https:\/\/www.impulsoenergia.eu\/ca\/tv3-inundacions-catalunya\/","title":{"rendered":"TV3 19\/10\/2025 &#8211; l\u2019impacte de les inundacions i les solucions davant la crisi clim\u00e0tica"},"content":{"rendered":"<p>Les pluges torrencials de les \u00faltimes setmanes han tornat a evidenciar la vulnerabilitat de moltes zones del territori davant els efectes de la <strong>crisi clim\u00e0tica<\/strong>.<br \/>\nEn aquest context, <strong>Norberto Larriba Blay<\/strong>, CEO d\u2019<strong>Impulso Solar<\/strong> i <strong>secretari d\u2019Enginyers Industrials de Catalunya<\/strong>, va ser un dels experts entrevistats per <strong>TV3<\/strong>, on es va parlar de com la <strong>planificaci\u00f3<\/strong>, la <strong>resili\u00e8ncia<\/strong> i la <strong>tecnologia<\/strong> poden ajudar a reduir l\u2019impacte d\u2019aquests episodis extrems.<\/p>\n<p>&nbsp;<\/p>\n<p><strong>En el seg\u00fcent v\u00eddeo podeu veure la pe\u00e7a completa i escoltar les reflexions dels diferents experts, entre els quals hi participa Norberto Larriba Blay.<\/strong><\/p>\n<p>&nbsp;<\/p>\n<p><iframe loading=\"lazy\" title=\"TV3: reflexiones de los expertos, incluido Norberto Larriba, sobre el impacto de las inundaciones.\" width=\"500\" height=\"281\" src=\"https:\/\/www.youtube.com\/embed\/AvafgDF7fAs?feature=oembed\" frameborder=\"0\" allow=\"accelerometer; autoplay; clipboard-write; encrypted-media; gyroscope; picture-in-picture; web-share\" referrerpolicy=\"strict-origin-when-cross-origin\" allowfullscreen><\/iframe><\/p>\n","protected":false},"excerpt":{"rendered":"<p>Les pluges torrencials de les \u00faltimes setmanes han tornat a evidenciar la vulnerabilitat de moltes zones del territori davant els [&hellip;]<\/p>\n","protected":false},"author":2,"featured_media":1778,"comment_status":"closed","ping_status":"closed","sticky":false,"template":"","format":"standard","meta":{"_acf_changed":false,"footnotes":""},"categories":[69,38],"class_list":["post-1782","post","type-post","status-publish","format-standard","has-post-thumbnail","hentry","category-medios-ca","category-sector-ca"],"acf":[],"yoast_head":"<!-- This site is optimized with the Yoast SEO plugin v25.6 - https:\/\/yoast.com\/wordpress\/plugins\/seo\/ -->\n<title>Impacte de inundacions i solucions davan la crisi clim\u00e0tica - TV3- Impulso Energ\u00eda<\/title>\n<meta name=\"description\" content=\"Descobreix a TV3 les reflexions dels experts, incl\u00f2s Norberto Larriba Blay, sobre l\u2019impacte de les inundacions i les solucions davant la crisi clim\u00e0tica\" \/>\n<meta name=\"robots\" content=\"index, follow, max-snippet:-1, max-image-preview:large, max-video-preview:-1\" \/>\n<link rel=\"canonical\" href=\"https:\/\/www.impulsoenergia.eu\/ca\/tv3-inundacions-catalunya\/\" \/>\n<meta property=\"og:locale\" content=\"ca_ES\" \/>\n<meta property=\"og:type\" content=\"article\" \/>\n<meta property=\"og:title\" content=\"Impacte de inundacions i solucions davan la crisi clim\u00e0tica - TV3- Impulso Energ\u00eda\" \/>\n<meta property=\"og:description\" content=\"Descobreix a TV3 les reflexions dels experts, incl\u00f2s Norberto Larriba Blay, sobre l\u2019impacte de les inundacions i les solucions davant la crisi clim\u00e0tica\" \/>\n<meta property=\"og:url\" content=\"https:\/\/www.impulsoenergia.eu\/ca\/tv3-inundacions-catalunya\/\" \/>\n<meta property=\"og:site_name\" content=\"Impulso Energ\u00eda\" \/>\n<meta property=\"article:published_time\" content=\"2025-10-20T12:04:43+00:00\" \/>\n<meta property=\"article:modified_time\" content=\"2025-10-20T12:25:43+00:00\" \/>\n<meta property=\"og:image\" content=\"https:\/\/www.impulsoenergia.eu\/custom\/uploads\/2025\/10\/IMG_0671-scaled.jpg\" \/>\n\t<meta property=\"og:image:width\" content=\"2560\" \/>\n\t<meta property=\"og:image:height\" content=\"1920\" \/>\n\t<meta property=\"og:image:type\" content=\"image\/jpeg\" \/>\n<meta name=\"author\" content=\"mariana\" \/>\n<meta name=\"twitter:card\" content=\"summary_large_image\" \/>\n<meta name=\"twitter:label1\" content=\"Written by\" \/>\n\t<meta name=\"twitter:data1\" content=\"mariana\" \/>\n\t<meta name=\"twitter:label2\" content=\"Est. reading time\" \/>\n\t<meta name=\"twitter:data2\" content=\"1 minute\" \/>\n<script type=\"application\/ld+json\" class=\"yoast-schema-graph\">{\"@context\":\"https:\/\/schema.org\",\"@graph\":[{\"@type\":\"Article\",\"@id\":\"https:\/\/www.impulsoenergia.eu\/ca\/tv3-inundacions-catalunya\/#article\",\"isPartOf\":{\"@id\":\"https:\/\/www.impulsoenergia.eu\/ca\/tv3-inundacions-catalunya\/\"},\"author\":{\"name\":\"mariana\",\"@id\":\"https:\/\/www.impulsoenergia.eu\/#\/schema\/person\/e583955678f0a64694f6b34c7d147ad4\"},\"headline\":\"TV3 19\/10\/2025 &#8211; l\u2019impacte de les inundacions i les solucions davant la crisi clim\u00e0tica\",\"datePublished\":\"2025-10-20T12:04:43+00:00\",\"dateModified\":\"2025-10-20T12:25:43+00:00\",\"mainEntityOfPage\":{\"@id\":\"https:\/\/www.impulsoenergia.eu\/ca\/tv3-inundacions-catalunya\/\"},\"wordCount\":126,\"publisher\":{\"@id\":\"https:\/\/www.impulsoenergia.eu\/#organization\"},\"image\":{\"@id\":\"https:\/\/www.impulsoenergia.eu\/ca\/tv3-inundacions-catalunya\/#primaryimage\"},\"thumbnailUrl\":\"https:\/\/www.impulsoenergia.eu\/custom\/uploads\/2025\/10\/IMG_0671-scaled.jpg\",\"articleSection\":[\"Impulso en los medios\",\"Not\u00edcies sector\"],\"inLanguage\":\"ca\"},{\"@type\":\"WebPage\",\"@id\":\"https:\/\/www.impulsoenergia.eu\/ca\/tv3-inundacions-catalunya\/\",\"url\":\"https:\/\/www.impulsoenergia.eu\/ca\/tv3-inundacions-catalunya\/\",\"name\":\"Impacte de inundacions i solucions davan la crisi clim\u00e0tica - TV3- Impulso Energ\u00eda\",\"isPartOf\":{\"@id\":\"https:\/\/www.impulsoenergia.eu\/#website\"},\"primaryImageOfPage\":{\"@id\":\"https:\/\/www.impulsoenergia.eu\/ca\/tv3-inundacions-catalunya\/#primaryimage\"},\"image\":{\"@id\":\"https:\/\/www.impulsoenergia.eu\/ca\/tv3-inundacions-catalunya\/#primaryimage\"},\"thumbnailUrl\":\"https:\/\/www.impulsoenergia.eu\/custom\/uploads\/2025\/10\/IMG_0671-scaled.jpg\",\"datePublished\":\"2025-10-20T12:04:43+00:00\",\"dateModified\":\"2025-10-20T12:25:43+00:00\",\"description\":\"Descobreix a TV3 les reflexions dels experts, incl\u00f2s Norberto Larriba Blay, sobre l\u2019impacte de les inundacions i les solucions davant la crisi clim\u00e0tica\",\"breadcrumb\":{\"@id\":\"https:\/\/www.impulsoenergia.eu\/ca\/tv3-inundacions-catalunya\/#breadcrumb\"},\"inLanguage\":\"ca\",\"potentialAction\":[{\"@type\":\"ReadAction\",\"target\":[\"https:\/\/www.impulsoenergia.eu\/ca\/tv3-inundacions-catalunya\/\"]}]},{\"@type\":\"ImageObject\",\"inLanguage\":\"ca\",\"@id\":\"https:\/\/www.impulsoenergia.eu\/ca\/tv3-inundacions-catalunya\/#primaryimage\",\"url\":\"https:\/\/www.impulsoenergia.eu\/custom\/uploads\/2025\/10\/IMG_0671-scaled.jpg\",\"contentUrl\":\"https:\/\/www.impulsoenergia.eu\/custom\/uploads\/2025\/10\/IMG_0671-scaled.jpg\",\"width\":2560,\"height\":1920,\"caption\":\"Entrevista a Norberto Larriba Blay, sobre el impacto de las inundaciones y las soluciones ante la crisis clim\u00e1tica.\"},{\"@type\":\"BreadcrumbList\",\"@id\":\"https:\/\/www.impulsoenergia.eu\/ca\/tv3-inundacions-catalunya\/#breadcrumb\",\"itemListElement\":[{\"@type\":\"ListItem\",\"position\":1,\"name\":\"Portada\",\"item\":\"https:\/\/www.impulsoenergia.eu\/ca\/\"},{\"@type\":\"ListItem\",\"position\":2,\"name\":\"TV3 19\/10\/2025 &#8211; l\u2019impacte de les inundacions i les solucions davant la crisi clim\u00e0tica\"}]},{\"@type\":\"WebSite\",\"@id\":\"https:\/\/www.impulsoenergia.eu\/#website\",\"url\":\"https:\/\/www.impulsoenergia.eu\/\",\"name\":\"Impulso Energ\u00eda\",\"description\":\"Desarrollo e inversi\u00f3n en los sectores de la energ\u00eda y el agua\",\"publisher\":{\"@id\":\"https:\/\/www.impulsoenergia.eu\/#organization\"},\"potentialAction\":[{\"@type\":\"SearchAction\",\"target\":{\"@type\":\"EntryPoint\",\"urlTemplate\":\"https:\/\/www.impulsoenergia.eu\/?s={search_term_string}\"},\"query-input\":{\"@type\":\"PropertyValueSpecification\",\"valueRequired\":true,\"valueName\":\"search_term_string\"}}],\"inLanguage\":\"ca\"},{\"@type\":\"Organization\",\"@id\":\"https:\/\/www.impulsoenergia.eu\/#organization\",\"name\":\"Impulso Energ\u00eda\",\"url\":\"https:\/\/www.impulsoenergia.eu\/\",\"logo\":{\"@type\":\"ImageObject\",\"inLanguage\":\"ca\",\"@id\":\"https:\/\/www.impulsoenergia.eu\/#\/schema\/logo\/image\/\",\"url\":\"https:\/\/www.impulsoenergia.eu\/custom\/uploads\/2022\/09\/logo-impulso.jpg\",\"contentUrl\":\"https:\/\/www.impulsoenergia.eu\/custom\/uploads\/2022\/09\/logo-impulso.jpg\",\"width\":232,\"height\":75,\"caption\":\"Impulso Energ\u00eda\"},\"image\":{\"@id\":\"https:\/\/www.impulsoenergia.eu\/#\/schema\/logo\/image\/\"}},{\"@type\":\"Person\",\"@id\":\"https:\/\/www.impulsoenergia.eu\/#\/schema\/person\/e583955678f0a64694f6b34c7d147ad4\",\"name\":\"mariana\",\"image\":{\"@type\":\"ImageObject\",\"inLanguage\":\"ca\",\"@id\":\"https:\/\/www.impulsoenergia.eu\/#\/schema\/person\/image\/\",\"url\":\"https:\/\/secure.gravatar.com\/avatar\/22f14bf6d28fc4a5972fd4fda110270f8a2632aa691ec6aabd56edead8aa750e?s=96&d=mm&r=g\",\"contentUrl\":\"https:\/\/secure.gravatar.com\/avatar\/22f14bf6d28fc4a5972fd4fda110270f8a2632aa691ec6aabd56edead8aa750e?s=96&d=mm&r=g\",\"caption\":\"mariana\"},\"url\":\"https:\/\/www.impulsoenergia.eu\/ca\/author\/mariana\/\"}]}<\/script>\n<!-- \/ Yoast SEO plugin. -->","yoast_head_json":{"title":"Impacte de inundacions i solucions davan la crisi clim\u00e0tica - TV3- Impulso Energ\u00eda","description":"Descobreix a TV3 les reflexions dels experts, incl\u00f2s Norberto Larriba Blay, sobre l\u2019impacte de les inundacions i les solucions davant la crisi clim\u00e0tica","robots":{"index":"index","follow":"follow","max-snippet":"max-snippet:-1","max-image-preview":"max-image-preview:large","max-video-preview":"max-video-preview:-1"},"canonical":"https:\/\/www.impulsoenergia.eu\/ca\/tv3-inundacions-catalunya\/","og_locale":"ca_ES","og_type":"article","og_title":"Impacte de inundacions i solucions davan la crisi clim\u00e0tica - TV3- Impulso Energ\u00eda","og_description":"Descobreix a TV3 les reflexions dels experts, incl\u00f2s Norberto Larriba Blay, sobre l\u2019impacte de les inundacions i les solucions davant la crisi clim\u00e0tica","og_url":"https:\/\/www.impulsoenergia.eu\/ca\/tv3-inundacions-catalunya\/","og_site_name":"Impulso Energ\u00eda","article_published_time":"2025-10-20T12:04:43+00:00","article_modified_time":"2025-10-20T12:25:43+00:00","og_image":[{"width":2560,"height":1920,"url":"https:\/\/www.impulsoenergia.eu\/custom\/uploads\/2025\/10\/IMG_0671-scaled.jpg","type":"image\/jpeg"}],"author":"mariana","twitter_card":"summary_large_image","twitter_misc":{"Written by":"mariana","Est. reading time":"1 minute"},"schema":{"@context":"https:\/\/schema.org","@graph":[{"@type":"Article","@id":"https:\/\/www.impulsoenergia.eu\/ca\/tv3-inundacions-catalunya\/#article","isPartOf":{"@id":"https:\/\/www.impulsoenergia.eu\/ca\/tv3-inundacions-catalunya\/"},"author":{"name":"mariana","@id":"https:\/\/www.impulsoenergia.eu\/#\/schema\/person\/e583955678f0a64694f6b34c7d147ad4"},"headline":"TV3 19\/10\/2025 &#8211; l\u2019impacte de les inundacions i les solucions davant la crisi clim\u00e0tica","datePublished":"2025-10-20T12:04:43+00:00","dateModified":"2025-10-20T12:25:43+00:00","mainEntityOfPage":{"@id":"https:\/\/www.impulsoenergia.eu\/ca\/tv3-inundacions-catalunya\/"},"wordCount":126,"publisher":{"@id":"https:\/\/www.impulsoenergia.eu\/#organization"},"image":{"@id":"https:\/\/www.impulsoenergia.eu\/ca\/tv3-inundacions-catalunya\/#primaryimage"},"thumbnailUrl":"https:\/\/www.impulsoenergia.eu\/custom\/uploads\/2025\/10\/IMG_0671-scaled.jpg","articleSection":["Impulso en los medios","Not\u00edcies sector"],"inLanguage":"ca"},{"@type":"WebPage","@id":"https:\/\/www.impulsoenergia.eu\/ca\/tv3-inundacions-catalunya\/","url":"https:\/\/www.impulsoenergia.eu\/ca\/tv3-inundacions-catalunya\/","name":"Impacte de inundacions i solucions davan la crisi clim\u00e0tica - TV3- Impulso Energ\u00eda","isPartOf":{"@id":"https:\/\/www.impulsoenergia.eu\/#website"},"primaryImageOfPage":{"@id":"https:\/\/www.impulsoenergia.eu\/ca\/tv3-inundacions-catalunya\/#primaryimage"},"image":{"@id":"https:\/\/www.impulsoenergia.eu\/ca\/tv3-inundacions-catalunya\/#primaryimage"},"thumbnailUrl":"https:\/\/www.impulsoenergia.eu\/custom\/uploads\/2025\/10\/IMG_0671-scaled.jpg","datePublished":"2025-10-20T12:04:43+00:00","dateModified":"2025-10-20T12:25:43+00:00","description":"Descobreix a TV3 les reflexions dels experts, incl\u00f2s Norberto Larriba Blay, sobre l\u2019impacte de les inundacions i les solucions davant la crisi clim\u00e0tica","breadcrumb":{"@id":"https:\/\/www.impulsoenergia.eu\/ca\/tv3-inundacions-catalunya\/#breadcrumb"},"inLanguage":"ca","potentialAction":[{"@type":"ReadAction","target":["https:\/\/www.impulsoenergia.eu\/ca\/tv3-inundacions-catalunya\/"]}]},{"@type":"ImageObject","inLanguage":"ca","@id":"https:\/\/www.impulsoenergia.eu\/ca\/tv3-inundacions-catalunya\/#primaryimage","url":"https:\/\/www.impulsoenergia.eu\/custom\/uploads\/2025\/10\/IMG_0671-scaled.jpg","contentUrl":"https:\/\/www.impulsoenergia.eu\/custom\/uploads\/2025\/10\/IMG_0671-scaled.jpg","width":2560,"height":1920,"caption":"Entrevista a Norberto Larriba Blay, sobre el impacto de las inundaciones y las soluciones ante la crisis clim\u00e1tica."},{"@type":"BreadcrumbList","@id":"https:\/\/www.impulsoenergia.eu\/ca\/tv3-inundacions-catalunya\/#breadcrumb","itemListElement":[{"@type":"ListItem","position":1,"name":"Portada","item":"https:\/\/www.impulsoenergia.eu\/ca\/"},{"@type":"ListItem","position":2,"name":"TV3 19\/10\/2025 &#8211; l\u2019impacte de les inundacions i les solucions davant la crisi clim\u00e0tica"}]},{"@type":"WebSite","@id":"https:\/\/www.impulsoenergia.eu\/#website","url":"https:\/\/www.impulsoenergia.eu\/","name":"Impulso Energ\u00eda","description":"Desarrollo e inversi\u00f3n en los sectores de la energ\u00eda y el agua","publisher":{"@id":"https:\/\/www.impulsoenergia.eu\/#organization"},"potentialAction":[{"@type":"SearchAction","target":{"@type":"EntryPoint","urlTemplate":"https:\/\/www.impulsoenergia.eu\/?s={search_term_string}"},"query-input":{"@type":"PropertyValueSpecification","valueRequired":true,"valueName":"search_term_string"}}],"inLanguage":"ca"},{"@type":"Organization","@id":"https:\/\/www.impulsoenergia.eu\/#organization","name":"Impulso Energ\u00eda","url":"https:\/\/www.impulsoenergia.eu\/","logo":{"@type":"ImageObject","inLanguage":"ca","@id":"https:\/\/www.impulsoenergia.eu\/#\/schema\/logo\/image\/","url":"https:\/\/www.impulsoenergia.eu\/custom\/uploads\/2022\/09\/logo-impulso.jpg","contentUrl":"https:\/\/www.impulsoenergia.eu\/custom\/uploads\/2022\/09\/logo-impulso.jpg","width":232,"height":75,"caption":"Impulso Energ\u00eda"},"image":{"@id":"https:\/\/www.impulsoenergia.eu\/#\/schema\/logo\/image\/"}},{"@type":"Person","@id":"https:\/\/www.impulsoenergia.eu\/#\/schema\/person\/e583955678f0a64694f6b34c7d147ad4","name":"mariana","image":{"@type":"ImageObject","inLanguage":"ca","@id":"https:\/\/www.impulsoenergia.eu\/#\/schema\/person\/image\/","url":"https:\/\/secure.gravatar.com\/avatar\/22f14bf6d28fc4a5972fd4fda110270f8a2632aa691ec6aabd56edead8aa750e?s=96&d=mm&r=g","contentUrl":"https:\/\/secure.gravatar.com\/avatar\/22f14bf6d28fc4a5972fd4fda110270f8a2632aa691ec6aabd56edead8aa750e?s=96&d=mm&r=g","caption":"mariana"},"url":"https:\/\/www.impulsoenergia.eu\/ca\/author\/mariana\/"}]}},"_links":{"self":[{"href":"https:\/\/www.impulsoenergia.eu\/ca\/wp-json\/wp\/v2\/posts\/1782","targetHints":{"allow":["GET"]}}],"collection":[{"href":"https:\/\/www.impulsoenergia.eu\/ca\/wp-json\/wp\/v2\/posts"}],"about":[{"href":"https:\/\/www.impulsoenergia.eu\/ca\/wp-json\/wp\/v2\/types\/post"}],"author":[{"embeddable":true,"href":"https:\/\/www.impulsoenergia.eu\/ca\/wp-json\/wp\/v2\/users\/2"}],"replies":[{"embeddable":true,"href":"https:\/\/www.impulsoenergia.eu\/ca\/wp-json\/wp\/v2\/comments?post=1782"}],"version-history":[{"count":1,"href":"https:\/\/www.impulsoenergia.eu\/ca\/wp-json\/wp\/v2\/posts\/1782\/revisions"}],"predecessor-version":[{"id":1784,"href":"https:\/\/www.impulsoenergia.eu\/ca\/wp-json\/wp\/v2\/posts\/1782\/revisions\/1784"}],"wp:featuredmedia":[{"embeddable":true,"href":"https:\/\/www.impulsoenergia.eu\/ca\/wp-json\/wp\/v2\/media\/1778"}],"wp:attachment":[{"href":"https:\/\/www.impulsoenergia.eu\/ca\/wp-json\/wp\/v2\/media?parent=1782"}],"wp:term":[{"taxonomy":"category","embeddable":true,"href":"https:\/\/www.impulsoenergia.eu\/ca\/wp-json\/wp\/v2\/categories?post=1782"}],"curies":[{"name":"wp","href":"https:\/\/api.w.org\/{rel}","templated":true}]}}